

{"id":30303,"date":"2017-08-07T06:46:19","date_gmt":"2017-08-07T09:46:19","guid":{"rendered":"https:\/\/portalfloresnoar.com\/floresnoar\/?p=30303"},"modified":"2017-10-14T16:39:00","modified_gmt":"2017-10-14T19:39:00","slug":"agenda-pe-encontros-ciclicas-mulheres-em-roda-tem-inicio-dia-258-com-laura-tamiana-no-recife","status":"publish","type":"post","link":"https:\/\/portalfloresnoar.com\/floresnoar\/agenda-pe-encontros-ciclicas-mulheres-em-roda-tem-inicio-dia-258-com-laura-tamiana-no-recife\/","title":{"rendered":"[AGENDA PE] Encontro &#8216;C\u00edclicas &#8211; mulheres em roda&#8217;, dia 13\/10, no Recife"},"content":{"rendered":"<p><img decoding=\"async\" loading=\"lazy\" class=\"aligncenter wp-image-31116\" src=\"http:\/\/portalfloresnoar.com\/floresnoar\/wp-content\/uploads\/2017\/09\/c\u00edclicas.jpg\" alt=\"\" width=\"641\" height=\"641\" srcset=\"https:\/\/portalfloresnoar.com\/floresnoar\/wp-content\/uploads\/2017\/09\/c\u00edclicas.jpg 700w, https:\/\/portalfloresnoar.com\/floresnoar\/wp-content\/uploads\/2017\/09\/c\u00edclicas-150x150.jpg 150w, https:\/\/portalfloresnoar.com\/floresnoar\/wp-content\/uploads\/2017\/09\/c\u00edclicas-300x300.jpg 300w, https:\/\/portalfloresnoar.com\/floresnoar\/wp-content\/uploads\/2017\/09\/c\u00edclicas-100x100.jpg 100w\" sizes=\"(max-width: 641px) 100vw, 641px\" \/><\/p>\n<p>&nbsp;<\/p>\n<p>A artista e consteladora Laura Tamiana est\u00e1 realizando o &#8216;C\u00edclicas &#8211; mulheres em roda&#8217;, ciclo de 7 encontros para recordar, aprofundar e celebrar a natureza c\u00edclica feminina, revelando e liberando bloqueios e potencializando a energia criativa, por meio de viv\u00eancias com a constela\u00e7\u00e3o sist\u00eamica, cantos, movimentos, trabalho com imagens, visualiza\u00e7\u00f5es e a pr\u00f3pria magia ancestral de estar em roda entre mulheres. \u00c9 poss\u00edvel participara de apenas um encontro, ou de quantos quiser.\u00a0O investimento por encontro \u00e9 de R$ 50,00.\u00a0<strong>A pr\u00f3xima roda ser\u00e1 no dia 13 de outubro (sexta), das 19h \u00e0s 22h.\u00a0<\/strong><\/p>\n<p>&#8220;Visitaremos o tempo do aprofundamento, da escuta interna, da noite, da intui\u00e7\u00e3o e do mist\u00e9rio. Do vazio criativo, do escuro de onde surge a luz, da renova\u00e7\u00e3o, do enraizar pra brotar de novo. \u00daltimo encontro desse primeiro giro, ser\u00e1 tempo de fechamento de um ciclo, significando abertura de novos ciclos&#8221;, explica Laura Tamiana, condutora da roda.<\/p>\n<p><em><strong>&#8216;C\u00edclicas &#8211; mulheres em roda&#8217;, \u00a0por Laura Tamiana<\/strong><\/em><br \/>\n<em>Tudo que \u00e9 vivo se move em ciclos. Tudo o que \u00e9 vivo um dia existe em potencial, nasce, cresce, amadurece, envelhece e morre, pra renascer.<\/em><\/p>\n<p><em>Assim s\u00e3o nossos ciclos de vida, os ciclos das plantas, dos bichos. O ciclo de cada dia, das esta\u00e7\u00f5es, da lua. A luna\u00e7\u00e3o das mulheres, uma gesta\u00e7\u00e3o. O preparar o terreno, plantar, cuidar, colher e guardar as sementes. O sangue circulando nos corpos, a \u00e1gua do planeta. Nossos relacionamentos, nossos projetos, a manifesta\u00e7\u00e3o da energia criativa. Tudo c\u00edclico. E dentro de cada ciclo, outros ciclos. H\u00e1 uma intelig\u00eancia nesse movimento, que \u00e9 geradora de vida e est\u00e1 totalmente dispon\u00edvel pra n\u00f3s. N\u00e3o \u00e9 necess\u00e1rio aprender, s\u00f3 recordar. Recordar \u00e9 trazer de novo o cora\u00e7\u00e3o. E quando, com o cora\u00e7\u00e3o, retornamos a esse movimento, conscientes, abrimos espa\u00e7o para sermos tudo que somos, com toda nossa singularidade. E voltamos a fluir e a nos expressar em comunh\u00e3o com tudo o que \u00e9 vivo.<\/em><\/p>\n<p><em>Neste trabalho percorremos juntas um ciclo, cada encontro enfocando momentos diferentes desse movimento: do vazio criativo que contem um potencial, passando pelo in\u00edcio, crescimento, exalta\u00e7\u00e3o, dissemina\u00e7\u00e3o, morte natural e renova\u00e7\u00e3o, at\u00e9 o vazio criativo novamente. Tomar consci\u00eancia desse movimento c\u00edclico \u00e9 um primeiro passo para limpar o caminho do rio. A\u00ed iremos juntas identificando bloqueios, barragens, \u00e1reas que ficaram secas, outras que se inundaram, umas que visitamos sempre, outras em que nunca nos permitimos estar&#8230; tomar os recados e liberar, deixando o curso do rio livre de novo pra esse fluir da vida, da vida criativa que somos.<\/em><\/p>\n<p>SOBRE A FACILITADORA<br \/>\n<strong>Laura Tamiana<\/strong> \u00e9 artista e consteladora. Formada em Constela\u00e7\u00e3o Sist\u00eamica pelo Instituto Constelar, de Ana da Fonte, Recife-PE. Como artista, trabalha com artes visuais, cinema, m\u00fasica e dan\u00e7a e tem como um dos seus motes principais de cria\u00e7\u00e3o o encontro \u2013 interior e exterior \u2013, especialmente manifestado no olhar sobre o feminino e a natureza. Entre suas cria\u00e7\u00f5es est\u00e3o Retrato: substantivo feminino, uma cria\u00e7\u00e3o coletiva em foto e v\u00eddeo envolvendo mulheres de diferentes gera\u00e7\u00f5es ligadas a manifesta\u00e7\u00f5es culturais tradicionais no Brasil, realizado em parceria com Tatiana Devos Gentile (<a href=\"http:\/\/retrato-substantivofeminino.blogspot.com.br\/\" target=\"_blank\" rel=\"noopener\">retrato-substantivofeminino.blogspot.com<\/a>), C\u00e9u e Terra, um di\u00e1logo entre as artes visuais e a Permacultura, fruto de sua rela\u00e7\u00e3o com um s\u00edtio no sert\u00e3o da Bahia (<a href=\"https:\/\/projetoceueterra.com\/\" target=\"_blank\" rel=\"noopener\">www.projetoceueterra.com<\/a>), do qual faz parte o document\u00e1rio &#8220;Por que n\u00e3o o Para\u00edso?&#8221; (<a href=\"https:\/\/youtu.be\/gS-EgCmW_Cc\" target=\"_blank\" rel=\"noopener\">https:\/\/youtu.be\/gS-EgCmW_Cc<\/a>) e Tinta Viva, pinturas com sangue menstrual. Como consteladora, atende tamb\u00e9m em consult\u00f3rio.<\/p>\n<p><strong>C\u00edclicas &#8211; mulheres em roda<\/strong><br \/>\n<strong>Pr\u00f3ximo encontro:<\/strong>\u00a0 15\/09\/2017<br \/>\n<strong>Hor\u00e1rio:<\/strong> 19h \u00e0s 22h<br \/>\n<strong>Local:<\/strong> Atma &#8211; Yoga Integral e Terapias &#8211; Rua do Chacon, 106, Po\u00e7o da Panela, Recife\/PE<\/p>\n<p><strong>Valores:<\/strong><br \/>\n50,00 cada encontro avulso<\/p>\n<p><strong>Informa\u00e7\u00f5es e inscri\u00e7\u00f5es:<\/strong><br \/>\nlauratamiana@gmail.com<br \/>\n(81) 99288.0041<\/p>\n<p><strong>Evento no Facebook:<\/strong>\u00a0<a href=\"https:\/\/www.facebook.com\/events\/854411358040831\/\" target=\"_blank\" rel=\"noopener\">https:\/\/www.facebook.com\/events\/854411358040831\/<\/a><\/p>\n","protected":false},"excerpt":{"rendered":"<p>&nbsp; A artista e consteladora Laura Tamiana est\u00e1 realizando o &#8216;C\u00edclicas &#8211; mulheres em roda&#8217;, ciclo de 7 encontros para recordar, aprofundar e celebrar a natureza c\u00edclica feminina, revelando e liberando bloqueios e potencializando a energia criativa, por meio de viv\u00eancias com a constela\u00e7\u00e3o sist\u00eamica, cantos, movimentos, trabalho com imagens, visualiza\u00e7\u00f5es e a pr\u00f3pria magia [&hellip;]<\/p>\n","protected":false},"author":1,"featured_media":31117,"comment_status":"open","ping_status":"open","sticky":false,"template":"","format":"standard","meta":{"om_disable_all_campaigns":false,"_monsterinsights_skip_tracking":false,"_monsterinsights_sitenote_active":false,"_monsterinsights_sitenote_note":"","_monsterinsights_sitenote_category":0,"footnotes":""},"categories":[8,214],"tags":[358,238,304],"acf":[],"publishpress_future_action":{"enabled":false,"date":"1969-12-31 21:00:00","action":"","terms":[],"taxonomy":"","browser_timezone_offset":0},"_links":{"self":[{"href":"https:\/\/portalfloresnoar.com\/floresnoar\/wp-json\/wp\/v2\/posts\/30303"}],"collection":[{"href":"https:\/\/portalfloresnoar.com\/floresnoar\/wp-json\/wp\/v2\/posts"}],"about":[{"href":"https:\/\/portalfloresnoar.com\/floresnoar\/wp-json\/wp\/v2\/types\/post"}],"author":[{"embeddable":true,"href":"https:\/\/portalfloresnoar.com\/floresnoar\/wp-json\/wp\/v2\/users\/1"}],"replies":[{"embeddable":true,"href":"https:\/\/portalfloresnoar.com\/floresnoar\/wp-json\/wp\/v2\/comments?post=30303"}],"version-history":[{"count":0,"href":"https:\/\/portalfloresnoar.com\/floresnoar\/wp-json\/wp\/v2\/posts\/30303\/revisions"}],"wp:featuredmedia":[{"embeddable":true,"href":"https:\/\/portalfloresnoar.com\/floresnoar\/wp-json\/wp\/v2\/media\/31117"}],"wp:attachment":[{"href":"https:\/\/portalfloresnoar.com\/floresnoar\/wp-json\/wp\/v2\/media?parent=30303"}],"wp:term":[{"taxonomy":"category","embeddable":true,"href":"https:\/\/portalfloresnoar.com\/floresnoar\/wp-json\/wp\/v2\/categories?post=30303"},{"taxonomy":"post_tag","embeddable":true,"href":"https:\/\/portalfloresnoar.com\/floresnoar\/wp-json\/wp\/v2\/tags?post=30303"}],"curies":[{"name":"wp","href":"https:\/\/api.w.org\/{rel}","templated":true}]}}