

{"id":30292,"date":"2017-06-16T16:02:23","date_gmt":"2017-06-16T19:02:23","guid":{"rendered":"https:\/\/portalfloresnoar.com\/floresnoar\/?p=30292"},"modified":"2017-08-28T19:09:54","modified_gmt":"2017-08-28T22:09:54","slug":"agenda-pe-workshop-sobre-coaching-sistemico-sera-realizado-dias-26-e-278-em-olinda","status":"publish","type":"post","link":"https:\/\/portalfloresnoar.com\/floresnoar\/agenda-pe-workshop-sobre-coaching-sistemico-sera-realizado-dias-26-e-278-em-olinda\/","title":{"rendered":"[AGENDA PE] Workshop sobre Coaching Sist\u00eamico ser\u00e1 realizado dias 26 e 27\/8 em Olinda"},"content":{"rendered":"<p><img decoding=\"async\" loading=\"lazy\" class=\"aligncenter size-full wp-image-30293\" src=\"https:\/\/portalfloresnoar.com\/floresnoar\/wp-content\/uploads\/2017\/08\/coaching-sistemico_foto-enviada-por-leda.png\" alt=\"\" width=\"719\" height=\"452\" srcset=\"https:\/\/portalfloresnoar.com\/floresnoar\/wp-content\/uploads\/2017\/08\/coaching-sistemico_foto-enviada-por-leda.png 719w, https:\/\/portalfloresnoar.com\/floresnoar\/wp-content\/uploads\/2017\/08\/coaching-sistemico_foto-enviada-por-leda-300x189.png 300w, https:\/\/portalfloresnoar.com\/floresnoar\/wp-content\/uploads\/2017\/08\/coaching-sistemico_foto-enviada-por-leda-700x440.png 700w\" sizes=\"(max-width: 719px) 100vw, 719px\" \/><\/p>\n<p>O Girassol Espa\u00e7o Terap\u00eautico, em Olinda, realiza nos dias 26 e 27 de agosto de 2017, o &#8216;Workshop Coaching Sist\u00eamico\/2017 \u2013 Um caminho sist\u00eamico em busca de voc\u00ea&#8217;, facilitado pelas coachs e terapeutas Sist\u00eamicas L\u00eada Nascimento e L\u00eddia Albuquerque. Ser\u00e3o dois dias de imers\u00e3o, onde os participantes ir\u00e3o mergulhar na busca de seus objetivos de vida.<\/p>\n<p>No s\u00e1bado (26\/8), o encontro ser\u00e1 das 9h \u00e0s 17h, e no domingo (27\/8), das 9h \u00e0s 13h. O valor do investimento \u00e9 de R$ 280,00. A realiza\u00e7\u00e3o \u00e9 da Solu\u00e7\u00e3o Consultoria &amp; Desenvolvimento Humano e do Girassol Espa\u00e7o Terap\u00eautico.<\/p>\n<p>&#8216;Porque algumas pessoas, mesmo com todas as possibilidades e qualidades, buscando orienta\u00e7\u00e3o atrav\u00e9s de t\u00e9cnicas modernas como o\u00a0Coaching, n\u00e3o conseguem se desenvolver pessoalmente e profissionalmente e atingir suas metas?&#8217; Foi a partir desse questionamento que L\u00eada Nascimento e L\u00eddia Albuquerque desenvolveram o\u00a0Coaching\u00a0Sist\u00eamico, unindo em um programa de desenvolvimento humano a metodologia do Coaching e as t\u00e9cnicas terapeutas da Constela\u00e7\u00e3o sist\u00eamica Familiar. O programa\u00a0conduz o participante a auto avalia\u00e7\u00e3o e reflex\u00e3o de vida e prop\u00f3sito, levando-o \u00e0 tomada de consci\u00eancia dos impedimentos e tratando seus campos de for\u00e7a energ\u00e9ticos, atrav\u00e9s da cura\u00a0sist\u00eamica.<\/p>\n<p>&#8220;O objetivo do Coaching Sist\u00eamico \u00e9 possibilitar que encontremos as condi\u00e7\u00f5es de atingir nossas metas de vida, sejam elas pessoais ou profissionais. \u00c9 um programa que tem como metodologia principal o comportamento\u00a0sist\u00eamico, partindo do princ\u00edpio de que, para atingir nossas metas, \u00e9 necess\u00e1rio olhar primeiro para nosso sistema, para as nossas origens, nesse caso a fam\u00edlia&#8221;, explicam as terapeutas.<\/p>\n<p><strong>Workshop Coaching Sist\u00eamico, com L\u00eada Nascimento e L\u00eddia Albuquerque<\/strong><br \/>\n<strong>Quando:<\/strong> dias 26 e 27 de agosto de 2017<br \/>\n<strong>Hor\u00e1rio:<\/strong> s\u00e1bado, das 9h \u00e0s 17h \/ domingo, das 9h \u00e0s 13h<br \/>\n<strong>Local:<\/strong> Girassol Espa\u00e7o Terap\u00eautico, Rua S\u00e3o Jo\u00e3o Batista, 219, Jd. Atl\u00e2ntico, Olinda\/PE<br \/>\n<strong>Investimento:\u00a0<\/strong> R$ 280,00 (s\u00e3o aceitos todos os cart\u00f5es de cr\u00e9dito)<\/p>\n<p><strong>Inscri\u00e7\u00f5es e mais informa\u00e7\u00f5es:<\/strong> (81) 3061.1252 \/ 99955.3032 \/ 98703.9554<\/p>\n<p><em><strong>Realiza\u00e7\u00e3o:<\/strong> Solu\u00e7\u00e3o Consultoria &amp; Desenvolvimento Humano e Girassol Espa\u00e7o Terap\u00eautico<\/em><\/p>\n","protected":false},"excerpt":{"rendered":"<p>O Girassol Espa\u00e7o Terap\u00eautico, em Olinda, realiza nos dias 26 e 27 de agosto de 2017, o &#8216;Workshop Coaching Sist\u00eamico\/2017 \u2013 Um caminho sist\u00eamico em busca de voc\u00ea&#8217;, facilitado pelas coachs e terapeutas Sist\u00eamicas L\u00eada Nascimento e L\u00eddia Albuquerque. Ser\u00e3o dois dias de imers\u00e3o, onde os participantes ir\u00e3o mergulhar na busca de seus objetivos de [&hellip;]<\/p>\n","protected":false},"author":1,"featured_media":30294,"comment_status":"open","ping_status":"open","sticky":false,"template":"","format":"standard","meta":{"om_disable_all_campaigns":false,"_monsterinsights_skip_tracking":false,"_monsterinsights_sitenote_active":false,"_monsterinsights_sitenote_note":"","_monsterinsights_sitenote_category":0,"footnotes":""},"categories":[8,214],"tags":[136,119,515],"acf":[],"publishpress_future_action":{"enabled":false,"date":"1969-12-31 21:00:00","action":"","terms":[],"taxonomy":"","browser_timezone_offset":0},"_links":{"self":[{"href":"https:\/\/portalfloresnoar.com\/floresnoar\/wp-json\/wp\/v2\/posts\/30292"}],"collection":[{"href":"https:\/\/portalfloresnoar.com\/floresnoar\/wp-json\/wp\/v2\/posts"}],"about":[{"href":"https:\/\/portalfloresnoar.com\/floresnoar\/wp-json\/wp\/v2\/types\/post"}],"author":[{"embeddable":true,"href":"https:\/\/portalfloresnoar.com\/floresnoar\/wp-json\/wp\/v2\/users\/1"}],"replies":[{"embeddable":true,"href":"https:\/\/portalfloresnoar.com\/floresnoar\/wp-json\/wp\/v2\/comments?post=30292"}],"version-history":[{"count":0,"href":"https:\/\/portalfloresnoar.com\/floresnoar\/wp-json\/wp\/v2\/posts\/30292\/revisions"}],"wp:featuredmedia":[{"embeddable":true,"href":"https:\/\/portalfloresnoar.com\/floresnoar\/wp-json\/wp\/v2\/media\/30294"}],"wp:attachment":[{"href":"https:\/\/portalfloresnoar.com\/floresnoar\/wp-json\/wp\/v2\/media?parent=30292"}],"wp:term":[{"taxonomy":"category","embeddable":true,"href":"https:\/\/portalfloresnoar.com\/floresnoar\/wp-json\/wp\/v2\/categories?post=30292"},{"taxonomy":"post_tag","embeddable":true,"href":"https:\/\/portalfloresnoar.com\/floresnoar\/wp-json\/wp\/v2\/tags?post=30292"}],"curies":[{"name":"wp","href":"https:\/\/api.w.org\/{rel}","templated":true}]}}