

{"id":30269,"date":"2017-08-15T12:40:37","date_gmt":"2017-08-15T15:40:37","guid":{"rendered":"https:\/\/portalfloresnoar.com\/floresnoar\/?p=30269"},"modified":"2022-04-30T11:11:10","modified_gmt":"2022-04-30T14:11:10","slug":"cozinha-sem-fronteiras-meu-pe-de-manjericao","status":"publish","type":"post","link":"https:\/\/portalfloresnoar.com\/floresnoar\/cozinha-sem-fronteiras-meu-pe-de-manjericao\/","title":{"rendered":"[COZINHA SEM FRONTEIRAS] Meu P\u00e9 de Manjeric\u00e3o"},"content":{"rendered":"<figure id=\"attachment_30271\" aria-describedby=\"caption-attachment-30271\" style=\"width: 700px\" class=\"wp-caption aligncenter\"><img decoding=\"async\" loading=\"lazy\" class=\"wp-image-30271 size-full\" src=\"https:\/\/portalfloresnoar.com\/floresnoar\/wp-content\/uploads\/2017\/08\/manjericao-Foto-Daniele-Santos-2.jpeg\" alt=\"\" width=\"700\" height=\"525\" srcset=\"https:\/\/portalfloresnoar.com\/floresnoar\/wp-content\/uploads\/2017\/08\/manjericao-Foto-Daniele-Santos-2.jpeg 700w, https:\/\/portalfloresnoar.com\/floresnoar\/wp-content\/uploads\/2017\/08\/manjericao-Foto-Daniele-Santos-2-300x225.jpeg 300w, https:\/\/portalfloresnoar.com\/floresnoar\/wp-content\/uploads\/2017\/08\/manjericao-Foto-Daniele-Santos-2-160x120.jpeg 160w\" sizes=\"(max-width: 700px) 100vw, 700px\" \/><figcaption id=\"caption-attachment-30271\" class=\"wp-caption-text\">Foto: Daniele Santos<\/figcaption><\/figure>\n<p>| Por\u00a0<a href=\"https:\/\/www.facebook.com\/danysantosculinarista\/\" target=\"_blank\" rel=\"noopener\">Dany Santos<\/a>\u00a0|<\/p>\n<p>Na minha horta na varanda tem manjeric\u00e3o da folha mi\u00fada, roxa, verde, de v\u00e1rios tipos.<\/p>\n<p>O que essa erva \u00e9, al\u00e9m de tempero, aromatizante, com o perfume mais incr\u00edvel que eu j\u00e1 senti?! \u00c9 um rem\u00e9dio natural que combate o cansa\u00e7o, ins\u00f4nia, enxaquecas, estresse, auxilia at\u00e9 no combate contra depress\u00e3o.<\/p>\n<p>\u00c9 um ingrediente de xaropes e expectorantes, pois contribui no al\u00edvio da tosse, auxilia nos problemas respirat\u00f3rios, contra resfriados, asma, bronquites laringites, reduz a febre e o muco no peito.<\/p>\n<p>Alivia tamb\u00e9m dores de garganta fazendo um simples gargarejo com \u00e1gua fervida e as folhinhas, \u00e9 bastante eficiente.<\/p>\n<p>Melhora o sistema imunol\u00f3gico, a vis\u00e3o, pois cont\u00e9m vitamina A, tem propriedades antioxidante ben\u00e9ficas para sa\u00fade ocular. Tamb\u00e9m melhora a pele, eu reduzi rigorosamente as espinhas com uso do manjeric\u00e3o. O seu extrato ajuda eliminar as bact\u00e9rias que entope os poros.<\/p>\n<p>Tem muito mais benef\u00edcios, para sa\u00fade bucal, sistema nervoso, sistema cardiovascular.<\/p>\n<p>Sua origem vem da \u00cdndia, local onde descobriram suas propriedades altamente ben\u00e9ficas e ainda hoje \u00e9 considerada uma planta sagrada.<\/p>\n<p>De todas as ervas essa \u00e9 a minha favorita! N\u00e3o resisto o molho pesto de manjeric\u00e3o, usar as folhas na salada, no suco verde, em infinitas prepara\u00e7\u00f5es e tamb\u00e9m amo presentear as pessoas com essa plantinha m\u00e1gica da sa\u00fade.<\/p>\n<p>Tem vontade de conhecer mais e aprender a cozinhar? Fale comigo estou \u00e0 disposi\u00e7\u00e3o!<br \/>\nBeijo e at\u00e9 a pr\u00f3xima!<\/p>\n<p><img decoding=\"async\" loading=\"lazy\" class=\"wp-image-29866 alignleft\" src=\"https:\/\/portalfloresnoar.com\/floresnoar\/wp-content\/uploads\/2017\/07\/Dany-Santos.jpg\" sizes=\"(max-width: 158px) 100vw, 158px\" srcset=\"https:\/\/portalfloresnoar.com\/floresnoar\/wp-content\/uploads\/2017\/07\/Dany-Santos.jpg 389w, https:\/\/portalfloresnoar.com\/floresnoar\/wp-content\/uploads\/2017\/07\/Dany-Santos-273x300.jpg 273w\" alt=\"\" width=\"158\" height=\"174\" data-pin-nopin=\"true\" \/><\/p>\n<p>&nbsp;<\/p>\n<p><em><strong>Dany Santos<\/strong><\/em><br \/>\n<em><strong>Fone:<\/strong>\u00a0(81) 99627.2761<\/em><br \/>\n<em><strong>Fanpage:<\/strong>\u00a0<a href=\"https:\/\/www.facebook.com\/danysantosculinarista\/\" target=\"_blank\" rel=\"noopener noreferrer\">https:\/\/www.facebook.com\/danysantosculinarista\/<\/a><\/em><br \/>\n<em><strong>Instagram:<\/strong>\u00a0@danysantos_culinarista<\/em><\/p>\n","protected":false},"excerpt":{"rendered":"<p>| Por\u00a0Dany Santos\u00a0| Na minha horta na varanda tem manjeric\u00e3o da folha mi\u00fada, roxa, verde, de v\u00e1rios tipos. O que essa erva \u00e9, al\u00e9m de tempero, aromatizante, com o perfume mais incr\u00edvel que eu j\u00e1 senti?! \u00c9 um rem\u00e9dio natural que combate o cansa\u00e7o, ins\u00f4nia, enxaquecas, estresse, auxilia at\u00e9 no combate contra depress\u00e3o. \u00c9 um [&hellip;]<\/p>\n","protected":false},"author":1,"featured_media":30270,"comment_status":"open","ping_status":"open","sticky":false,"template":"","format":"standard","meta":{"om_disable_all_campaigns":false,"_monsterinsights_skip_tracking":false,"_monsterinsights_sitenote_active":false,"_monsterinsights_sitenote_note":"","_monsterinsights_sitenote_category":0,"footnotes":""},"categories":[91],"tags":[254,75,133,1164,377,168],"acf":[],"publishpress_future_action":{"enabled":false,"date":"1969-12-31 21:00:00","action":"","terms":[],"taxonomy":"","browser_timezone_offset":0},"_links":{"self":[{"href":"https:\/\/portalfloresnoar.com\/floresnoar\/wp-json\/wp\/v2\/posts\/30269"}],"collection":[{"href":"https:\/\/portalfloresnoar.com\/floresnoar\/wp-json\/wp\/v2\/posts"}],"about":[{"href":"https:\/\/portalfloresnoar.com\/floresnoar\/wp-json\/wp\/v2\/types\/post"}],"author":[{"embeddable":true,"href":"https:\/\/portalfloresnoar.com\/floresnoar\/wp-json\/wp\/v2\/users\/1"}],"replies":[{"embeddable":true,"href":"https:\/\/portalfloresnoar.com\/floresnoar\/wp-json\/wp\/v2\/comments?post=30269"}],"version-history":[{"count":0,"href":"https:\/\/portalfloresnoar.com\/floresnoar\/wp-json\/wp\/v2\/posts\/30269\/revisions"}],"wp:featuredmedia":[{"embeddable":true,"href":"https:\/\/portalfloresnoar.com\/floresnoar\/wp-json\/wp\/v2\/media\/30270"}],"wp:attachment":[{"href":"https:\/\/portalfloresnoar.com\/floresnoar\/wp-json\/wp\/v2\/media?parent=30269"}],"wp:term":[{"taxonomy":"category","embeddable":true,"href":"https:\/\/portalfloresnoar.com\/floresnoar\/wp-json\/wp\/v2\/categories?post=30269"},{"taxonomy":"post_tag","embeddable":true,"href":"https:\/\/portalfloresnoar.com\/floresnoar\/wp-json\/wp\/v2\/tags?post=30269"}],"curies":[{"name":"wp","href":"https:\/\/api.w.org\/{rel}","templated":true}]}}