

{"id":30256,"date":"2017-07-13T19:24:29","date_gmt":"2017-07-13T22:24:29","guid":{"rendered":"https:\/\/portalfloresnoar.com\/floresnoar\/?p=30256"},"modified":"2017-09-23T11:11:00","modified_gmt":"2017-09-23T14:11:00","slug":"agenda-pe-alinhamento-energetico-com-adriano-michalovicz-dia-229-no-recife","status":"publish","type":"post","link":"https:\/\/portalfloresnoar.com\/floresnoar\/agenda-pe-alinhamento-energetico-com-adriano-michalovicz-dia-229-no-recife\/","title":{"rendered":"[AGENDA PE] &#8216;Alinhamento Energ\u00e9tico&#8217; com Adriano Michalovicz dia 22\/9 no Recife"},"content":{"rendered":"<p><img decoding=\"async\" loading=\"lazy\" class=\"aligncenter size-full wp-image-30262\" src=\"https:\/\/portalfloresnoar.com\/floresnoar\/wp-content\/uploads\/2017\/08\/alinhamento-energetico.jpg\" alt=\"\" width=\"500\" height=\"705\" srcset=\"https:\/\/portalfloresnoar.com\/floresnoar\/wp-content\/uploads\/2017\/08\/alinhamento-energetico.jpg 500w, https:\/\/portalfloresnoar.com\/floresnoar\/wp-content\/uploads\/2017\/08\/alinhamento-energetico-213x300.jpg 213w, https:\/\/portalfloresnoar.com\/floresnoar\/wp-content\/uploads\/2017\/08\/alinhamento-energetico-496x700.jpg 496w\" sizes=\"(max-width: 500px) 100vw, 500px\" \/><\/p>\n<p>O musicoterapeuta e terapeuta hol\u00edstico Adriano Michalovicz (PR) oferecer\u00e1 no Recife, no dia 22 de setembro, atendimentos de Alinhamento Energ\u00e9tico com Cura Qu\u00e2ntico Estelar, Reiki e Musicoterapia.<\/p>\n<p>Segundo o terapeuta, a Cura Qu\u00e2ntica Estelar \u00e9 uma t\u00e9cnica de cura e eleva\u00e7\u00e3o vibracional, atuando na requalifica\u00e7\u00e3o dos chakras e corpos sutis, transmuta\u00e7\u00e3o de fluxos karmicos, alinhamento dos 32 corpos, reconex\u00e3o com suas estruturas ascensionais e potenciais evolutivos. &#8220;De acordo com cada situa\u00e7\u00e3o a ser trabalhada terapeuticamente, podem ser utilizadas t\u00e9cnicas complementares como Reiki, Aromaterapia, Fitoenerg\u00e9tica, massagem, pedras, Musicoterapia, medita\u00e7\u00e3o e outras pr\u00e1ticas de autoconhecimento que visam esclarecer e dar apoio \u00e0s din\u00e2micas energ\u00e9ticas do indiv\u00edduo,&#8221; explica Adriano.<\/p>\n<p>&#8220;A Energia Vital percorre todo o ser vivo naturalmente, mas, estresse, tens\u00f5es, crises pessoais e sociais, alimenta\u00e7\u00e3o e respira\u00e7\u00e3o incorretas, impedem o fluxo desta\u00a0energia natural causando bloqueios, isto \u00e9, doen\u00e7as f\u00edsicas, mentais e emocionais. Com ativa\u00e7\u00e3o, direcionamento e aplica\u00e7\u00e3o da Energia Vital Universal, podemos promover o completo equil\u00edbrio energ\u00e9tico, para a preven\u00e7\u00e3o das disfun\u00e7\u00f5es e para possibilitar o completo bem-estar.<\/p>\n<p>&#8220;No atendimento, o corpo \u00e9 tratado como um todo, alinhando a energia na din\u00e2mica corpo\/emo\u00e7\u00e3o\/mente\/esp\u00edrito, restaurando todo o organismo e promovendo sua tend\u00eancia natural a crescer e ter sa\u00fade. Traz clareza mental, expande a consci\u00eancia e desperta a auto-estima, sendo uma t\u00e9cnica eficiente para o relaxamento e redu\u00e7\u00e3o do estresse.&#8221;<\/p>\n<p>FACILITADOR<br \/>\n<strong>Adriano Michalovicz<\/strong> &#8211; Musicoterapeuta, Naturopata, Terapeuta Hol\u00edstico (Reiki, Cura Qu\u00e2ntica Estelar e Apometria), Facilitador de palestras e oficinas de Alimenta\u00e7\u00e3o Natural desde 2005. Fundador do Espa\u00e7o Prana Artes &amp; Terapias em Curitiba\/PR, que tem como objetivo difundir conhecimentos que proporcionem uma vida mais saud\u00e1vel e harmoniosa.<\/p>\n<p><strong>Local:<\/strong> Espa\u00e7o Gra\u00e7as &#8211; Rua Correa de Araujo, 69 &#8211; Gra\u00e7as &#8211; Recife\/PE<br \/>\n<strong>Data:<\/strong> 22 de setembro de 2017 (sexta), com hor\u00e1rio marcado<br \/>\n<strong>Investimento:<\/strong> R$ 150,00<\/p>\n<p><em>Obs.: Os interessados devem solicitar o agendamento e realizar pagamento de 50% mediante deposito\/ transfer\u00eancia para efetuar reserva do hor\u00e1rio.\u00a0<\/em><\/p>\n<p>MAIS INFORMA\u00c7\u00d5ES E INSCRI\u00c7\u00d5ES<br \/>\n<strong>Celular\/ whatsapp:<\/strong> (41) 9 9936 2948 (Adriano) | \u00a0(81) 9 8832 3250 (Erick)<\/p>\n<p><em>Apoio:<\/em><br \/>\n<em> Espa\u00e7o Cuidar, Portal Flores no Ar, S\u00cdtio Sete Estrelas, Prana Artes &amp; Terapias<\/em><\/p>\n","protected":false},"excerpt":{"rendered":"<p>O musicoterapeuta e terapeuta hol\u00edstico Adriano Michalovicz (PR) oferecer\u00e1 no Recife, no dia 22 de setembro, atendimentos de Alinhamento Energ\u00e9tico com Cura Qu\u00e2ntico Estelar, Reiki e Musicoterapia. Segundo o terapeuta, a Cura Qu\u00e2ntica Estelar \u00e9 uma t\u00e9cnica de cura e eleva\u00e7\u00e3o vibracional, atuando na requalifica\u00e7\u00e3o dos chakras e corpos sutis, transmuta\u00e7\u00e3o de fluxos karmicos, alinhamento [&hellip;]<\/p>\n","protected":false},"author":1,"featured_media":30263,"comment_status":"open","ping_status":"open","sticky":false,"template":"","format":"standard","meta":{"om_disable_all_campaigns":false,"_monsterinsights_skip_tracking":false,"_monsterinsights_sitenote_active":false,"_monsterinsights_sitenote_note":"","_monsterinsights_sitenote_category":0,"footnotes":""},"categories":[8,214],"tags":[325,106],"acf":[],"publishpress_future_action":{"enabled":false,"date":"1969-12-31 21:00:00","action":"","terms":[],"taxonomy":"","browser_timezone_offset":0},"_links":{"self":[{"href":"https:\/\/portalfloresnoar.com\/floresnoar\/wp-json\/wp\/v2\/posts\/30256"}],"collection":[{"href":"https:\/\/portalfloresnoar.com\/floresnoar\/wp-json\/wp\/v2\/posts"}],"about":[{"href":"https:\/\/portalfloresnoar.com\/floresnoar\/wp-json\/wp\/v2\/types\/post"}],"author":[{"embeddable":true,"href":"https:\/\/portalfloresnoar.com\/floresnoar\/wp-json\/wp\/v2\/users\/1"}],"replies":[{"embeddable":true,"href":"https:\/\/portalfloresnoar.com\/floresnoar\/wp-json\/wp\/v2\/comments?post=30256"}],"version-history":[{"count":0,"href":"https:\/\/portalfloresnoar.com\/floresnoar\/wp-json\/wp\/v2\/posts\/30256\/revisions"}],"wp:featuredmedia":[{"embeddable":true,"href":"https:\/\/portalfloresnoar.com\/floresnoar\/wp-json\/wp\/v2\/media\/30263"}],"wp:attachment":[{"href":"https:\/\/portalfloresnoar.com\/floresnoar\/wp-json\/wp\/v2\/media?parent=30256"}],"wp:term":[{"taxonomy":"category","embeddable":true,"href":"https:\/\/portalfloresnoar.com\/floresnoar\/wp-json\/wp\/v2\/categories?post=30256"},{"taxonomy":"post_tag","embeddable":true,"href":"https:\/\/portalfloresnoar.com\/floresnoar\/wp-json\/wp\/v2\/tags?post=30256"}],"curies":[{"name":"wp","href":"https:\/\/api.w.org\/{rel}","templated":true}]}}