

{"id":30181,"date":"2017-07-02T15:00:32","date_gmt":"2017-07-02T18:00:32","guid":{"rendered":"https:\/\/portalfloresnoar.com\/floresnoar\/?p=30181"},"modified":"2017-09-18T15:02:37","modified_gmt":"2017-09-18T18:02:37","slug":"agenda-pe-rael-godoy-da-comunidade-inkiri-piracanga-realizara-encontros-e-atendimentos-de-4-a-179-no-recife","status":"publish","type":"post","link":"https:\/\/portalfloresnoar.com\/floresnoar\/agenda-pe-rael-godoy-da-comunidade-inkiri-piracanga-realizara-encontros-e-atendimentos-de-4-a-179-no-recife\/","title":{"rendered":"[AGENDA PE] Rael Godoy, da Comunidade Inkiri Piracanga, realizar\u00e1 encontros e atendimentos at\u00e9 17\/9 no Recife"},"content":{"rendered":"<p><img decoding=\"async\" loading=\"lazy\" class=\"aligncenter size-full wp-image-30180\" src=\"https:\/\/portalfloresnoar.com\/floresnoar\/wp-content\/uploads\/2017\/07\/Inkiri-Piracanga.png\" alt=\"\" width=\"600\" height=\"445\" srcset=\"https:\/\/portalfloresnoar.com\/floresnoar\/wp-content\/uploads\/2017\/07\/Inkiri-Piracanga.png 600w, https:\/\/portalfloresnoar.com\/floresnoar\/wp-content\/uploads\/2017\/07\/Inkiri-Piracanga-300x223.png 300w, https:\/\/portalfloresnoar.com\/floresnoar\/wp-content\/uploads\/2017\/07\/Inkiri-Piracanga-160x120.png 160w\" sizes=\"(max-width: 600px) 100vw, 600px\" \/><\/p>\n<p>Em setembro, Rael Godoy, da Comunidade Inkiri Piracanga, oferecer\u00e1, de 4 a 17 de setembro no Recife, \u00a0atendimentos de Leitura de Aura, retiros, encontro de leitores, curso de Medita\u00e7\u00e3o das Rosas e palestra.<\/p>\n<p>&#8220;A visita faz parte de nossas a\u00e7\u00f5es em outras cidades para podermos estar mais perto tanto de quem n\u00e3o pode nos visitar no Centro Inkiri Piracanga, quanto de quem j\u00e1 esteve aqui e deseja se aprofundar nessa experi\u00eancia, mantendo a conex\u00e3o da transforma\u00e7\u00e3o acesa&#8221;, conta Rael.<\/p>\n<p><strong>CONFIRA A PROGRAMA\u00c7\u00c3O!<\/strong><\/p>\n<p><strong>Palestra: Medita\u00e7\u00e3o das Rosas, Leitura de Aura e a Comunidade Inkiri de Piracanga<\/strong><br \/>\nFacilitadores: Rael Godoy e Pedro Camilo<br \/>\nData: 4 de setembro 19:30h<br \/>\nLocal: Recanto do Ser | Rua Costa Pinto, n119 \u2013 Encruzilhada \u2013 Recife<br \/>\nValor: contribui\u00e7\u00e3o volunt\u00e1ria<\/p>\n<p><a href=\"https:\/\/portalfloresnoar.com\/floresnoar\/agenda-pe-curso-de-iniciacao-em-meditacao-das-rosas-dia-7-de-setembro-no-recife\/\" target=\"_blank\" rel=\"noopener\"><strong>Curso de Inicia\u00e7\u00e3o em Medita\u00e7\u00e3o das Rosas<\/strong><\/a><br \/>\nNeste curso, voc\u00ea aprender\u00e1 as t\u00e9cnicas da Medita\u00e7\u00e3o das Rosas, uma medita\u00e7\u00e3o ativa de visualiza\u00e7\u00f5es que \u00e9 uma poderosa ferramenta para a limpeza da sua energia e prote\u00e7\u00e3o da sua aura.<br \/>\nFacilitador: Rael Godoy<br \/>\nData: 7 de setembro 9 \u00e0s 18h<br \/>\nLocal: Apipucos \u2013 Recife<br \/>\nValor: R$240 (inclui curso e alimenta\u00e7\u00e3o)<\/p>\n<p><a href=\"https:\/\/portalfloresnoar.com\/floresnoar\/agenda-pe-retiro-de-iniciacao-em-leitura-de-aura-de-7-a-15-de-setembro-no-recife\/\" target=\"_blank\" rel=\"noopener\"><strong>Retiro de Leitura de Aura N\u00edvel 1<\/strong><\/a><br \/>\nA Leitura de Aura \u00e9 uma ferramenta de comunica\u00e7\u00e3o de esp\u00edrito para esp\u00edrito em que nos conectamos com nossa ess\u00eancia mais sutil para trazer informa\u00e7\u00f5es sobre as din\u00e2micas que est\u00e3o atuando em nossas vidas no momento presente e, a partir disso, ter mais clareza para fazer escolhas. O participante se entrega a uma caminhada de profundo autoconhecimento que culmina no aprendizado das t\u00e9cnicas de Leitura de Aura.<br \/>\nFacilitador: Rael Godoy<br \/>\nData: 7 a 15 de setembro<br \/>\nLocal: Ecopousada Meteora | Estrada de Aldeia (PE-27) \u2013 Km 17,5<br \/>\nValor: R$2.400 (inclui curso, hospedagem e alimenta\u00e7\u00e3o)<\/p>\n<p><strong>Encontro de Leitores de Aura | Alinhamento e pr\u00e1tica<\/strong><br \/>\nFacilitador: Rael Godoy<br \/>\nData: 16 e 17 de setembro, das 9 \u00e0s 18h<br \/>\nLocal: Recanto do Ser | Rua Costa Pinto, n119 \u2013 Encruzilhada \u2013 Recife<br \/>\nValor: 16 de setembro contribui\u00e7\u00e3o volunt\u00e1ria \/ 17 de setembro R$240 (inclui curso e alimenta\u00e7\u00e3o)<br \/>\nNo primeiro dia, vamos fazer uma atualiza\u00e7\u00e3o de todas as t\u00e9cnicas e alinhamentos que aconteceram nos \u00faltimos tempos na Leitura de Aura. Pela tarde vamos praticar. No segundo dia, faremos um acompanhamento mais profundo com os Leitores, incluindo trabalho pessoal e pr\u00e1tica orientada.<\/p>\n<p><strong>Atendimentos de Leitura de Aura em Recife<\/strong><br \/>\nAtendimentos terap\u00eauticos para trazer clareza sobre o seu momento presente. De 3 a 6 de setembro.<br \/>\nContato para agendamento: rael@inkiri.com<\/p>\n<p><strong>MAIS INFORMA\u00c7\u00d5ES E INSCRI\u00c7\u00d5ES:<\/strong><br \/>\nErika Lins<br \/>\n(81) 99976-5826 (WhatsApp)<br \/>\nerikasalins@gmail.com<\/p>\n<p><strong>Evento no Facebook:\u00a0<\/strong><a href=\"https:\/\/www.facebook.com\/events\/231997330653625\" target=\"_blank\" rel=\"noopener\">https:\/\/www.facebook.com\/events\/231997330653625<\/a><\/p>\n","protected":false},"excerpt":{"rendered":"<p>Em setembro, Rael Godoy, da Comunidade Inkiri Piracanga, oferecer\u00e1, de 4 a 17 de setembro no Recife, \u00a0atendimentos de Leitura de Aura, retiros, encontro de leitores, curso de Medita\u00e7\u00e3o das Rosas e palestra. &#8220;A visita faz parte de nossas a\u00e7\u00f5es em outras cidades para podermos estar mais perto tanto de quem n\u00e3o pode nos visitar [&hellip;]<\/p>\n","protected":false},"author":1,"featured_media":30180,"comment_status":"open","ping_status":"open","sticky":false,"template":"","format":"standard","meta":{"om_disable_all_campaigns":false,"_monsterinsights_skip_tracking":false,"_monsterinsights_sitenote_active":false,"_monsterinsights_sitenote_note":"","_monsterinsights_sitenote_category":0,"footnotes":""},"categories":[8,214],"tags":[167,246,43,574,551],"acf":[],"publishpress_future_action":{"enabled":false,"date":"1969-12-31 21:00:00","action":"","terms":[],"taxonomy":"","browser_timezone_offset":0},"_links":{"self":[{"href":"https:\/\/portalfloresnoar.com\/floresnoar\/wp-json\/wp\/v2\/posts\/30181"}],"collection":[{"href":"https:\/\/portalfloresnoar.com\/floresnoar\/wp-json\/wp\/v2\/posts"}],"about":[{"href":"https:\/\/portalfloresnoar.com\/floresnoar\/wp-json\/wp\/v2\/types\/post"}],"author":[{"embeddable":true,"href":"https:\/\/portalfloresnoar.com\/floresnoar\/wp-json\/wp\/v2\/users\/1"}],"replies":[{"embeddable":true,"href":"https:\/\/portalfloresnoar.com\/floresnoar\/wp-json\/wp\/v2\/comments?post=30181"}],"version-history":[{"count":0,"href":"https:\/\/portalfloresnoar.com\/floresnoar\/wp-json\/wp\/v2\/posts\/30181\/revisions"}],"wp:featuredmedia":[{"embeddable":true,"href":"https:\/\/portalfloresnoar.com\/floresnoar\/wp-json\/wp\/v2\/media\/30180"}],"wp:attachment":[{"href":"https:\/\/portalfloresnoar.com\/floresnoar\/wp-json\/wp\/v2\/media?parent=30181"}],"wp:term":[{"taxonomy":"category","embeddable":true,"href":"https:\/\/portalfloresnoar.com\/floresnoar\/wp-json\/wp\/v2\/categories?post=30181"},{"taxonomy":"post_tag","embeddable":true,"href":"https:\/\/portalfloresnoar.com\/floresnoar\/wp-json\/wp\/v2\/tags?post=30181"}],"curies":[{"name":"wp","href":"https:\/\/api.w.org\/{rel}","templated":true}]}}