

{"id":30171,"date":"2017-06-03T19:32:23","date_gmt":"2017-06-03T22:32:23","guid":{"rendered":"https:\/\/portalfloresnoar.com\/floresnoar\/?p=30171"},"modified":"2017-09-08T11:22:22","modified_gmt":"2017-09-08T14:22:22","slug":"agenda-pe-curso-de-iniciacao-em-meditacao-das-rosas-dia-7-de-setembro-no-recife","status":"publish","type":"post","link":"https:\/\/portalfloresnoar.com\/floresnoar\/agenda-pe-curso-de-iniciacao-em-meditacao-das-rosas-dia-7-de-setembro-no-recife\/","title":{"rendered":"[AGENDA PE] Curso de Inicia\u00e7\u00e3o em Medita\u00e7\u00e3o das Rosas, dia 7 de setembro, no Recife"},"content":{"rendered":"<p><img decoding=\"async\" loading=\"lazy\" class=\" wp-image-30172 alignleft\" src=\"https:\/\/portalfloresnoar.com\/floresnoar\/wp-content\/uploads\/2017\/08\/curso-meditacao-rosas-recife.jpg\" alt=\"\" width=\"305\" height=\"222\" srcset=\"https:\/\/portalfloresnoar.com\/floresnoar\/wp-content\/uploads\/2017\/08\/curso-meditacao-rosas-recife.jpg 388w, https:\/\/portalfloresnoar.com\/floresnoar\/wp-content\/uploads\/2017\/08\/curso-meditacao-rosas-recife-300x218.jpg 300w\" sizes=\"(max-width: 305px) 100vw, 305px\" \/><\/p>\n<p>O professor de Leitura de Aura e Medita\u00e7\u00e3o das Rosas Rael Godoy, da Comunidade Inkiri Piracanga, \u00a0facilita no Recife, no dia 7 de setembro, o Curso de Inicia\u00e7\u00e3o em Medita\u00e7\u00e3o das Rosas.<\/p>\n<p>No curso, os participantes aprender\u00e3o as t\u00e9cnicas da Medita\u00e7\u00e3o das Rosas, uma medita\u00e7\u00e3o ativa de visualiza\u00e7\u00f5es que \u00e9 uma poderosa ferramenta para a limpeza da energia e prote\u00e7\u00e3o da aura.<\/p>\n<p>&nbsp;<\/p>\n<p><strong>Curso de Inicia\u00e7\u00e3o em Medita\u00e7\u00e3o das Rosas<\/strong><br \/>\n<strong>Data:<\/strong> 7 de setembro de 2017<br \/>\n<strong>Hora:<\/strong> 9h \u00e0s 18h<br \/>\n<strong>Local:<\/strong> Apipucos \u2013 Recife<br \/>\n<strong>Facilitador:<\/strong> Rael Godoy<br \/>\n<strong>Valor:<\/strong> R$ 240 (inclui curso e alimenta\u00e7\u00e3o)<\/p>\n<p><em><strong>Confira <a href=\"https:\/\/portalfloresnoar.com\/floresnoar\/agenda-pe-rael-godoy-da-comunidade-inkiri-piracanga-realizara-encontros-e-atendimentos-de-4-a-179-no-recife\/\" target=\"_blank\" rel=\"noopener\">AQUI <\/a>toda a programa\u00e7\u00e3o de Rael Godoy , de 4 a 17 de setembro, no Recife!<\/strong><\/em><\/p>\n<p><strong>Mais informa\u00e7\u00f5es e inscri\u00e7\u00f5es com Erika Lins:<\/strong><br \/>\n<em>E-mail:<\/em> erikasalins@gmail.com<br \/>\n<em>WhatsApp:<\/em> (81) 99976-5826<\/p>\n","protected":false},"excerpt":{"rendered":"<p>O professor de Leitura de Aura e Medita\u00e7\u00e3o das Rosas Rael Godoy, da Comunidade Inkiri Piracanga, \u00a0facilita no Recife, no dia 7 de setembro, o Curso de Inicia\u00e7\u00e3o em Medita\u00e7\u00e3o das Rosas. No curso, os participantes aprender\u00e3o as t\u00e9cnicas da Medita\u00e7\u00e3o das Rosas, uma medita\u00e7\u00e3o ativa de visualiza\u00e7\u00f5es que \u00e9 uma poderosa ferramenta para a [&hellip;]<\/p>\n","protected":false},"author":1,"featured_media":30261,"comment_status":"open","ping_status":"open","sticky":false,"template":"","format":"standard","meta":{"om_disable_all_campaigns":false,"_monsterinsights_skip_tracking":false,"_monsterinsights_sitenote_active":false,"_monsterinsights_sitenote_note":"","_monsterinsights_sitenote_category":0,"footnotes":""},"categories":[8,214],"tags":[167,43,574],"acf":[],"publishpress_future_action":{"enabled":false,"date":"1969-12-31 21:00:00","action":"","terms":[],"taxonomy":"","browser_timezone_offset":0},"_links":{"self":[{"href":"https:\/\/portalfloresnoar.com\/floresnoar\/wp-json\/wp\/v2\/posts\/30171"}],"collection":[{"href":"https:\/\/portalfloresnoar.com\/floresnoar\/wp-json\/wp\/v2\/posts"}],"about":[{"href":"https:\/\/portalfloresnoar.com\/floresnoar\/wp-json\/wp\/v2\/types\/post"}],"author":[{"embeddable":true,"href":"https:\/\/portalfloresnoar.com\/floresnoar\/wp-json\/wp\/v2\/users\/1"}],"replies":[{"embeddable":true,"href":"https:\/\/portalfloresnoar.com\/floresnoar\/wp-json\/wp\/v2\/comments?post=30171"}],"version-history":[{"count":0,"href":"https:\/\/portalfloresnoar.com\/floresnoar\/wp-json\/wp\/v2\/posts\/30171\/revisions"}],"wp:featuredmedia":[{"embeddable":true,"href":"https:\/\/portalfloresnoar.com\/floresnoar\/wp-json\/wp\/v2\/media\/30261"}],"wp:attachment":[{"href":"https:\/\/portalfloresnoar.com\/floresnoar\/wp-json\/wp\/v2\/media?parent=30171"}],"wp:term":[{"taxonomy":"category","embeddable":true,"href":"https:\/\/portalfloresnoar.com\/floresnoar\/wp-json\/wp\/v2\/categories?post=30171"},{"taxonomy":"post_tag","embeddable":true,"href":"https:\/\/portalfloresnoar.com\/floresnoar\/wp-json\/wp\/v2\/tags?post=30171"}],"curies":[{"name":"wp","href":"https:\/\/api.w.org\/{rel}","templated":true}]}}