

{"id":30163,"date":"2017-08-06T11:40:28","date_gmt":"2017-08-06T14:40:28","guid":{"rendered":"https:\/\/portalfloresnoar.com\/floresnoar\/?p=30163"},"modified":"2017-09-25T17:30:45","modified_gmt":"2017-09-25T20:30:45","slug":"agenda-pe-workshop-alimentacao-espiritualidade-com-adriano-michalovicz-pr-dia-239","status":"publish","type":"post","link":"https:\/\/portalfloresnoar.com\/floresnoar\/agenda-pe-workshop-alimentacao-espiritualidade-com-adriano-michalovicz-pr-dia-239\/","title":{"rendered":"[AGENDA PE] Workshop Alimenta\u00e7\u00e3o &#038; Espiritualidade, com Adriano Michalovicz (PR), dia 23\/9\/2017"},"content":{"rendered":"<p><img decoding=\"async\" loading=\"lazy\" class=\"aligncenter size-full wp-image-30164\" src=\"https:\/\/portalfloresnoar.com\/floresnoar\/wp-content\/uploads\/2017\/08\/workshop-alimentacao-e-espiritualidade.jpg\" alt=\"\" width=\"718\" height=\"374\" srcset=\"https:\/\/portalfloresnoar.com\/floresnoar\/wp-content\/uploads\/2017\/08\/workshop-alimentacao-e-espiritualidade.jpg 718w, https:\/\/portalfloresnoar.com\/floresnoar\/wp-content\/uploads\/2017\/08\/workshop-alimentacao-e-espiritualidade-300x156.jpg 300w, https:\/\/portalfloresnoar.com\/floresnoar\/wp-content\/uploads\/2017\/08\/workshop-alimentacao-e-espiritualidade-700x365.jpg 700w\" sizes=\"(max-width: 718px) 100vw, 718px\" \/><\/p>\n<p>O terapeuta Adriano Michalovicz (Curitiba\/PR)\u00a0realiza no recife, no dia 23\/9, o Workshop Alimenta\u00e7\u00e3o &amp; Espiritualidade. Ser\u00e1 um encontro te\u00f3rico com informa\u00e7\u00f5es sobre como a alimenta\u00e7\u00e3o influencia o desenvolvimento da consci\u00eancia, e de que forma se relaciona com a vida espiritual, cooperando (ou dificultando) a trajet\u00f3ria evolutiva.<\/p>\n<p>&#8220;Ensinamentos milenares dos mestres espirituais, e o entendimento moderno e cientifico, concordam que a alimenta\u00e7\u00e3o do Ser humano \u00e9 um dos principais fatores para se manter o sistema saud\u00e1vel (f\u00edsico, emocional e energ\u00e9tico)&#8221;, lembra Adriano.<\/p>\n<p><em><strong>Temas:<\/strong><\/em><br \/>\n&#8211; Anatomia Sutil: Chakras, meridianos e corpos paralelos;<br \/>\n&#8211; Alimenta\u00e7\u00e3o e Mediunidade;<br \/>\n&#8211; Mente e corpo s\u00e3o, e uma vida alinhada com a miss\u00e3o espiritual;<br \/>\n&#8211; Desequil\u00edbrios fisico-energeticos causados pela alimenta\u00e7\u00e3o;<br \/>\n&#8211; A alimenta\u00e7\u00e3o no equil\u00edbrio de nossas energias.<br \/>\n&#8211; Cuidando de si e cuidando do Planeta, em cada escolha;<br \/>\n&#8211; Grande Fraternidade Branca: Reconex\u00e3o com o Sagrado<\/p>\n<p>Facilitador: Adriano Michalovicz &#8211; Musicoterapeuta, Naturopata, Terapeuta Hol\u00edstico (Reiki, Cura Qu\u00e2ntica Estelar e Apometria), Facilitador de palestras e oficinas de Alimenta\u00e7\u00e3o Natural desde 2005. Fundador do Espa\u00e7o Prana Artes &amp; Terapias em Curitiba\/PR, que tem como objetivo difundir conhecimentos que proporcionem uma vida mais saud\u00e1vel e harmoniosa.<\/p>\n<p><strong>Local:<\/strong> Espa\u00e7o Gra\u00e7as &#8211; Rua Correa de Araujo, 69 &#8211; Gra\u00e7as &#8211; Recife\/PE<br \/>\n<strong>Data:<\/strong> 23 de setembro de 2017 (s\u00e1bado)<br \/>\nHora: Das 9h \u00e0s 13h<\/p>\n<p><strong>Investimento:<\/strong><br \/>\nR$ 60,00 (valor c\/ desconto para inscri\u00e7\u00f5es at\u00e9 10\/9)<br \/>\nR$ 80,00 (Ap\u00f3s 10\/9)<\/p>\n<p><strong>Informa\u00e7\u00f5es e Inscri\u00e7\u00f5es:<\/strong><br \/>\nCelular\/ whatsapp (41) 9 9936 2948 (Adriano) \/ (81) 9 8832 3250 (Erick)<\/p>\n<p><strong>Apoio:<\/strong><br \/>\nEspa\u00e7o Cuidar, Portal Flores no Ar, Sitio Sete Estrelas e Prana Artes &amp; Terapias<\/p>\n","protected":false},"excerpt":{"rendered":"<p>O terapeuta Adriano Michalovicz (Curitiba\/PR)\u00a0realiza no recife, no dia 23\/9, o Workshop Alimenta\u00e7\u00e3o &amp; Espiritualidade. Ser\u00e1 um encontro te\u00f3rico com informa\u00e7\u00f5es sobre como a alimenta\u00e7\u00e3o influencia o desenvolvimento da consci\u00eancia, e de que forma se relaciona com a vida espiritual, cooperando (ou dificultando) a trajet\u00f3ria evolutiva. &#8220;Ensinamentos milenares dos mestres espirituais, e o entendimento moderno [&hellip;]<\/p>\n","protected":false},"author":1,"featured_media":30164,"comment_status":"open","ping_status":"open","sticky":false,"template":"","format":"standard","meta":{"om_disable_all_campaigns":false,"_monsterinsights_skip_tracking":false,"_monsterinsights_sitenote_active":false,"_monsterinsights_sitenote_note":"","_monsterinsights_sitenote_category":0,"footnotes":""},"categories":[8,214],"tags":[50,33,353],"acf":[],"publishpress_future_action":{"enabled":false,"date":"1969-12-31 21:00:00","action":"","terms":[],"taxonomy":"","browser_timezone_offset":0},"_links":{"self":[{"href":"https:\/\/portalfloresnoar.com\/floresnoar\/wp-json\/wp\/v2\/posts\/30163"}],"collection":[{"href":"https:\/\/portalfloresnoar.com\/floresnoar\/wp-json\/wp\/v2\/posts"}],"about":[{"href":"https:\/\/portalfloresnoar.com\/floresnoar\/wp-json\/wp\/v2\/types\/post"}],"author":[{"embeddable":true,"href":"https:\/\/portalfloresnoar.com\/floresnoar\/wp-json\/wp\/v2\/users\/1"}],"replies":[{"embeddable":true,"href":"https:\/\/portalfloresnoar.com\/floresnoar\/wp-json\/wp\/v2\/comments?post=30163"}],"version-history":[{"count":0,"href":"https:\/\/portalfloresnoar.com\/floresnoar\/wp-json\/wp\/v2\/posts\/30163\/revisions"}],"wp:featuredmedia":[{"embeddable":true,"href":"https:\/\/portalfloresnoar.com\/floresnoar\/wp-json\/wp\/v2\/media\/30164"}],"wp:attachment":[{"href":"https:\/\/portalfloresnoar.com\/floresnoar\/wp-json\/wp\/v2\/media?parent=30163"}],"wp:term":[{"taxonomy":"category","embeddable":true,"href":"https:\/\/portalfloresnoar.com\/floresnoar\/wp-json\/wp\/v2\/categories?post=30163"},{"taxonomy":"post_tag","embeddable":true,"href":"https:\/\/portalfloresnoar.com\/floresnoar\/wp-json\/wp\/v2\/tags?post=30163"}],"curies":[{"name":"wp","href":"https:\/\/api.w.org\/{rel}","templated":true}]}}