

{"id":30084,"date":"2017-06-02T06:34:44","date_gmt":"2017-06-02T09:34:44","guid":{"rendered":"https:\/\/portalfloresnoar.com\/floresnoar\/?p=30084"},"modified":"2017-08-06T11:21:56","modified_gmt":"2017-08-06T14:21:56","slug":"agenda-pe-cantor-carlos-ferrera-interpreta-musicas-de-chico-buarque-nesta-sexta","status":"publish","type":"post","link":"https:\/\/portalfloresnoar.com\/floresnoar\/agenda-pe-cantor-carlos-ferrera-interpreta-musicas-de-chico-buarque-nesta-sexta\/","title":{"rendered":"[AGENDA PE] Cantor Carlos Ferrera interpreta m\u00fasicas de Chico Buarque dia 4\/8"},"content":{"rendered":"<p><img decoding=\"async\" loading=\"lazy\" class=\"aligncenter size-full wp-image-30086\" src=\"https:\/\/portalfloresnoar.com\/floresnoar\/wp-content\/uploads\/2017\/08\/um-certo-chico.jpg\" alt=\"\" width=\"720\" height=\"508\" srcset=\"https:\/\/portalfloresnoar.com\/floresnoar\/wp-content\/uploads\/2017\/08\/um-certo-chico.jpg 720w, https:\/\/portalfloresnoar.com\/floresnoar\/wp-content\/uploads\/2017\/08\/um-certo-chico-300x212.jpg 300w, https:\/\/portalfloresnoar.com\/floresnoar\/wp-content\/uploads\/2017\/08\/um-certo-chico-700x494.jpg 700w\" sizes=\"(max-width: 720px) 100vw, 720px\" \/><\/p>\n<p>Nesta sexta (4\/8\/2017), \u00e0s 21h30, na Rouge, acontece o projeto &#8220;UM CERTO CHICO &#8211; Can\u00e7\u00f5es de Buarque&#8221;, com Carlos Ferrera (Voz) e Romero Medeiros (Piano).<\/p>\n<p>Quem for ao show desta sexta (O4), vai poder ainda participar de uma Aula Experimental de Canto, com Carlos Ferrera, a ser ministrada no dia posterior ao da apresenta\u00e7\u00e3o (no caso, s\u00e1bado, 5\/8), \u00e0s 15h.<\/p>\n<p>Comemorando tr\u00eas anos de estrada, o projeto, que nasceu a partir de reinterpreta\u00e7\u00f5es de m\u00fasicas c\u00e9lebres de Chico Buarque, j\u00e1 rendeu muitos elogios da cr\u00edtica especializada e do p\u00fablico em geral.<\/p>\n<p>&#8220;A \u00eanfase de nosso trabalho musical \u00e9 interpretativa e dram\u00e1tica, dentro de um recorte mais denso e sombrio do universo Buarqueano, onde a melancolia, a tristeza e a saudade est\u00e3o na pauta principal. N\u00e3o \u00e9 um show alegre, mas tem enchido as pessoas de uma emo\u00e7\u00e3o \u00fanica e nos deixado muito satisfeitos&#8221;, declara Carlos Ferrera.<\/p>\n<p>UM CERTO CHICO &#8211; Can\u00e7\u00f5es de Buarque<br \/>\nOnde: Rouge (Pra\u00e7a de Casa Forte, 570)<br \/>\nQuando: Sexta (04 de Agosto)<br \/>\nHoras: 21h30<br \/>\nInforma\u00e7\u00f5es &amp; Reservas: 99779.3064<\/p>\n<p>Mais informa\u00e7\u00f5es <a href=\"https:\/\/www.facebook.com\/umcertochico\/?hc_ref=ARS0wWUsEcTb-aq167eeo8znMpvPYjbgwB218Fq-6wRh1OdBETQsKW5WoTK0hkHaFaU\" target=\"_blank\" rel=\"noopener\">AQUI<\/a>!<\/p>\n<p><iframe loading=\"lazy\" style=\"border: none; overflow: hidden;\" src=\"https:\/\/www.facebook.com\/plugins\/video.php?href=https%3A%2F%2Fwww.facebook.com%2Fumcertochico%2Fvideos%2F1135564256587804%2F&amp;show_text=0&amp;width=560\" width=\"560\" height=\"315\" frameborder=\"0\" scrolling=\"no\" allowfullscreen=\"allowfullscreen\"><\/iframe><\/p>\n","protected":false},"excerpt":{"rendered":"<p>Nesta sexta (4\/8\/2017), \u00e0s 21h30, na Rouge, acontece o projeto &#8220;UM CERTO CHICO &#8211; Can\u00e7\u00f5es de Buarque&#8221;, com Carlos Ferrera (Voz) e Romero Medeiros (Piano). Quem for ao show desta sexta (O4), vai poder ainda participar de uma Aula Experimental de Canto, com Carlos Ferrera, a ser ministrada no dia posterior ao da apresenta\u00e7\u00e3o (no [&hellip;]<\/p>\n","protected":false},"author":1,"featured_media":30085,"comment_status":"open","ping_status":"open","sticky":false,"template":"","format":"standard","meta":{"om_disable_all_campaigns":false,"_monsterinsights_skip_tracking":false,"_monsterinsights_sitenote_active":false,"_monsterinsights_sitenote_note":"","_monsterinsights_sitenote_category":0,"footnotes":""},"categories":[8,214],"tags":[125],"acf":[],"publishpress_future_action":{"enabled":false,"date":"1969-12-31 21:00:00","action":"","terms":[],"taxonomy":"","browser_timezone_offset":0},"_links":{"self":[{"href":"https:\/\/portalfloresnoar.com\/floresnoar\/wp-json\/wp\/v2\/posts\/30084"}],"collection":[{"href":"https:\/\/portalfloresnoar.com\/floresnoar\/wp-json\/wp\/v2\/posts"}],"about":[{"href":"https:\/\/portalfloresnoar.com\/floresnoar\/wp-json\/wp\/v2\/types\/post"}],"author":[{"embeddable":true,"href":"https:\/\/portalfloresnoar.com\/floresnoar\/wp-json\/wp\/v2\/users\/1"}],"replies":[{"embeddable":true,"href":"https:\/\/portalfloresnoar.com\/floresnoar\/wp-json\/wp\/v2\/comments?post=30084"}],"version-history":[{"count":0,"href":"https:\/\/portalfloresnoar.com\/floresnoar\/wp-json\/wp\/v2\/posts\/30084\/revisions"}],"wp:featuredmedia":[{"embeddable":true,"href":"https:\/\/portalfloresnoar.com\/floresnoar\/wp-json\/wp\/v2\/media\/30085"}],"wp:attachment":[{"href":"https:\/\/portalfloresnoar.com\/floresnoar\/wp-json\/wp\/v2\/media?parent=30084"}],"wp:term":[{"taxonomy":"category","embeddable":true,"href":"https:\/\/portalfloresnoar.com\/floresnoar\/wp-json\/wp\/v2\/categories?post=30084"},{"taxonomy":"post_tag","embeddable":true,"href":"https:\/\/portalfloresnoar.com\/floresnoar\/wp-json\/wp\/v2\/tags?post=30084"}],"curies":[{"name":"wp","href":"https:\/\/api.w.org\/{rel}","templated":true}]}}