

{"id":30077,"date":"2017-05-29T11:28:11","date_gmt":"2017-05-29T14:28:11","guid":{"rendered":"https:\/\/portalfloresnoar.com\/floresnoar\/?p=30077"},"modified":"2017-08-06T11:23:53","modified_gmt":"2017-08-06T14:23:53","slug":"agenda-pe-performance-grafico-sonora-dos-artistas-joao-lin-e-hassan-santos-neste-sabado-no-patio-criativo","status":"publish","type":"post","link":"https:\/\/portalfloresnoar.com\/floresnoar\/agenda-pe-performance-grafico-sonora-dos-artistas-joao-lin-e-hassan-santos-neste-sabado-no-patio-criativo\/","title":{"rendered":"[AGENDA PE] Performance gr\u00e1fico-sonora dos artistas Jo\u00e3o Lin e Hassan Santos dia 5\/8 no P\u00e1tio Criativo"},"content":{"rendered":"<p><img decoding=\"async\" loading=\"lazy\" class=\"aligncenter size-full wp-image-30078\" src=\"https:\/\/portalfloresnoar.com\/floresnoar\/wp-content\/uploads\/2017\/08\/performance-inconsist\u00eancias-acaso-e-erro.jpg\" alt=\"\" width=\"720\" height=\"513\" srcset=\"https:\/\/portalfloresnoar.com\/floresnoar\/wp-content\/uploads\/2017\/08\/performance-inconsist\u00eancias-acaso-e-erro.jpg 720w, https:\/\/portalfloresnoar.com\/floresnoar\/wp-content\/uploads\/2017\/08\/performance-inconsist\u00eancias-acaso-e-erro-300x214.jpg 300w, https:\/\/portalfloresnoar.com\/floresnoar\/wp-content\/uploads\/2017\/08\/performance-inconsist\u00eancias-acaso-e-erro-700x499.jpg 700w\" sizes=\"(max-width: 720px) 100vw, 720px\" \/><\/p>\n<p>&#8216;Inconsist\u00eancias, Acaso e Erro&#8217; \u00e9 o nome da performance gr\u00e1fico-sonora que os artistas Jo\u00e3o Lin e Hassan Santos realizam neste s\u00e1bado (5\/8\/2017), no evento P\u00e1tio Criativo, no P\u00e1tio de S\u00e3o Pedro, com entrada gratuita.<\/p>\n<p>Ir ali e catar uma melodia, voltar \u00e0 margem e tra\u00e7ar uma linha, mergulhar essa linha no rio caudaloso da m\u00fasica e voltar ensopado deixando rastros desenhados no leito inconsistente. Ir e voltar novamente, novos sons e texturas gravados na areia mole. Ir e voltar outra vez esquecendo o caminho anterior e riscando uma nova trilha. Ir e voltar, Ir e voltar, Ir e voltar at\u00e9 a dispers\u00e3o tomar conta da alma da linha e do corpo m\u00fasica.<\/p>\n<p>Este \u00e9 o mote da performance gr\u00e1fico-sonora de Jo\u00e3o Lin e Hassan Santos. O rastro inconsistente, constru\u00eddo sob as cores da dispers\u00e3o e acaso sonha em errar e errarerrarerrar. Uma parede de esbo\u00e7os, um baixo, uma guitarra, a imagem sobre a imagem, a m\u00fasica sobre a pele fluida do erro e a alma em tr\u00e2nsito entre ru\u00eddos, grafismos e sil\u00eancios.<\/p>\n<p>A performance constar\u00e1 de uma instala\u00e7\u00e3o constru\u00edda com desenhos dos artistas num ambiente de intera\u00e7\u00e3o e imers\u00e3o onde tamb\u00e9m a m\u00fasica compor\u00e1 de forma espont\u00e2nea e experimental um discurso que quer traduzir os sentidos do fazer livre no ato de esbo\u00e7ar. A a\u00e7\u00e3o provocar\u00e1 a participa\u00e7\u00e3o do p\u00fablico instigando-o a uma experi\u00eancia de troca e co-autoria.<\/p>\n<p><em><strong>Para ouvir:<\/strong><\/em><br \/>\n<a href=\"https:\/\/soundcloud.com\/inconsistenciasacasoerro\" target=\"_blank\" rel=\"noopener\">https:\/\/soundcloud.com\/inconsistenciasacasoerro<\/a><\/p>\n<p><strong>Onde:<\/strong> P\u00e1tio Criativo (no P\u00e1tio de S\u00e3o Pedro \u2013 Recife)<br \/>\n<strong>Quando:<\/strong> 05 de Agosto de 2017, \u00e0s 18h<br \/>\n<em>Entrada gratuita!<\/em><br \/>\nCr\u00e9dito da Foto: Hassan Santos<\/p>\n<p><em><strong>Mais informa\u00e7\u00f5es sobre os artistas:<\/strong><\/em><br \/>\n<a href=\"http:\/\/www.joaolin.com.br\/\" target=\"_blank\" rel=\"noopener\">JO\u00c3O LIN<\/a><br \/>\nJo\u00e3o Lin \u00e9 artista multim\u00eddia com atua\u00e7\u00e3o na produ\u00e7\u00e3o de quadrinhos, cartum, ilustra\u00e7\u00e3o, gravura, desenho, instala\u00e7\u00e3o e interven\u00e7\u00e3o urbana. Fez exposi\u00e7\u00f5es e interven\u00e7\u00f5es como artista visual em Recife, Caruaru, Garanhuns, S\u00e3o Paulo, Porto Alegre, Madrid (Espanha), La Paz (Bol\u00edva), M\u00e9rida (Venezuela), Guadalajara (M\u00e9xico), entre outras cidades.<\/p>\n<p>Como artista gr\u00e1fico recebeu v\u00e1rios pr\u00eamios em sal\u00f5es nacionais e internacionais de humor e quadrinhos e edita a revista de quadrinhos independentes: Rag\u00fa. Tem dedicado grande parte do seu tempo como ilustrador para a literatura para inf\u00e2ncia e juventude com mais de trinta livros publicados.<\/p>\n<p>Foi percussionista da orquestra Usina das Cordas e da Banda Jumenta Jurubeba. No universo da palavra flerta com a poesia na produ\u00e7\u00e3o de haicais e roteiros para quadrinhos.<\/p>\n<p>Foi Coordenador, Assistente da Oi Kabum! Escola de Arte e Tecnologia Recife e curador do FIHQ_PE (Festival Internacional de Humor de Pernambuco) nas edi\u00e7\u00f5es de 2006 e 2007.<\/p>\n<p>HASSAN SANTOS<br \/>\nHassan Santos \u00e9 designer gr\u00e1fico e artista\/pesquisador. Participou de exposi\u00e7\u00f5es coletivas, publica\u00e7\u00f5es e projetos como artista, pesquisador, designer, ilustrador e fot\u00f3grafo. Dentre eles est\u00e3o: Sonora Brasil, Revista Zupi (SP) e Boca, editora Baga\u00e7o e Imeph (CE), Territ\u00f3rio das M\u00e3os, A Cidade as Ru\u00ednas e Depois (SP), Bienal do Barro e o Sal\u00e3o Universit\u00e1rio de Arte Contempor\u00e2nea UNICO.<\/p>\n<p>Coordenou o projeto de pesquisa de novos suportes intitulado Vitrocer\u00e2micos: Pesquisa Art\u00edstica.<\/p>\n<p>Atualmente trabalha com pesquisa e fotografia nos projetos: Recife Arte P\u00fablica e Acervo Educativo do Museu de Arte Contempor\u00e2nea de Olinda.<\/p>\n","protected":false},"excerpt":{"rendered":"<p>&#8216;Inconsist\u00eancias, Acaso e Erro&#8217; \u00e9 o nome da performance gr\u00e1fico-sonora que os artistas Jo\u00e3o Lin e Hassan Santos realizam neste s\u00e1bado (5\/8\/2017), no evento P\u00e1tio Criativo, no P\u00e1tio de S\u00e3o Pedro, com entrada gratuita. Ir ali e catar uma melodia, voltar \u00e0 margem e tra\u00e7ar uma linha, mergulhar essa linha no rio caudaloso da m\u00fasica [&hellip;]<\/p>\n","protected":false},"author":1,"featured_media":30078,"comment_status":"open","ping_status":"open","sticky":false,"template":"","format":"standard","meta":{"om_disable_all_campaigns":false,"_monsterinsights_skip_tracking":false,"_monsterinsights_sitenote_active":false,"_monsterinsights_sitenote_note":"","_monsterinsights_sitenote_category":0,"footnotes":""},"categories":[8,214],"tags":[383,59],"acf":[],"publishpress_future_action":{"enabled":false,"date":"1969-12-31 21:00:00","action":"","terms":[],"taxonomy":"","browser_timezone_offset":0},"_links":{"self":[{"href":"https:\/\/portalfloresnoar.com\/floresnoar\/wp-json\/wp\/v2\/posts\/30077"}],"collection":[{"href":"https:\/\/portalfloresnoar.com\/floresnoar\/wp-json\/wp\/v2\/posts"}],"about":[{"href":"https:\/\/portalfloresnoar.com\/floresnoar\/wp-json\/wp\/v2\/types\/post"}],"author":[{"embeddable":true,"href":"https:\/\/portalfloresnoar.com\/floresnoar\/wp-json\/wp\/v2\/users\/1"}],"replies":[{"embeddable":true,"href":"https:\/\/portalfloresnoar.com\/floresnoar\/wp-json\/wp\/v2\/comments?post=30077"}],"version-history":[{"count":0,"href":"https:\/\/portalfloresnoar.com\/floresnoar\/wp-json\/wp\/v2\/posts\/30077\/revisions"}],"wp:featuredmedia":[{"embeddable":true,"href":"https:\/\/portalfloresnoar.com\/floresnoar\/wp-json\/wp\/v2\/media\/30078"}],"wp:attachment":[{"href":"https:\/\/portalfloresnoar.com\/floresnoar\/wp-json\/wp\/v2\/media?parent=30077"}],"wp:term":[{"taxonomy":"category","embeddable":true,"href":"https:\/\/portalfloresnoar.com\/floresnoar\/wp-json\/wp\/v2\/categories?post=30077"},{"taxonomy":"post_tag","embeddable":true,"href":"https:\/\/portalfloresnoar.com\/floresnoar\/wp-json\/wp\/v2\/tags?post=30077"}],"curies":[{"name":"wp","href":"https:\/\/api.w.org\/{rel}","templated":true}]}}