

{"id":30027,"date":"2017-08-01T16:49:40","date_gmt":"2017-08-01T19:49:40","guid":{"rendered":"https:\/\/portalfloresnoar.com\/floresnoar\/?p=30027"},"modified":"2017-08-01T17:28:08","modified_gmt":"2017-08-01T20:28:08","slug":"agenda-pe-leitura-de-aura-em-grupo-rodada-do-beija-flor-dia-288-no-espaco-gerar","status":"publish","type":"post","link":"https:\/\/portalfloresnoar.com\/floresnoar\/agenda-pe-leitura-de-aura-em-grupo-rodada-do-beija-flor-dia-288-no-espaco-gerar\/","title":{"rendered":"[AGENDA PE] Leitura de Aura em Grupo &#8211; Rodada do Beija-Flor, dia 28\/8, no Espa\u00e7o Gerar"},"content":{"rendered":"<p><img decoding=\"async\" loading=\"lazy\" class=\"aligncenter size-full wp-image-30059\" src=\"https:\/\/portalfloresnoar.com\/floresnoar\/wp-content\/uploads\/2017\/08\/leitura-de-aura-recife.jpg\" alt=\"\" width=\"700\" height=\"367\" srcset=\"https:\/\/portalfloresnoar.com\/floresnoar\/wp-content\/uploads\/2017\/08\/leitura-de-aura-recife.jpg 700w, https:\/\/portalfloresnoar.com\/floresnoar\/wp-content\/uploads\/2017\/08\/leitura-de-aura-recife-300x157.jpg 300w\" sizes=\"(max-width: 700px) 100vw, 700px\" \/><\/p>\n<p>O terapeuta Felipe Lapa realiza no dia 28 de agosto de 2017, no Espa\u00e7o Gerar, a Rodada do Beija-Flor, uma Leitura de Aura em Grupo na qual o Leitor vai fazer uma pequena Leitura de Aura de cada um dos participantes. O nome desta din\u00e2mica \u00e9 inspirado no Beija-flor que d\u00e1 um pequeno \u2018beijo\u2019 em cada rosa. Da mesma forma, o Leitor vai poder ler um pouco da Aura de cada participante.<\/p>\n<p>Felipe explica que a Leitura pode ter um tema espec\u00edfico para todos da roda ou um tema livre permitindo que a Leitura de Aura traga o que \u00e9 mais importante para cada participante. \u201c\u00c9 importante ressaltar que quando trabalhamos em grupo somos beneficiados pela for\u00e7a do grupo, podendo aprender com a experi\u00eancia de cada participante\u201d, lembra o terapeuta.<\/p>\n<p><em>Para saber mais sobre a leitura de aura,\u00a0<strong><a href=\"http:\/\/www.maisconsciente.com.br\/leitura-de-aura\/\" target=\"_blank\" rel=\"noopener\">clique aqui!<\/a><\/strong><\/em><\/p>\n<p><strong>Leitura de Aura em Grupo &#8211; Rodada do Beija-Flor<\/strong><br \/>\nData: Segunda, 28 de Agosto de 2017<br \/>\nHora: Das 19h \u00e0s 20h e das 20h \u00e0s 21h<br \/>\nLocal: Gerar Arteterapia e Bem-Estar: Rua Jorge Albuquerque,103, Casa Forte, Recife\/PE<\/p>\n<p><strong>Valor sugerido:<\/strong> R$ 25,00<\/p>\n<p><strong>Informa\u00e7\u00f5es e Inscri\u00e7\u00f5es:<\/strong><br \/>\nFelipe Lapa<br \/>\n(81) 9.8227-2129<br \/>\ncontato@maisconsciente.com.br<\/p>\n","protected":false},"excerpt":{"rendered":"<p>O terapeuta Felipe Lapa realiza no dia 28 de agosto de 2017, no Espa\u00e7o Gerar, a Rodada do Beija-Flor, uma Leitura de Aura em Grupo na qual o Leitor vai fazer uma pequena Leitura de Aura de cada um dos participantes. O nome desta din\u00e2mica \u00e9 inspirado no Beija-flor que d\u00e1 um pequeno \u2018beijo\u2019 em [&hellip;]<\/p>\n","protected":false},"author":1,"featured_media":30028,"comment_status":"open","ping_status":"open","sticky":false,"template":"","format":"standard","meta":{"om_disable_all_campaigns":false,"_monsterinsights_skip_tracking":false,"_monsterinsights_sitenote_active":false,"_monsterinsights_sitenote_note":"","_monsterinsights_sitenote_category":0,"footnotes":""},"categories":[8,224,214],"tags":[246],"acf":[],"publishpress_future_action":{"enabled":false,"date":"1969-12-31 21:00:00","action":"","terms":[],"taxonomy":"","browser_timezone_offset":0},"_links":{"self":[{"href":"https:\/\/portalfloresnoar.com\/floresnoar\/wp-json\/wp\/v2\/posts\/30027"}],"collection":[{"href":"https:\/\/portalfloresnoar.com\/floresnoar\/wp-json\/wp\/v2\/posts"}],"about":[{"href":"https:\/\/portalfloresnoar.com\/floresnoar\/wp-json\/wp\/v2\/types\/post"}],"author":[{"embeddable":true,"href":"https:\/\/portalfloresnoar.com\/floresnoar\/wp-json\/wp\/v2\/users\/1"}],"replies":[{"embeddable":true,"href":"https:\/\/portalfloresnoar.com\/floresnoar\/wp-json\/wp\/v2\/comments?post=30027"}],"version-history":[{"count":0,"href":"https:\/\/portalfloresnoar.com\/floresnoar\/wp-json\/wp\/v2\/posts\/30027\/revisions"}],"wp:featuredmedia":[{"embeddable":true,"href":"https:\/\/portalfloresnoar.com\/floresnoar\/wp-json\/wp\/v2\/media\/30028"}],"wp:attachment":[{"href":"https:\/\/portalfloresnoar.com\/floresnoar\/wp-json\/wp\/v2\/media?parent=30027"}],"wp:term":[{"taxonomy":"category","embeddable":true,"href":"https:\/\/portalfloresnoar.com\/floresnoar\/wp-json\/wp\/v2\/categories?post=30027"},{"taxonomy":"post_tag","embeddable":true,"href":"https:\/\/portalfloresnoar.com\/floresnoar\/wp-json\/wp\/v2\/tags?post=30027"}],"curies":[{"name":"wp","href":"https:\/\/api.w.org\/{rel}","templated":true}]}}