

{"id":29978,"date":"2017-08-07T13:49:51","date_gmt":"2017-08-07T16:49:51","guid":{"rendered":"https:\/\/portalfloresnoar.com\/floresnoar\/?p=29978"},"modified":"2017-09-04T15:40:43","modified_gmt":"2017-09-04T18:40:43","slug":"agenda-pe-atendimentos-solidarios-com-florais-da-amazonia-e-reiki-em-agosto-no-gerar","status":"publish","type":"post","link":"https:\/\/portalfloresnoar.com\/floresnoar\/agenda-pe-atendimentos-solidarios-com-florais-da-amazonia-e-reiki-em-agosto-no-gerar\/","title":{"rendered":"[AGENDA PE] Atendimentos solid\u00e1rios com Florais da Amaz\u00f4nia e Reiki, em agosto, no Gerar"},"content":{"rendered":"<p><img decoding=\"async\" loading=\"lazy\" class=\"aligncenter size-full wp-image-29979\" src=\"https:\/\/portalfloresnoar.com\/floresnoar\/wp-content\/uploads\/2017\/07\/atendimentos-florais-amazonia-recife.png\" alt=\"\" width=\"591\" height=\"306\" srcset=\"https:\/\/portalfloresnoar.com\/floresnoar\/wp-content\/uploads\/2017\/07\/atendimentos-florais-amazonia-recife.png 591w, https:\/\/portalfloresnoar.com\/floresnoar\/wp-content\/uploads\/2017\/07\/atendimentos-florais-amazonia-recife-300x155.png 300w\" sizes=\"(max-width: 591px) 100vw, 591px\" \/><\/p>\n<p>Como forma de celebrar a chegada no Espa\u00e7o Gerar, a terapeuta Morgana Maria oferece no m\u00eas de agosto de 2017 atendimentos solid\u00e1rios com os Florais da Amaz\u00f4nia e Reiki, nas quartas-feiras, no hor\u00e1rio das 8h \u00e0s 14h.<\/p>\n<p>&#8220;A proposta \u00e9 a de que a pessoa venha reconhecer na medicina dos Florais da Amaz\u00f4nia e no Reiki um caminho de autoconhecimento e cura, que, ao ser percorrido, propicie um despertar da consci\u00eancia sobre si mesmo, clareando a percep\u00e7\u00e3o e a compreens\u00e3o da origem de bloqueios, estagna\u00e7\u00f5es e feridas n\u00e3o curadas que impedem o crescimento e a liberta\u00e7\u00e3o do ser. Nesse espa\u00e7o sagrado (a terapia), o convite \u00e9 mergulhar numa jornada de autocura, resgate e reconex\u00e3o com sua pr\u00f3pria ess\u00eancia, possibilitando, assim, uma vida mais saud\u00e1vel e harmoniosa em todos os aspectos&#8221;, explica a terapeuta.<\/p>\n<p>Morgana oferece atendimentos individuais, cursos de Reiki e desenvolve um trabalho experimental em grupo, no qual utiliza os Florais da Amaz\u00f4nia e as Artes Pl\u00e1sticas como m\u00e9todo de aprofundamento no caminho do autoconhecimento. &#8220;Tenho como busca pessoal a reconex\u00e3o com minha natureza essencial e os saberes profundos do ser atrav\u00e9s do caminho das curas naturais&#8221;, declara.<\/p>\n<p>&#8220;Os atendimentos duram em torno de 1h, e nesse tempo, no lugar da escuta, atuo como facilitadora dos instrumentos oferecidos, dando os encaminhamentos necess\u00e1rios \u00e0s quest\u00f5es de cada um.&#8221;<\/p>\n<p><img decoding=\"async\" loading=\"lazy\" class=\" wp-image-29980 alignleft\" src=\"https:\/\/portalfloresnoar.com\/floresnoar\/wp-content\/uploads\/2017\/07\/morgana-maria-terapeuta.jpg\" alt=\"\" width=\"267\" height=\"177\" \/>Morgana Maria \u00e9 licenciada em Artes Pl\u00e1sticas pela Universidade Federal de Pernambuco (UFPE); Mestre em Reiki dos M\u00e9todos Usui e Tibetano; Terapeuta Floral do Sistema dos Florais da Amaz\u00f4nia, tendo feito a forma\u00e7\u00e3o com uma das Co-Sintonizadoras do Sistema, Maria Alice Campos Freire. Participou de alguns cursos e Workshop de Autoconhecimento Feminino, incluindo \u201cMeus Ciclos, Minhas Fases e a Lua\u201d, ministrado por Julia Larotonda e \u201cOficina de Ginecologia Aut\u00f4noma\u201d.<\/p>\n<p>&nbsp;<\/p>\n<p><strong>Investimento do atendimento solid\u00e1rio, no m\u00eas de agosto\/2017:<\/strong> R$ 60<br \/>\n<em>Obs.: Esta promo\u00e7\u00e3o \u00e9 valida apenas para clientes que est\u00e3o vindo pela primeira vez.<\/em><\/p>\n<p><strong>Local dos atendimentos:\u00a0<\/strong>Gerar Arteterapia e Bem-Estar: Rua Jorge de Albuquerque, 103, Casa Forte, Recife\/PE.<\/p>\n<p><strong>Agendamento pelo telefone:<\/strong> (81) 99825.3988 (WhatsApp) | 98897.7793<\/p>\n","protected":false},"excerpt":{"rendered":"<p>Como forma de celebrar a chegada no Espa\u00e7o Gerar, a terapeuta Morgana Maria oferece no m\u00eas de agosto de 2017 atendimentos solid\u00e1rios com os Florais da Amaz\u00f4nia e Reiki, nas quartas-feiras, no hor\u00e1rio das 8h \u00e0s 14h. &#8220;A proposta \u00e9 a de que a pessoa venha reconhecer na medicina dos Florais da Amaz\u00f4nia e no [&hellip;]<\/p>\n","protected":false},"author":1,"featured_media":29979,"comment_status":"open","ping_status":"open","sticky":false,"template":"","format":"standard","meta":{"om_disable_all_campaigns":false,"_monsterinsights_skip_tracking":false,"_monsterinsights_sitenote_active":false,"_monsterinsights_sitenote_note":"","_monsterinsights_sitenote_category":0,"footnotes":""},"categories":[8,224,214],"tags":[37,435,356,127],"acf":[],"publishpress_future_action":{"enabled":false,"date":"1969-12-31 21:00:00","action":"","terms":[],"taxonomy":"","browser_timezone_offset":0},"_links":{"self":[{"href":"https:\/\/portalfloresnoar.com\/floresnoar\/wp-json\/wp\/v2\/posts\/29978"}],"collection":[{"href":"https:\/\/portalfloresnoar.com\/floresnoar\/wp-json\/wp\/v2\/posts"}],"about":[{"href":"https:\/\/portalfloresnoar.com\/floresnoar\/wp-json\/wp\/v2\/types\/post"}],"author":[{"embeddable":true,"href":"https:\/\/portalfloresnoar.com\/floresnoar\/wp-json\/wp\/v2\/users\/1"}],"replies":[{"embeddable":true,"href":"https:\/\/portalfloresnoar.com\/floresnoar\/wp-json\/wp\/v2\/comments?post=29978"}],"version-history":[{"count":0,"href":"https:\/\/portalfloresnoar.com\/floresnoar\/wp-json\/wp\/v2\/posts\/29978\/revisions"}],"wp:featuredmedia":[{"embeddable":true,"href":"https:\/\/portalfloresnoar.com\/floresnoar\/wp-json\/wp\/v2\/media\/29979"}],"wp:attachment":[{"href":"https:\/\/portalfloresnoar.com\/floresnoar\/wp-json\/wp\/v2\/media?parent=29978"}],"wp:term":[{"taxonomy":"category","embeddable":true,"href":"https:\/\/portalfloresnoar.com\/floresnoar\/wp-json\/wp\/v2\/categories?post=29978"},{"taxonomy":"post_tag","embeddable":true,"href":"https:\/\/portalfloresnoar.com\/floresnoar\/wp-json\/wp\/v2\/tags?post=29978"}],"curies":[{"name":"wp","href":"https:\/\/api.w.org\/{rel}","templated":true}]}}