

{"id":29933,"date":"2017-05-25T11:23:24","date_gmt":"2017-05-25T14:23:24","guid":{"rendered":"https:\/\/portalfloresnoar.com\/floresnoar\/?p=29933"},"modified":"2017-07-28T13:35:09","modified_gmt":"2017-07-28T16:35:09","slug":"agenda-pe-performances-e-artes-visuais-no-cinecao-floresta-dia-277-na-maumau-galeria","status":"publish","type":"post","link":"https:\/\/portalfloresnoar.com\/floresnoar\/agenda-pe-performances-e-artes-visuais-no-cinecao-floresta-dia-277-na-maumau-galeria\/","title":{"rendered":"[AGENDA PE] Performances e Artes Visuais no Cinec\u00e3o Floresta dia 27\/7 na Maumau Galeria"},"content":{"rendered":"<p><img decoding=\"async\" loading=\"lazy\" class=\"aligncenter size-full wp-image-29935\" src=\"https:\/\/portalfloresnoar.com\/floresnoar\/wp-content\/uploads\/2017\/07\/cinecao-julho-2017.jpg\" alt=\"\" width=\"731\" height=\"1024\" srcset=\"https:\/\/portalfloresnoar.com\/floresnoar\/wp-content\/uploads\/2017\/07\/cinecao-julho-2017.jpg 731w, https:\/\/portalfloresnoar.com\/floresnoar\/wp-content\/uploads\/2017\/07\/cinecao-julho-2017-214x300.jpg 214w, https:\/\/portalfloresnoar.com\/floresnoar\/wp-content\/uploads\/2017\/07\/cinecao-julho-2017-500x700.jpg 500w\" sizes=\"(max-width: 731px) 100vw, 731px\" \/><\/p>\n<p>Em sua impetuosa, intr\u00e9pida e infatig\u00e1vel batalha contra as for\u00e7as que almejam congelar a linguagem art\u00edstica audiovisual, o Cinec\u00e3o encara mais uma edi\u00e7\u00e3o sem nenhum apoio p\u00fablico ou privado! Pois \u00e9, o Bar#PrimeiramenteForaTemer continua sendo o \u00fanico a bancar e acreditar nos dispositivos experimentais de arte propostas pelas dezenas de artistas que j\u00e1 passaram pelo Cinec\u00e3o. \u00c9, definitivamente, o golpe tamb\u00e9m \u00e9 est\u00e9tico!<\/p>\n<p>Mas calma, n\u00e3o t\u00e1 morto quem peleja! E para mostrar que todos juntos somos fortes, conclamamos a mata, o ar, a \u00e1gua e o corpo para a edi\u00e7\u00e3o FLORESTA do Cinec\u00e3o. Os artistas convidados, atrav\u00e9s da multiplicidade de linguagens, investigam a rela\u00e7\u00e3o corpo e natureza.<\/p>\n<p>Na performance videoinstalativa TERRA PRA VOAR, Irma Brown e Juan Saucedo prop\u00f5em uma viagem a um mundo simbi\u00f3tico: Sim e n\u00e3o. Longe, perto. P\u00e1ssaro Passagem. Excesso, Deserto. Para ela, em alguns momentos era como entrar na boca de um tigre. Ele, lagarto, fruto ou musgo. Uma fuga ao contr\u00e1rio. O trabalho utiliza v\u00eddeo, som e o pr\u00f3prio corpo dos artistas para criar um universo on\u00edrico, propondo um extravasamento de quest\u00f5es existenciais e de relacionamento.<\/p>\n<p>Na Galeria B da Maumau (s\u00f3 indo pra descobrir onde \u00e9) haver\u00e1 a exibi\u00e7\u00e3o de uma artista fundamental para a videoarte brasileira dos anos 90, a carioca Brig\u00edda Baltar, que gentilmente cedeu a s\u00e9rie COLETAS para esta edi\u00e7\u00e3o do Cinec\u00e3o. No filme vemos a artista\/personagem onir\u00edco\/futurista numa misteriosa busca pelo ef\u00eamero. O elo entre o transcendente e o humano se d\u00e1 atrav\u00e9s de sutis fen\u00f4menos naturais. Uma narrativa da contempla\u00e7\u00e3o entre o material e o imaterial. Um trabalho fenomenal!<\/p>\n<p>A artista-pesquisadora Gabriela Santana com o m\u00fasico Jair Coelho apresentar\u00e3o a performance ERRAN\u00c7AS. Uma performance \u201cque p\u00f5e em mov\u00eancia um corpo err\u00e1tico que reinventa mem\u00f3rias, sentidos e espa\u00e7os. \u00c9 praticar corporeidades de resist\u00eancia e descolonizar o pensamento de um corpo ainda colonizado. A busca se d\u00e1 pela modula\u00e7\u00e3o de um estado criativo e engajado que entremeia, em tempo presente, devires e heran\u00e7as culturais\u2026 um corpo que experimenta e vive o \u2018entre-lugar\u2019.\u201d Na ocasi\u00e3o ainda ser\u00e3o compartilhados os desdobramentos do projeto com fotos de Debora Bittencout e ilustra\u00e7\u00f5es de Tiago Aciolli.<\/p>\n<p>O encerramento ser\u00e1 com uma chave mestra para potenciais mudan\u00e7as, aquelas que podemos buscar em micropoliticas pessoais e coletivas (tamb\u00e9m caras \u00e0 exist\u00eancia da Maumau!). A Maumau convidou a artista visual Elis Rigoni para apresentar seu livro ARTICULTURAS DO SENS\u00cdVEL: UM MANUAL FESTA. Um livro de artista, um livro de permacultura, um manual, um c\u00f3digo aberto: Rigoni nos convida a uma reflex\u00e3o sobre nosso cotidiano.<\/p>\n<p>\u201cDe uma experi\u00eancia pessoal, Elis Rigoni se lan\u00e7a para comunidades, sua juventude e coragem nos conduzem por peculiaridades sens\u00edveis e pontuais. Uma revers\u00e3o poss\u00edvel por conex\u00f5es com a arte e que nos faz pensar o que seja a festa. A autora nos mostra como \u00e9 poss\u00edvel reorganizar a desordem e o caos ao qual fomos lan\u00e7ados cegamente. Um manual com uma atmosfera de relato que nos aproxima mais do texto, em um formato que o corpo comporta, pois, \u00e9 sobre ele que somos convidados a pensar: corpo f\u00edsico\/corpo arte que se expande para o corpo social&#8221;, relata Adriani Araujo.<\/p>\n<p>Por fim, o artista Thelmo Cristovam volta com uma sele\u00e7\u00e3o sonora especial para o evento.<\/p>\n<p><em>Sobre as artistas:<\/em><br \/>\n<strong>Br\u00edgida Baltar<\/strong> vive e trabalha no Rio de Janeiro. Estudou na Escola de Artes Visuais do Parque Lage, Rio de Janeiro, Brasil. Deu in\u00edcio a sua carreira na d\u00e9cada de 1990, com pequenos gestos po\u00e9ticos em sua casa e ateli\u00ea. Participou de diversas bienais, entre elas a 25\u00aa Bienal de S\u00e3o Paulo (2002); 17\u00aa Bienal de Cerveira, em Cerveira, Portugal (2013); The Nature of things \u2014 Biennial of the Americas, em Denver, EUA (2010); Panorama de Arte Brasileira (Museu de Arte Moderna de S\u00e3o Paulo, S\u00e3o Paulo, Brasil (2007) e 5\u00aa Bienal de Havana, em Cuba (1994). Seus trabalhos foram apresentados em diversas exposi\u00e7\u00f5es internacionais, como: Cruzamentos: Contemporary art in Brazil, Wexner Center for the Arts, Columbus, EUA (2014); SAM Art Project, Paris, Fran\u00e7a (2012); The peripatetic school: itinerant drawing from Latin America, Middlesbrough Institute of Modern Art, Inglaterra, (2011); Museo de Arte del Banco de la Rep\u00fablica, Bogot\u00e1, Col\u00f4mbia, (2012); e Constructing views: experimental film and video from Brazil, New Museum, Nova York, EUA (2010). Sua obra est\u00e1 representada em diversas cole\u00e7\u00f5es, incluindo: Colecci\u00f3n Isabel y Agust\u00edn Coppel, Cidade do M\u00e9xico, M\u00e9xico; Museum of Contemporary Art, Cleveland, EUA; Funda\u00e7\u00e3o Joaquim Nabuco, Recife, Brasil; Middlesbrough Institute of Modern Art, Middlesbrough, Inglaterra; Museu de Arte Contempor\u00e2nea da Universidade de S\u00e3o Paulo, S\u00e3o Paulo, Brasil; Museu de Arte Moderna do Rio de Janeiro, Rio de Janeiro, Brasil; Pinacoteca do Estado de S\u00e3o Paulo, S\u00e3o Paulo, Brasil; entre outras.<\/p>\n<p><strong>Elis Rigoni<\/strong> faz parte da equipe N\u00e1\u2019Lu\u2019um Brasil, atualmente residente do S\u00edtio Pitanga, estudante de p\u00f3s-gradua\u00e7\u00e3o em Permacultura pela Universidade Federal do Cariri e do curso t\u00e9cnico em Agroecologia pelo SERTA; tecedora latinoamericana da CASA J\u00f3vens; possui forma\u00e7\u00e3o em Artes Visuais e experi\u00eancia em agricultura urbana, constru\u00e7\u00f5es ecol\u00f3gicas, viv\u00eancias comunit\u00e1rias e escuta consciente.<\/p>\n<p><strong>Gabriela Santana<\/strong> \u00e9 nascida em Santos-SP e baiana de cora\u00e7\u00e3o. Iniciou seus estudos na d\u00e9cada de 90 construindo uma forma\u00e7\u00e3o diversa na \u00e1rea da dan\u00e7a, com debru\u00e7amento no campo da improvisa\u00e7\u00e3o. Capoeirista angoleira, integrante da Academia de Jo\u00e3o Pequeno de Pastinha &#8211; AJPP\/CECA &#8211; (uma das casas mais antigas de capoeira de Salvador) \u00e9 formada em dan\u00e7a pela Universidade Federal de Vi\u00e7osa (UFV) e Mestre pelo Programa de P\u00f3s-Gradua\u00e7\u00e3o em Dan\u00e7a da Universidade Federal da Bahia (UFBA). Artista independente, integra tamb\u00e9m o coletivo \u201cdan\u00e7a mais eu\u201d (Recife) e o grupo Radar (Jo\u00e3o Pessoa), ambos focados em pesquisas experimentais. A performance &#8216;Erran\u00e7as&#8217; e o document\u00e1rio &#8216;Jogo Aberto: conversas sobre a capoeira Angola de Recife e Olinda&#8217; foram seus projetos contemplados, recentemente, nos editais do SIC\/Funcultura. Desde 2010 reside em Recife atuando como professora efetiva no Curso de Dan\u00e7a da Universidade Federal de Pernambuco (UFPE).<\/p>\n<p><strong>Irma Brown<\/strong><br \/>\nA menina das botas verdes<br \/>\nela ia cortar os pulsos<br \/>\nmas preferiu cortar a franja<br \/>\nCada question\u00e1rio uma profiss\u00e3o diferente: performer, videomaker, arte-educadora, produtora, bailarina, ciclista mensageira, atriz, artista visual e mentirosa.<\/p>\n","protected":false},"excerpt":{"rendered":"<p>Em sua impetuosa, intr\u00e9pida e infatig\u00e1vel batalha contra as for\u00e7as que almejam congelar a linguagem art\u00edstica audiovisual, o Cinec\u00e3o encara mais uma edi\u00e7\u00e3o sem nenhum apoio p\u00fablico ou privado! Pois \u00e9, o Bar#PrimeiramenteForaTemer continua sendo o \u00fanico a bancar e acreditar nos dispositivos experimentais de arte propostas pelas dezenas de artistas que j\u00e1 passaram pelo [&hellip;]<\/p>\n","protected":false},"author":1,"featured_media":29936,"comment_status":"open","ping_status":"open","sticky":false,"template":"","format":"standard","meta":{"om_disable_all_campaigns":false,"_monsterinsights_skip_tracking":false,"_monsterinsights_sitenote_active":false,"_monsterinsights_sitenote_note":"","_monsterinsights_sitenote_category":0,"footnotes":""},"categories":[8,214],"tags":[310,59,571],"acf":[],"publishpress_future_action":{"enabled":false,"date":"1969-12-31 21:00:00","action":"","terms":[],"taxonomy":"","browser_timezone_offset":0},"_links":{"self":[{"href":"https:\/\/portalfloresnoar.com\/floresnoar\/wp-json\/wp\/v2\/posts\/29933"}],"collection":[{"href":"https:\/\/portalfloresnoar.com\/floresnoar\/wp-json\/wp\/v2\/posts"}],"about":[{"href":"https:\/\/portalfloresnoar.com\/floresnoar\/wp-json\/wp\/v2\/types\/post"}],"author":[{"embeddable":true,"href":"https:\/\/portalfloresnoar.com\/floresnoar\/wp-json\/wp\/v2\/users\/1"}],"replies":[{"embeddable":true,"href":"https:\/\/portalfloresnoar.com\/floresnoar\/wp-json\/wp\/v2\/comments?post=29933"}],"version-history":[{"count":0,"href":"https:\/\/portalfloresnoar.com\/floresnoar\/wp-json\/wp\/v2\/posts\/29933\/revisions"}],"wp:featuredmedia":[{"embeddable":true,"href":"https:\/\/portalfloresnoar.com\/floresnoar\/wp-json\/wp\/v2\/media\/29936"}],"wp:attachment":[{"href":"https:\/\/portalfloresnoar.com\/floresnoar\/wp-json\/wp\/v2\/media?parent=29933"}],"wp:term":[{"taxonomy":"category","embeddable":true,"href":"https:\/\/portalfloresnoar.com\/floresnoar\/wp-json\/wp\/v2\/categories?post=29933"},{"taxonomy":"post_tag","embeddable":true,"href":"https:\/\/portalfloresnoar.com\/floresnoar\/wp-json\/wp\/v2\/tags?post=29933"}],"curies":[{"name":"wp","href":"https:\/\/api.w.org\/{rel}","templated":true}]}}