

{"id":29918,"date":"2017-05-16T10:24:38","date_gmt":"2017-05-16T13:24:38","guid":{"rendered":"https:\/\/portalfloresnoar.com\/floresnoar\/?p=29918"},"modified":"2017-07-24T11:50:05","modified_gmt":"2017-07-24T14:50:05","slug":"agenda-pe-show-solidario-as-vitimas-das-cheias-nesta-sexta-com-antonio-de-hollanda-e-bandas-do-festival-de-musica-na-escola","status":"publish","type":"post","link":"https:\/\/portalfloresnoar.com\/floresnoar\/agenda-pe-show-solidario-as-vitimas-das-cheias-nesta-sexta-com-antonio-de-hollanda-e-bandas-do-festival-de-musica-na-escola\/","title":{"rendered":"[AGENDA PE] Show Solid\u00e1rio \u00e0s v\u00edtimas das cheias, nesta sexta, com Ant\u00f4nio de Hollanda e bandas do Festival de M\u00fasica na Escola"},"content":{"rendered":"<figure id=\"attachment_29921\" aria-describedby=\"caption-attachment-29921\" style=\"width: 627px\" class=\"wp-caption aligncenter\"><img decoding=\"async\" loading=\"lazy\" class=\"wp-image-29921\" src=\"https:\/\/portalfloresnoar.com\/floresnoar\/wp-content\/uploads\/2017\/07\/antonio-de-hollanda.jpg\" alt=\"\" width=\"627\" height=\"418\" srcset=\"https:\/\/portalfloresnoar.com\/floresnoar\/wp-content\/uploads\/2017\/07\/antonio-de-hollanda.jpg 2048w, https:\/\/portalfloresnoar.com\/floresnoar\/wp-content\/uploads\/2017\/07\/antonio-de-hollanda-300x200.jpg 300w, https:\/\/portalfloresnoar.com\/floresnoar\/wp-content\/uploads\/2017\/07\/antonio-de-hollanda-768x512.jpg 768w, https:\/\/portalfloresnoar.com\/floresnoar\/wp-content\/uploads\/2017\/07\/antonio-de-hollanda-700x467.jpg 700w\" sizes=\"(max-width: 627px) 100vw, 627px\" \/><figcaption id=\"caption-attachment-29921\" class=\"wp-caption-text\">Ant\u00f4nio de Hollanda se apresentar\u00e1 \u00e0s 19h, acompanhado de Diogo Lopes (bateria e percuss\u00e3o), Rodrigo Cm (gaita) e Basilio Queiroz (baixo). Foto: Mariana Medeiros<\/figcaption><\/figure>\n<p>Nesta sexta-feira (21\/7), \u00e0s 19h, no Teatro Brum (Centro de Conven\u00e7\u00f5es de Pernambuco), ser\u00e1 realizado Show Solid\u00e1rio \u00e0s v\u00edtimas das cheias, com o objetivo de captar fundos financeiros para a compra de colch\u00f5es e de alimentos.<\/p>\n<p>A atra\u00e7\u00e3o principal ser\u00e1 o m\u00fasico <a href=\"https:\/\/www.facebook.com\/dehollanda\/\" target=\"_blank\" rel=\"noopener\">Ant\u00f4nio de Hollanda<\/a>, acompanhado de Diogo Lopes (bateria e percuss\u00e3o), Rodrigo Cm (gaita) e Basilio Queiroz (baixo). A apresenta\u00e7\u00e3o conta, ainda, com participa\u00e7\u00f5es especiais de<a href=\"https:\/\/www.facebook.com\/cantodelu7\/\" target=\"_blank\" rel=\"noopener\"> Lu Rabelo<\/a> e Marcos de Holanda.<\/p>\n<p>Ant\u00f4nio de Hollanda \u00e9 compositor, guitarrista e cantor pernambucano. O artista j\u00e1 tocou com m\u00fasicos como Lu Rabelo, Johsi Guimar\u00e3es e Jos\u00e9 Escudero. Ap\u00f3s fazer shows na Espanha e na B\u00e9lgica, Ant\u00f4nio de Hollanda apresenta seu trabalho solo autoral com um repert\u00f3rio que transita entre diversos g\u00eaneros de m\u00fasica brasileira e rock.<\/p>\n<p>Ap\u00f3s o show de Ant\u00f4nio de Hollanda, ser\u00e3o realizados pocket shows de bandas de Escolas da Rede P\u00fablica de Ensino do Estado de Pernambuco que tamb\u00e9m apresentar\u00e3o can\u00e7\u00f5es autorais. As bandas foram vencedoras do 10 Festival de M\u00fasica na Escola de 2016. S\u00e3o elas: Banda Raiz de Cinco, Banda Ant\u00f4nio Campelo e Banda Porto Mix.<\/p>\n<p>O evento \u00e9 promovido pela Empetur e Secretaria Estadual de Educa\u00e7\u00e3o junto ao Comit\u00ea de Entidades e Pessoas no Combate \u00e0 Fome e Pela Vida \u2013 COEP em Pernambuco. A entrada ser\u00e1 1kg de alimento e volunt\u00e1rios tamb\u00e9m podem participar contribuindo com R$ 50,00 para compra de colch\u00e3o com direito a cinco ingressos.<\/p>\n<p><strong>Cheias<\/strong> &#8211; As chuvas que atingem a Zona da Mata Sul de Pernambuco, desde maio de 2017, e o alerta da Ag\u00eancia Pernambucana de \u00c1guas e Clima (Apac) para a continuidade das precipita\u00e7\u00f5es de moderadas e fortes, preocupa os moradores da regi\u00e3o. Muitas cidades sofrem as consequ\u00eancias, como transbordamento de rios, fam\u00edlias desalojadas, deslizamentos, quedas de \u00e1rvores e rodovias interditadas, al\u00e9m de registros de mortes. S\u00e3o 25 munic\u00edpios declarados em situa\u00e7\u00e3o de emerg\u00eancia. O \u00faltimo balan\u00e7o divulgado foi de aproximadamente 45.000 desabrigados.<\/p>\n","protected":false},"excerpt":{"rendered":"<p>Nesta sexta-feira (21\/7), \u00e0s 19h, no Teatro Brum (Centro de Conven\u00e7\u00f5es de Pernambuco), ser\u00e1 realizado Show Solid\u00e1rio \u00e0s v\u00edtimas das cheias, com o objetivo de captar fundos financeiros para a compra de colch\u00f5es e de alimentos. A atra\u00e7\u00e3o principal ser\u00e1 o m\u00fasico Ant\u00f4nio de Hollanda, acompanhado de Diogo Lopes (bateria e percuss\u00e3o), Rodrigo Cm (gaita) [&hellip;]<\/p>\n","protected":false},"author":1,"featured_media":29921,"comment_status":"open","ping_status":"open","sticky":false,"template":"","format":"standard","meta":{"om_disable_all_campaigns":false,"_monsterinsights_skip_tracking":false,"_monsterinsights_sitenote_active":false,"_monsterinsights_sitenote_note":"","_monsterinsights_sitenote_category":0,"footnotes":""},"categories":[8,214],"tags":[125],"acf":[],"publishpress_future_action":{"enabled":false,"date":"1969-12-31 21:00:00","action":"","terms":[],"taxonomy":"","browser_timezone_offset":0},"_links":{"self":[{"href":"https:\/\/portalfloresnoar.com\/floresnoar\/wp-json\/wp\/v2\/posts\/29918"}],"collection":[{"href":"https:\/\/portalfloresnoar.com\/floresnoar\/wp-json\/wp\/v2\/posts"}],"about":[{"href":"https:\/\/portalfloresnoar.com\/floresnoar\/wp-json\/wp\/v2\/types\/post"}],"author":[{"embeddable":true,"href":"https:\/\/portalfloresnoar.com\/floresnoar\/wp-json\/wp\/v2\/users\/1"}],"replies":[{"embeddable":true,"href":"https:\/\/portalfloresnoar.com\/floresnoar\/wp-json\/wp\/v2\/comments?post=29918"}],"version-history":[{"count":0,"href":"https:\/\/portalfloresnoar.com\/floresnoar\/wp-json\/wp\/v2\/posts\/29918\/revisions"}],"wp:featuredmedia":[{"embeddable":true,"href":"https:\/\/portalfloresnoar.com\/floresnoar\/wp-json\/wp\/v2\/media\/29921"}],"wp:attachment":[{"href":"https:\/\/portalfloresnoar.com\/floresnoar\/wp-json\/wp\/v2\/media?parent=29918"}],"wp:term":[{"taxonomy":"category","embeddable":true,"href":"https:\/\/portalfloresnoar.com\/floresnoar\/wp-json\/wp\/v2\/categories?post=29918"},{"taxonomy":"post_tag","embeddable":true,"href":"https:\/\/portalfloresnoar.com\/floresnoar\/wp-json\/wp\/v2\/tags?post=29918"}],"curies":[{"name":"wp","href":"https:\/\/api.w.org\/{rel}","templated":true}]}}