

{"id":29864,"date":"2017-07-15T09:57:52","date_gmt":"2017-07-15T12:57:52","guid":{"rendered":"https:\/\/portalfloresnoar.com\/floresnoar\/?p=29864"},"modified":"2022-04-30T11:13:00","modified_gmt":"2022-04-30T14:13:00","slug":"cozinha-sem-fronteiras-comidas-de-inverno-para-aquecer-coracoes","status":"publish","type":"post","link":"https:\/\/portalfloresnoar.com\/floresnoar\/cozinha-sem-fronteiras-comidas-de-inverno-para-aquecer-coracoes\/","title":{"rendered":"[COZINHA SEM FRONTEIRAS] Comidas de inverno para aquecer cora\u00e7\u00f5es"},"content":{"rendered":"<p><img decoding=\"async\" loading=\"lazy\" class=\"aligncenter wp-image-29865\" src=\"https:\/\/portalfloresnoar.com\/floresnoar\/wp-content\/uploads\/2017\/07\/comidas-inverno_dany-santos.jpg\" alt=\"\" width=\"612\" height=\"424\" srcset=\"https:\/\/portalfloresnoar.com\/floresnoar\/wp-content\/uploads\/2017\/07\/comidas-inverno_dany-santos.jpg 676w, https:\/\/portalfloresnoar.com\/floresnoar\/wp-content\/uploads\/2017\/07\/comidas-inverno_dany-santos-300x208.jpg 300w\" sizes=\"(max-width: 612px) 100vw, 612px\" \/><\/p>\n<p>| Por <a href=\"https:\/\/www.facebook.com\/danysantosculinarista\/\" target=\"_blank\" rel=\"noopener\">Dany Santos<\/a> |<\/p>\n<p>Remetendo ao gostinho de inf\u00e2ncia nas noites frias de inverno com minha fam\u00edlia em S\u00e3o Paulo, as minhas receitas favoritas tomam contam da coluna, afinal as comidas mais incr\u00edveis s\u00e3o aquelas que ficam na mem\u00f3ria.<\/p>\n<p>O inverno est\u00e1 a\u00ed e aquele friozinho que bate na porta, n\u00e3o s\u00f3 no Sul e Sudeste do Brasil, mas tamb\u00e9m chega por aqui noites mais frescas. No Recife tenho abusado ainda mais dos caldos, sopas, fondues.<\/p>\n<p>Mas n\u00e3o \u00e9 s\u00f3 nessa \u00e9poca que escolho essas op\u00e7\u00f5es como prato principal, sempre elaboro uma boa sopa para aliviar as tens\u00f5es e confortar o cora\u00e7\u00e3o, nos momentos preciosos de solid\u00e3o para desconectar do mundo e cuidar da sa\u00fade, ou para celebrar com os amigos.<\/p>\n<p>Por falar em sa\u00fade, importante lembrar que na hora de escolher os alimentos sempre prezar pelo org\u00e2nicos e ingredientes integrais. Por isso preparei uma sopa de legumes cheia de vegetais saud\u00e1veis e o principal \u00e9 o jil\u00f3, rico em vitamina A, C e complexo B, importante no aux\u00edlio contra mau h\u00e1lito e colesterol.<\/p>\n<p><strong>SOPA DE LEGUMES<\/strong><\/p>\n<p><strong>Ingredientes<\/strong><br \/>\n1 cebola grande picada<br \/>\n1 dente de alho<br \/>\n2 tomates maduros picados<br \/>\nAzeite para refogar<br \/>\n1 cenoura em rodelas<br \/>\n4 jil\u00f3s em cubos m\u00e9dios<br \/>\n1 chuchu em cubos<br \/>\n1 berinjela pequena em cubos<br \/>\n2 x\u00cdc de feij\u00e3o com caldo temperados batidos no liquidificador<\/p>\n<p><strong><em>Vamos criar!<\/em><\/strong><br \/>\nRefogue cebola e o alho com azeite, acrescente, cenoura, chuchu, tomate, jil\u00f3, berinjela, tampe a panela e deixe cozinhar, depois junte o caldo do feij\u00e3o, tempere com sal, p\u00e1prica, c\u00farcuma, pimenta do reino, salsinha , manjeric\u00e3o fresco e sirva quente com torradas.<\/p>\n<p>Dicas de tempero: use o que agradar melhor seu paladar e pode colocar pimentas v\u00e1rias para dar um toque picante.<\/p>\n<p>Beijos e at\u00e9 a pr\u00f3xima&#8230;. (receita de inverno fondue :)<\/p>\n<p><img decoding=\"async\" loading=\"lazy\" class=\"wp-image-29866 alignleft\" src=\"https:\/\/portalfloresnoar.com\/floresnoar\/wp-content\/uploads\/2017\/07\/Dany-Santos.jpg\" alt=\"\" width=\"158\" height=\"174\" srcset=\"https:\/\/portalfloresnoar.com\/floresnoar\/wp-content\/uploads\/2017\/07\/Dany-Santos.jpg 389w, https:\/\/portalfloresnoar.com\/floresnoar\/wp-content\/uploads\/2017\/07\/Dany-Santos-273x300.jpg 273w\" sizes=\"(max-width: 158px) 100vw, 158px\" \/><\/p>\n<p>&nbsp;<\/p>\n<p><em><strong>Dany Santos<\/strong><\/em><br \/>\n<em><strong>Fone:<\/strong>\u00a0(81) 99627.2761<\/em><br \/>\n<em><strong>Fanpage:<\/strong>\u00a0<a href=\"https:\/\/www.facebook.com\/danysantosculinarista\/\" target=\"_blank\" rel=\"noopener noreferrer\">https:\/\/www.facebook.com\/danysantosculinarista\/<\/a><\/em><br \/>\n<em><strong>Instagram:<\/strong>\u00a0@danysantos_culinarista<\/em><\/p>\n","protected":false},"excerpt":{"rendered":"<p>| Por Dany Santos | Remetendo ao gostinho de inf\u00e2ncia nas noites frias de inverno com minha fam\u00edlia em S\u00e3o Paulo, as minhas receitas favoritas tomam contam da coluna, afinal as comidas mais incr\u00edveis s\u00e3o aquelas que ficam na mem\u00f3ria. O inverno est\u00e1 a\u00ed e aquele friozinho que bate na porta, n\u00e3o s\u00f3 no Sul [&hellip;]<\/p>\n","protected":false},"author":1,"featured_media":29865,"comment_status":"open","ping_status":"open","sticky":false,"template":"","format":"standard","meta":{"om_disable_all_campaigns":false,"_monsterinsights_skip_tracking":false,"_monsterinsights_sitenote_active":false,"_monsterinsights_sitenote_note":"","_monsterinsights_sitenote_category":0,"footnotes":""},"categories":[91],"tags":[568,254,377,168],"acf":[],"publishpress_future_action":{"enabled":false,"date":"1969-12-31 21:00:00","action":"","terms":[],"taxonomy":"","browser_timezone_offset":0},"_links":{"self":[{"href":"https:\/\/portalfloresnoar.com\/floresnoar\/wp-json\/wp\/v2\/posts\/29864"}],"collection":[{"href":"https:\/\/portalfloresnoar.com\/floresnoar\/wp-json\/wp\/v2\/posts"}],"about":[{"href":"https:\/\/portalfloresnoar.com\/floresnoar\/wp-json\/wp\/v2\/types\/post"}],"author":[{"embeddable":true,"href":"https:\/\/portalfloresnoar.com\/floresnoar\/wp-json\/wp\/v2\/users\/1"}],"replies":[{"embeddable":true,"href":"https:\/\/portalfloresnoar.com\/floresnoar\/wp-json\/wp\/v2\/comments?post=29864"}],"version-history":[{"count":0,"href":"https:\/\/portalfloresnoar.com\/floresnoar\/wp-json\/wp\/v2\/posts\/29864\/revisions"}],"wp:featuredmedia":[{"embeddable":true,"href":"https:\/\/portalfloresnoar.com\/floresnoar\/wp-json\/wp\/v2\/media\/29865"}],"wp:attachment":[{"href":"https:\/\/portalfloresnoar.com\/floresnoar\/wp-json\/wp\/v2\/media?parent=29864"}],"wp:term":[{"taxonomy":"category","embeddable":true,"href":"https:\/\/portalfloresnoar.com\/floresnoar\/wp-json\/wp\/v2\/categories?post=29864"},{"taxonomy":"post_tag","embeddable":true,"href":"https:\/\/portalfloresnoar.com\/floresnoar\/wp-json\/wp\/v2\/tags?post=29864"}],"curies":[{"name":"wp","href":"https:\/\/api.w.org\/{rel}","templated":true}]}}