

{"id":29837,"date":"2017-05-02T07:00:53","date_gmt":"2017-05-02T10:00:53","guid":{"rendered":"https:\/\/portalfloresnoar.com\/floresnoar\/?p=29837"},"modified":"2017-07-20T11:50:24","modified_gmt":"2017-07-20T14:50:24","slug":"agenda-pe-projeto-geracoes-musicais-promove-encontro-das-cantautoras-lu-rabelo-e-marina-melo","status":"publish","type":"post","link":"https:\/\/portalfloresnoar.com\/floresnoar\/agenda-pe-projeto-geracoes-musicais-promove-encontro-das-cantautoras-lu-rabelo-e-marina-melo\/","title":{"rendered":"[AGENDA PE] Projeto Gera\u00e7\u00f5es Musicais promove encontro das cantautoras Lu Rabelo e Marina Melo"},"content":{"rendered":"<p><img decoding=\"async\" loading=\"lazy\" class=\"aligncenter size-full wp-image-29838\" src=\"https:\/\/portalfloresnoar.com\/floresnoar\/wp-content\/uploads\/2017\/07\/lu-rabelo-e-marina-melo.jpg\" alt=\"\" width=\"700\" height=\"700\" srcset=\"https:\/\/portalfloresnoar.com\/floresnoar\/wp-content\/uploads\/2017\/07\/lu-rabelo-e-marina-melo.jpg 700w, https:\/\/portalfloresnoar.com\/floresnoar\/wp-content\/uploads\/2017\/07\/lu-rabelo-e-marina-melo-150x150.jpg 150w, https:\/\/portalfloresnoar.com\/floresnoar\/wp-content\/uploads\/2017\/07\/lu-rabelo-e-marina-melo-300x300.jpg 300w, https:\/\/portalfloresnoar.com\/floresnoar\/wp-content\/uploads\/2017\/07\/lu-rabelo-e-marina-melo-100x100.jpg 100w\" sizes=\"(max-width: 700px) 100vw, 700px\" \/><\/p>\n<p>Com trajet\u00f3rias bem diferentes em seus caminhos profissionais, as artistas Marina Melo e Lu Rabelo estar\u00e3o quarta-feira (19.7), na 28\u00aa edi\u00e7\u00e3o do Projeto Gera\u00e7\u00f5es Musicais, para mostrar a for\u00e7a feminina na m\u00fasica brasileira. O encontro de uma paulistana e uma brasiliense radicada no Recife e de ra\u00edzes pernambucanas, promete encantar o p\u00fablico com suas conversas e can\u00e7\u00f5es. O evento \u00e9 aberto ao p\u00fablico, a partir das 19h.<\/p>\n<figure id=\"attachment_29848\" aria-describedby=\"caption-attachment-29848\" style=\"width: 253px\" class=\"wp-caption alignleft\"><img decoding=\"async\" loading=\"lazy\" class=\"wp-image-29848\" src=\"https:\/\/portalfloresnoar.com\/floresnoar\/wp-content\/uploads\/2017\/07\/MARINA-MELO-PQ-CREDITO-FOTO-LOLA-RAMOS-2.jpg\" alt=\"\" width=\"253\" height=\"206\" srcset=\"https:\/\/portalfloresnoar.com\/floresnoar\/wp-content\/uploads\/2017\/07\/MARINA-MELO-PQ-CREDITO-FOTO-LOLA-RAMOS-2.jpg 500w, https:\/\/portalfloresnoar.com\/floresnoar\/wp-content\/uploads\/2017\/07\/MARINA-MELO-PQ-CREDITO-FOTO-LOLA-RAMOS-2-300x245.jpg 300w\" sizes=\"(max-width: 253px) 100vw, 253px\" \/><figcaption id=\"caption-attachment-29848\" class=\"wp-caption-text\">Marina Melo (Foto: Lola Ramos)<\/figcaption><\/figure>\n<p>A paulistana Marina Melo lan\u00e7ou no ano passado seu disco de estreia, o Soft Apocalipse, com can\u00e7\u00f5es que trazem a t\u00f4nica da reflex\u00e3o sobre quest\u00f5es contempor\u00e2neas. Elogiado pela cr\u00edtica, o \u00e1lbum independente tem 13 faixas e conta com participa\u00e7\u00e3o especial de Zeca Baleiro, com arranjos que variam do rock ao bai\u00e3o, sem preconceitos. (www.marinamelo.com.br)<\/p>\n<figure id=\"attachment_29847\" aria-describedby=\"caption-attachment-29847\" style=\"width: 275px\" class=\"wp-caption alignright\"><img decoding=\"async\" loading=\"lazy\" class=\"wp-image-29847\" src=\"https:\/\/portalfloresnoar.com\/floresnoar\/wp-content\/uploads\/2017\/07\/lurabelo-credito-Lu-Ourique.jpg\" alt=\"\" width=\"275\" height=\"183\" srcset=\"https:\/\/portalfloresnoar.com\/floresnoar\/wp-content\/uploads\/2017\/07\/lurabelo-credito-Lu-Ourique.jpg 500w, https:\/\/portalfloresnoar.com\/floresnoar\/wp-content\/uploads\/2017\/07\/lurabelo-credito-Lu-Ourique-300x200.jpg 300w\" sizes=\"(max-width: 275px) 100vw, 275px\" \/><figcaption id=\"caption-attachment-29847\" class=\"wp-caption-text\">Lu Rabelo (Foto: Luciana Ourique)<\/figcaption><\/figure>\n<p>Poeta, cantora e compositora, Lu Rabelo traz na alma suas ra\u00edzes pernambucanas: a m\u00e3e \u00e9 de S\u00e3o Jos\u00e9 do Egito e o pai de Tupanaci, em Mirandiba, ambos munic\u00edpios do Sert\u00e3o do Paje\u00fa. Nascida em Bras\u00edlia, mora h\u00e1 mais de 30 anos no Recife. Seu mais recente trabalho autoral, Cantadeira, re\u00fane poemas e can\u00e7\u00f5es de variados ritmos, como xote maracatu, samba, ciranda, coco, blues e reggae. (https:\/\/www.facebook.com\/cantodelu7)<\/p>\n<p>Criado h\u00e1 tr\u00eas anos para reunir m\u00fasicos de diferentes gera\u00e7\u00f5es, o projeto Gera\u00e7\u00f5es Musicais\u00a0tornou-se um encontro mensal, sempre na \u00faltima quarta-feira de cada m\u00eas, para compartilhamento de experi\u00eancias e um debate sobre cultura. A coordena\u00e7\u00e3o do projeto \u00e9 de Marco Rosati.<\/p>\n<p>SERVI\u00c7O:<br \/>\n<strong>28\u00aa edi\u00e7\u00e3o do Gera\u00e7\u00f5es Musicais 2017,\u00a0com Lu Rabelo e Marina Melo<\/strong><br \/>\n<strong>Dia:<\/strong> 19 de julho de 2017<br \/>\n<strong>Hora:<\/strong> 19h<br \/>\n<strong>Local:<\/strong> Arte Plural Galeria &#8211; Rua da Moeda, \u00a0140, Bairro do Recife, Recife\/PE<br \/>\n<strong>Entrada:<\/strong> Gratuita!<\/p>\n<p><strong>Informa\u00e7\u00f5es:<\/strong> (81) 3424.4431<\/p>\n","protected":false},"excerpt":{"rendered":"<p>Com trajet\u00f3rias bem diferentes em seus caminhos profissionais, as artistas Marina Melo e Lu Rabelo estar\u00e3o quarta-feira (19.7), na 28\u00aa edi\u00e7\u00e3o do Projeto Gera\u00e7\u00f5es Musicais, para mostrar a for\u00e7a feminina na m\u00fasica brasileira. O encontro de uma paulistana e uma brasiliense radicada no Recife e de ra\u00edzes pernambucanas, promete encantar o p\u00fablico com suas conversas [&hellip;]<\/p>\n","protected":false},"author":1,"featured_media":29839,"comment_status":"open","ping_status":"open","sticky":false,"template":"","format":"standard","meta":{"om_disable_all_campaigns":false,"_monsterinsights_skip_tracking":false,"_monsterinsights_sitenote_active":false,"_monsterinsights_sitenote_note":"","_monsterinsights_sitenote_category":0,"footnotes":""},"categories":[8,214],"tags":[383,125],"acf":[],"publishpress_future_action":{"enabled":false,"date":"1969-12-31 21:00:00","action":"","terms":[],"taxonomy":"","browser_timezone_offset":0},"_links":{"self":[{"href":"https:\/\/portalfloresnoar.com\/floresnoar\/wp-json\/wp\/v2\/posts\/29837"}],"collection":[{"href":"https:\/\/portalfloresnoar.com\/floresnoar\/wp-json\/wp\/v2\/posts"}],"about":[{"href":"https:\/\/portalfloresnoar.com\/floresnoar\/wp-json\/wp\/v2\/types\/post"}],"author":[{"embeddable":true,"href":"https:\/\/portalfloresnoar.com\/floresnoar\/wp-json\/wp\/v2\/users\/1"}],"replies":[{"embeddable":true,"href":"https:\/\/portalfloresnoar.com\/floresnoar\/wp-json\/wp\/v2\/comments?post=29837"}],"version-history":[{"count":0,"href":"https:\/\/portalfloresnoar.com\/floresnoar\/wp-json\/wp\/v2\/posts\/29837\/revisions"}],"wp:featuredmedia":[{"embeddable":true,"href":"https:\/\/portalfloresnoar.com\/floresnoar\/wp-json\/wp\/v2\/media\/29839"}],"wp:attachment":[{"href":"https:\/\/portalfloresnoar.com\/floresnoar\/wp-json\/wp\/v2\/media?parent=29837"}],"wp:term":[{"taxonomy":"category","embeddable":true,"href":"https:\/\/portalfloresnoar.com\/floresnoar\/wp-json\/wp\/v2\/categories?post=29837"},{"taxonomy":"post_tag","embeddable":true,"href":"https:\/\/portalfloresnoar.com\/floresnoar\/wp-json\/wp\/v2\/tags?post=29837"}],"curies":[{"name":"wp","href":"https:\/\/api.w.org\/{rel}","templated":true}]}}