

{"id":29788,"date":"2021-09-28T07:52:04","date_gmt":"2021-09-28T10:52:04","guid":{"rendered":"http:\/\/portalfloresnoar.com\/floresnoar\/?p=29788"},"modified":"2022-02-25T11:44:29","modified_gmt":"2022-02-25T14:44:29","slug":"curso-online-a-gratidao-transforma-a-sua-saude-com-marcia-luz","status":"publish","type":"post","link":"https:\/\/portalfloresnoar.com\/floresnoar\/curso-online-a-gratidao-transforma-a-sua-saude-com-marcia-luz\/","title":{"rendered":"Curso Online &#8216;A Gratid\u00e3o Transforma a sua Sa\u00fade&#8217;, com Marcia Luz"},"content":{"rendered":"<p><img decoding=\"async\" loading=\"lazy\" class=\"aligncenter size-full wp-image-29874\" src=\"https:\/\/portalfloresnoar.com\/floresnoar\/wp-content\/uploads\/2017\/07\/a-gratidao-transforma-sua-saude.jpg\" alt=\"\" width=\"693\" height=\"394\" srcset=\"https:\/\/portalfloresnoar.com\/floresnoar\/wp-content\/uploads\/2017\/07\/a-gratidao-transforma-sua-saude.jpg 693w, https:\/\/portalfloresnoar.com\/floresnoar\/wp-content\/uploads\/2017\/07\/a-gratidao-transforma-sua-saude-300x171.jpg 300w\" sizes=\"(max-width: 693px) 100vw, 693px\" \/><\/p>\n<p>Est\u00e3o abertas as inscri\u00e7\u00f5es para o <strong><a href=\"http:\/\/edzz.la\/2K9UW?a=816299\" target=\"_blank\" rel=\"noopener\">curso online\u00a0&#8216;A Gratid\u00e3o Transforma a sua Sa\u00fade<\/a>&#8216;<\/strong>, com Marcia Luz. Nas aulas, os participantes compreender\u00e3o o que \u00e9 a doen\u00e7a, porque adoecemos, porque os sintomas aparece, \u00a0como surgem as doen\u00e7as,\u00a0o significado dos sintomas das doen\u00e7as e a rela\u00e7\u00e3o das emo\u00e7\u00f5es com as partes do corpo afetadas.<\/p>\n<p>&#8220;No curso ensino o caminho mais f\u00e1cil e imediato de restabelecimento da sa\u00fade f\u00edsica e emocional. Basta seguir o passo a passo que voc\u00ea vai colocar sua vida de volta aos eixos em apenas 33 dias&#8221;, afirma Marcia Luz.<\/p>\n<figure id=\"attachment_29875\" aria-describedby=\"caption-attachment-29875\" style=\"width: 216px\" class=\"wp-caption alignleft\"><img decoding=\"async\" loading=\"lazy\" class=\" wp-image-29875\" src=\"https:\/\/portalfloresnoar.com\/floresnoar\/wp-content\/uploads\/2017\/07\/livro-a-gratidao-transforma-marcia-luz.jpg\" alt=\"\" width=\"216\" height=\"273\" srcset=\"https:\/\/portalfloresnoar.com\/floresnoar\/wp-content\/uploads\/2017\/07\/livro-a-gratidao-transforma-marcia-luz.jpg 334w, https:\/\/portalfloresnoar.com\/floresnoar\/wp-content\/uploads\/2017\/07\/livro-a-gratidao-transforma-marcia-luz-238x300.jpg 238w\" sizes=\"(max-width: 216px) 100vw, 216px\" \/><figcaption id=\"caption-attachment-29875\" class=\"wp-caption-text\">Os participantes do curso ser\u00e3o presenteados com o novo livro de Marcia Luz<\/figcaption><\/figure>\n<p>Os inscritos, al\u00e9m de disporem das aulas para assistirem quando quiserem, durante dois anos, tamb\u00e9m ter\u00e3o acesso \u00e0 comunidade secreta e exclusiva de alunos no Facebook, al\u00e9m de diversos b\u00f4nus. Os participantes tamb\u00e9m receber\u00e3o de presente o novo livro de Marcia Luz: \u00a0A Gratid\u00e3o transforma a Sua Sa\u00fade.<\/p>\n<p>Marcia Luz \u00e9 profissional da \u00e1rea do desenvolvimento humano h\u00e1 23 anos e\u00a0fundadora do m\u00e9todo A Gratid\u00e3o Transforma, um programa online completo e comprovado que j\u00e1 ajudou mais de seis mil alunos a conquistarem a vida de seus sonhos.<\/p>\n<p>Lucia Bohrer, diagnosticada portadora de miastenia grave, doen\u00e7a autoimune, conta que pra ela o curso foi um divisor de \u00e1guas em sua vida, pois a partir dele n\u00e3o s\u00f3 restabeleceu a sa\u00fade, mas aprendeu a viver com mais confian\u00e7a, determina\u00e7\u00e3o, foco, objetivos e estabelecer novas metas. J\u00e1 Valeria Rossini diz que tomava calmante tarja preta todas as noites para dormir e hoje, com o curso da gratid\u00e3o conseguiu se livrar desta depend\u00eancia.<\/p>\n<p>CONTE\u00daDO PROGRAM\u00c1TICO<\/p>\n<p><strong>1\u00aa parte<\/strong> &#8211; Compreenda o que \u00e9 a doen\u00e7a, porque adoecemos, porque os sintomas aparecem e como surgem as doen\u00e7as<\/p>\n<p><strong>2\u00aa parte<\/strong> &#8211; Descubra o significado dos Sintomas das Doen\u00e7as e a rela\u00e7\u00e3o das emo\u00e7\u00f5es com as partes do corpo afetadas<\/p>\n<p><strong>3\u00aa &#8211; parte<\/strong> &#8211; Realiza\u00e7\u00e3o da Jornada da Gratid\u00e3o pela Sa\u00fade com 33 exerc\u00edcios pr\u00e1ticos<\/p>\n<p><em><strong>Confira abaixo os b\u00f4nus oferecidos:<\/strong><\/em><br \/>\nB\u00d4NUS 1<br \/>\nCurso com o parapsic\u00f3logo Ant\u00f4nio Biz com o tema \u201cEspiritualidade, Energia vital de Cura\u201d. Voc\u00ea aprender\u00e1 como utilizar a espiritualidade para curar seu corpo f\u00edsico, emocional e espiritual<\/p>\n<p>B\u00d4NUS 2<br \/>\nPalestra com Leandro Perc\u00e1rio, a maior autoridade de TFT no Brasil com o tema \u201cMente, TFT e Sa\u00fade &#8211; aprenda a utilizar o TFT para restabelecer a sa\u00fade e o al\u00edvio imediato de dores\u201d.<\/p>\n<p>B\u00d4NUS 3<br \/>\nO curso de Luana Fiennes Desperte seu Corpo onde voc\u00ea vai aprender uma s\u00e9rie de exerc\u00edcios f\u00edsicos para aumentar sua for\u00e7a, resist\u00eancia e flexibilidade f\u00edsica e emocional.<\/p>\n<h3><strong><a href=\"http:\/\/edzz.la\/2K9UW?a=816299\" target=\"_blank\" rel=\"noopener\">MAIS INFORMA\u00c7\u00d5ES E INSCRI\u00c7\u00d5ES AQUI!<\/a><\/strong><\/h3>\n","protected":false},"excerpt":{"rendered":"<p>Est\u00e3o abertas as inscri\u00e7\u00f5es para o curso online\u00a0&#8216;A Gratid\u00e3o Transforma a sua Sa\u00fade&#8216;, com Marcia Luz. Nas aulas, os participantes compreender\u00e3o o que \u00e9 a doen\u00e7a, porque adoecemos, porque os sintomas aparece, \u00a0como surgem as doen\u00e7as,\u00a0o significado dos sintomas das doen\u00e7as e a rela\u00e7\u00e3o das emo\u00e7\u00f5es com as partes do corpo afetadas. &#8220;No curso ensino [&hellip;]<\/p>\n","protected":false},"author":1,"featured_media":29874,"comment_status":"open","ping_status":"open","sticky":false,"template":"","format":"standard","meta":{"om_disable_all_campaigns":false,"_monsterinsights_skip_tracking":false,"_monsterinsights_sitenote_active":false,"_monsterinsights_sitenote_note":"","_monsterinsights_sitenote_category":0,"footnotes":""},"categories":[224,9],"tags":[374,281,27],"acf":[],"publishpress_future_action":{"enabled":false,"date":"1969-12-31 21:00:00","action":"","terms":[],"taxonomy":"","browser_timezone_offset":0},"_links":{"self":[{"href":"https:\/\/portalfloresnoar.com\/floresnoar\/wp-json\/wp\/v2\/posts\/29788"}],"collection":[{"href":"https:\/\/portalfloresnoar.com\/floresnoar\/wp-json\/wp\/v2\/posts"}],"about":[{"href":"https:\/\/portalfloresnoar.com\/floresnoar\/wp-json\/wp\/v2\/types\/post"}],"author":[{"embeddable":true,"href":"https:\/\/portalfloresnoar.com\/floresnoar\/wp-json\/wp\/v2\/users\/1"}],"replies":[{"embeddable":true,"href":"https:\/\/portalfloresnoar.com\/floresnoar\/wp-json\/wp\/v2\/comments?post=29788"}],"version-history":[{"count":0,"href":"https:\/\/portalfloresnoar.com\/floresnoar\/wp-json\/wp\/v2\/posts\/29788\/revisions"}],"wp:featuredmedia":[{"embeddable":true,"href":"https:\/\/portalfloresnoar.com\/floresnoar\/wp-json\/wp\/v2\/media\/29874"}],"wp:attachment":[{"href":"https:\/\/portalfloresnoar.com\/floresnoar\/wp-json\/wp\/v2\/media?parent=29788"}],"wp:term":[{"taxonomy":"category","embeddable":true,"href":"https:\/\/portalfloresnoar.com\/floresnoar\/wp-json\/wp\/v2\/categories?post=29788"},{"taxonomy":"post_tag","embeddable":true,"href":"https:\/\/portalfloresnoar.com\/floresnoar\/wp-json\/wp\/v2\/tags?post=29788"}],"curies":[{"name":"wp","href":"https:\/\/api.w.org\/{rel}","templated":true}]}}