

{"id":29719,"date":"2017-07-01T18:13:49","date_gmt":"2017-07-01T21:13:49","guid":{"rendered":"http:\/\/portalfloresnoar.com\/floresnoar\/?p=29719"},"modified":"2022-04-30T10:59:15","modified_gmt":"2022-04-30T13:59:15","slug":"caminho-simples-quando-feminino-e-masculino-se-olham","status":"publish","type":"post","link":"https:\/\/portalfloresnoar.com\/floresnoar\/caminho-simples-quando-feminino-e-masculino-se-olham\/","title":{"rendered":"[CAMINHO SIMPLES] Quando feminino e masculino se olham"},"content":{"rendered":"<figure id=\"attachment_29721\" aria-describedby=\"caption-attachment-29721\" style=\"width: 600px\" class=\"wp-caption aligncenter\"><img decoding=\"async\" loading=\"lazy\" class=\"wp-image-29721 size-full\" src=\"http:\/\/portalfloresnoar.com\/floresnoar\/wp-content\/uploads\/2017\/07\/caminho-simples_foto-Flora-Negri.jpg\" alt=\"\" width=\"600\" height=\"900\" srcset=\"https:\/\/portalfloresnoar.com\/floresnoar\/wp-content\/uploads\/2017\/07\/caminho-simples_foto-Flora-Negri.jpg 600w, https:\/\/portalfloresnoar.com\/floresnoar\/wp-content\/uploads\/2017\/07\/caminho-simples_foto-Flora-Negri-200x300.jpg 200w\" sizes=\"(max-width: 600px) 100vw, 600px\" \/><figcaption id=\"caption-attachment-29721\" class=\"wp-caption-text\">Foto: Flora Negri (@floravnegri)<\/figcaption><\/figure>\n<p>&nbsp;<\/p>\n<p>|\u00a0<em>Por\u00a0<\/em><em><a href=\"http:\/\/www.caminhosimples.com\/\" target=\"_blank\" rel=\"noopener noreferrer\">Caminho Simples<\/a><\/em><em>\u00a0<\/em>|<\/p>\n<p>Em nossa cultura, a for\u00e7a masculina foi distorcida e a feminina calada. Acabamos hipervalorizando imagens de poder, supremacia e controle. E isso \u00e9 f\u00e1cil de entender. O feminino nos preenche de tal forma que muitas coisas da vida moderna se tornariam dispens\u00e1veis. Haveria menos ansiedade e consumo. Mais colo e carinho.<\/p>\n<p>Mesmo com lavagens cerebrais por parte da m\u00eddia, essas sabedorias jamais se perdem. Est\u00e3o na natureza. Nos astros. Em n\u00f3s.<\/p>\n<p>A energia feminina pode ser expressa pelo cora\u00e7\u00e3o amplo de qualquer pessoa. Ela relaxa e sacia. Faz amor. Une por dentro. A energia masculina tamb\u00e9m tem seu jeito de amar. Penetra, questiona, semeia. Serve de farol. Homens e mulheres a demonstraram no decorrer da Hist\u00f3ria, afirmando seu prop\u00f3sito de vida pacificamente num meio desafiador: Mandela, Gandhi, Luther King, Madre Teresa, Nise da Silveira e tantos mais.<\/p>\n<p>Existe uma tentativa insistente para se enquadrar homens e mulheres em perfis de compra. Mas o feminino e o masculino s\u00e3o for\u00e7as que v\u00e3o muito al\u00e9m das caricaturas das gravatas ou maquiagens das propagandas. Estilos e formas podem ser muitos. Para quem transcende os estere\u00f3tipos, h\u00e1 algo em comum: o masculino e o feminino s\u00e3o gentis. Se expressam de modos diferentes, mas s\u00e3o gentis. Parece que, no \u00edntimo, homens e mulheres descobrem que n\u00e3o s\u00e3o autossuficientes. Ent\u00e3o, ficam mansos. E passam a olhar com ternura pra quem eles tanto precisam.<\/p>\n","protected":false},"excerpt":{"rendered":"<p>&nbsp; |\u00a0Por\u00a0Caminho Simples\u00a0| Em nossa cultura, a for\u00e7a masculina foi distorcida e a feminina calada. Acabamos hipervalorizando imagens de poder, supremacia e controle. E isso \u00e9 f\u00e1cil de entender. O feminino nos preenche de tal forma que muitas coisas da vida moderna se tornariam dispens\u00e1veis. Haveria menos ansiedade e consumo. Mais colo e carinho. Mesmo [&hellip;]<\/p>\n","protected":false},"author":1,"featured_media":29720,"comment_status":"open","ping_status":"open","sticky":false,"template":"","format":"standard","meta":{"om_disable_all_campaigns":false,"_monsterinsights_skip_tracking":false,"_monsterinsights_sitenote_active":false,"_monsterinsights_sitenote_note":"","_monsterinsights_sitenote_category":0,"footnotes":""},"categories":[10],"tags":[540,147,553],"acf":[],"publishpress_future_action":{"enabled":false,"date":"1969-12-31 21:00:00","action":"","terms":[],"taxonomy":"","browser_timezone_offset":0},"_links":{"self":[{"href":"https:\/\/portalfloresnoar.com\/floresnoar\/wp-json\/wp\/v2\/posts\/29719"}],"collection":[{"href":"https:\/\/portalfloresnoar.com\/floresnoar\/wp-json\/wp\/v2\/posts"}],"about":[{"href":"https:\/\/portalfloresnoar.com\/floresnoar\/wp-json\/wp\/v2\/types\/post"}],"author":[{"embeddable":true,"href":"https:\/\/portalfloresnoar.com\/floresnoar\/wp-json\/wp\/v2\/users\/1"}],"replies":[{"embeddable":true,"href":"https:\/\/portalfloresnoar.com\/floresnoar\/wp-json\/wp\/v2\/comments?post=29719"}],"version-history":[{"count":0,"href":"https:\/\/portalfloresnoar.com\/floresnoar\/wp-json\/wp\/v2\/posts\/29719\/revisions"}],"wp:featuredmedia":[{"embeddable":true,"href":"https:\/\/portalfloresnoar.com\/floresnoar\/wp-json\/wp\/v2\/media\/29720"}],"wp:attachment":[{"href":"https:\/\/portalfloresnoar.com\/floresnoar\/wp-json\/wp\/v2\/media?parent=29719"}],"wp:term":[{"taxonomy":"category","embeddable":true,"href":"https:\/\/portalfloresnoar.com\/floresnoar\/wp-json\/wp\/v2\/categories?post=29719"},{"taxonomy":"post_tag","embeddable":true,"href":"https:\/\/portalfloresnoar.com\/floresnoar\/wp-json\/wp\/v2\/tags?post=29719"}],"curies":[{"name":"wp","href":"https:\/\/api.w.org\/{rel}","templated":true}]}}