

{"id":29702,"date":"2017-06-30T15:31:38","date_gmt":"2017-06-30T18:31:38","guid":{"rendered":"http:\/\/portalfloresnoar.com\/floresnoar\/?p=29702"},"modified":"2017-07-12T10:19:18","modified_gmt":"2017-07-12T13:19:18","slug":"agenda-pe-formacao-em-psicoterapia-reencarnacionista-e-regressao-em-criancas-a-partir-de-307-no-recife","status":"publish","type":"post","link":"https:\/\/portalfloresnoar.com\/floresnoar\/agenda-pe-formacao-em-psicoterapia-reencarnacionista-e-regressao-em-criancas-a-partir-de-307-no-recife\/","title":{"rendered":"[AGENDA PE] Forma\u00e7\u00e3o em Psicoterapia Reencarnacionista e Regress\u00e3o em Crian\u00e7as, a partir de 30\/7, no Recife"},"content":{"rendered":"<p><img decoding=\"async\" loading=\"lazy\" class=\"aligncenter wp-image-29715\" src=\"http:\/\/portalfloresnoar.com\/floresnoar\/wp-content\/uploads\/2017\/06\/psicoterapia-reencarnacionista-em-criancas.jpg\" alt=\"\" width=\"636\" height=\"795\" srcset=\"https:\/\/portalfloresnoar.com\/floresnoar\/wp-content\/uploads\/2017\/06\/psicoterapia-reencarnacionista-em-criancas.jpg 700w, https:\/\/portalfloresnoar.com\/floresnoar\/wp-content\/uploads\/2017\/06\/psicoterapia-reencarnacionista-em-criancas-240x300.jpg 240w\" sizes=\"(max-width: 636px) 100vw, 636px\" \/><\/p>\n<p>A psicoterapeuta Reencarnacionista Juliana Vergutz realiza no segundo semestre de 2017, \u00a0Espa\u00e7o Gerar, no Recife, a\u00a0Forma\u00e7\u00e3o em Psicoterapia Reencarnacionista e Regress\u00e3o em Crian\u00e7as. O curso acontece de julho a dezembro, com um encontro mensal, sempre no \u00faltimo domingo de cada m\u00eas, das 8h30 \u00e0s 18h.<\/p>\n<p><strong>In\u00edcio:<\/strong> 30 de julho de 2017<br \/>\n<strong>Hora:<\/strong> 8h30 \u00e0s 18h<br \/>\n<strong>Local:<\/strong> Gerar Arteterapia e Bem-Estar &#8211; Rua Jorge de Albuquerque, 103, Casa Forte, Recife\/PE<br \/>\n<strong>Facilitadora:<\/strong>\u00a0Juliana Vergutz &#8211; vice-presidente da Associa\u00e7\u00e3o Brasileira de Psicoterapia Reencarnacionista (ABPR)<br \/>\n<strong>Mensalidade:<\/strong> R$ 320,00<\/p>\n<p><strong>Inscri\u00e7\u00f5es e mais informa\u00e7\u00f5es:<\/strong><br \/>\njulianaregressao@hotmail.com<br \/>\ngerararterapia@gmail.com<br \/>\n(81) 3268.1749<br \/>\n(51) 98222.0766<\/p>\n","protected":false},"excerpt":{"rendered":"<p>A psicoterapeuta Reencarnacionista Juliana Vergutz realiza no segundo semestre de 2017, \u00a0Espa\u00e7o Gerar, no Recife, a\u00a0Forma\u00e7\u00e3o em Psicoterapia Reencarnacionista e Regress\u00e3o em Crian\u00e7as. O curso acontece de julho a dezembro, com um encontro mensal, sempre no \u00faltimo domingo de cada m\u00eas, das 8h30 \u00e0s 18h. In\u00edcio: 30 de julho de 2017 Hora: 8h30 \u00e0s 18h [&hellip;]<\/p>\n","protected":false},"author":1,"featured_media":29738,"comment_status":"open","ping_status":"open","sticky":false,"template":"","format":"standard","meta":{"om_disable_all_campaigns":false,"_monsterinsights_skip_tracking":false,"_monsterinsights_sitenote_active":false,"_monsterinsights_sitenote_note":"","_monsterinsights_sitenote_category":0,"footnotes":""},"categories":[8,224,214],"tags":[167,158,399],"acf":[],"publishpress_future_action":{"enabled":false,"date":"1969-12-31 21:00:00","action":"","terms":[],"taxonomy":"","browser_timezone_offset":0},"_links":{"self":[{"href":"https:\/\/portalfloresnoar.com\/floresnoar\/wp-json\/wp\/v2\/posts\/29702"}],"collection":[{"href":"https:\/\/portalfloresnoar.com\/floresnoar\/wp-json\/wp\/v2\/posts"}],"about":[{"href":"https:\/\/portalfloresnoar.com\/floresnoar\/wp-json\/wp\/v2\/types\/post"}],"author":[{"embeddable":true,"href":"https:\/\/portalfloresnoar.com\/floresnoar\/wp-json\/wp\/v2\/users\/1"}],"replies":[{"embeddable":true,"href":"https:\/\/portalfloresnoar.com\/floresnoar\/wp-json\/wp\/v2\/comments?post=29702"}],"version-history":[{"count":0,"href":"https:\/\/portalfloresnoar.com\/floresnoar\/wp-json\/wp\/v2\/posts\/29702\/revisions"}],"wp:featuredmedia":[{"embeddable":true,"href":"https:\/\/portalfloresnoar.com\/floresnoar\/wp-json\/wp\/v2\/media\/29738"}],"wp:attachment":[{"href":"https:\/\/portalfloresnoar.com\/floresnoar\/wp-json\/wp\/v2\/media?parent=29702"}],"wp:term":[{"taxonomy":"category","embeddable":true,"href":"https:\/\/portalfloresnoar.com\/floresnoar\/wp-json\/wp\/v2\/categories?post=29702"},{"taxonomy":"post_tag","embeddable":true,"href":"https:\/\/portalfloresnoar.com\/floresnoar\/wp-json\/wp\/v2\/tags?post=29702"}],"curies":[{"name":"wp","href":"https:\/\/api.w.org\/{rel}","templated":true}]}}