

{"id":29693,"date":"2017-05-12T07:38:25","date_gmt":"2017-05-12T10:38:25","guid":{"rendered":"http:\/\/portalfloresnoar.com\/floresnoar\/?p=29693"},"modified":"2017-07-19T10:51:05","modified_gmt":"2017-07-19T13:51:05","slug":"agenda-pe-grupo-terapeutico-roda-de-meninas-a-partir-de-187-no-recife","status":"publish","type":"post","link":"https:\/\/portalfloresnoar.com\/floresnoar\/agenda-pe-grupo-terapeutico-roda-de-meninas-a-partir-de-187-no-recife\/","title":{"rendered":"[AGENDA PE] Grupo Terap\u00eautico Roda de Meninas &#8211; reuni\u00f5es abertas aos pais dias 14\/7 e 17\/7"},"content":{"rendered":"<p><img decoding=\"async\" loading=\"lazy\" class=\"aligncenter size-full wp-image-29703\" src=\"http:\/\/portalfloresnoar.com\/floresnoar\/wp-content\/uploads\/2017\/06\/roda-de-meninas-no-recife.jpg\" alt=\"\" width=\"700\" height=\"990\" srcset=\"https:\/\/portalfloresnoar.com\/floresnoar\/wp-content\/uploads\/2017\/06\/roda-de-meninas-no-recife.jpg 700w, https:\/\/portalfloresnoar.com\/floresnoar\/wp-content\/uploads\/2017\/06\/roda-de-meninas-no-recife-212x300.jpg 212w\" sizes=\"(max-width: 700px) 100vw, 700px\" \/><\/p>\n<p>A terapeuta Carla de Paula realiza nos meses de julho e agosto, no Recife, a Roda de Meninas, um trabalho terap\u00eautico de grupo com foco em adolescentes para trabalhar, principalmente, o fortalecimento psicol\u00f3gico e a harmoniza\u00e7ao das participantes com suas respectivas fam\u00edlias. <strong>Para apresenta\u00e7\u00e3o e maior entendimento sobre o trabalho a ser desenvolvido, ser\u00e3o oferecidas reuni\u00f5es abertas aos pais\/respons\u00e1veis nos dias 14\/07 e 17\/07, \u00e0s 19h30, no local do trabalho (Rua Nicar\u00e1gua, 85, sala 2d2, Espinheiro). Os interessados podem comparecer em um dos dois dias. Na ocasi\u00e3o, os pais que desejarem poder\u00e3o inscrever suas filhas.<\/strong><\/p>\n<p>Aspectos como libera\u00e7\u00e3o de pesos familiares, maior autoconsci\u00eancia de processos emocionais, libera\u00e7\u00e3o de traumas, resgate da for\u00e7a interior, autoconhecimento para a liberdade e auto-responsabilidade s\u00e3o o prop\u00f3sito dos encontros. O p\u00fablico-alvo s\u00e3o meninas adolescentes de 15 a 17 anos.<\/p>\n<p>A metodologia envolve principalmente a Constela\u00e7\u00e3o Familiar Sist\u00eamica, atrav\u00e9s de exerc\u00edcios e abertura de constela\u00e7\u00f5es. Din\u00e2micas de grupo, debates e partilhas servir\u00e3o para o aprendizado m\u00fatuo e o fortalecimento psicol\u00f3gico das meninas enquanto grupo e sujeitos de sua pr\u00f3pria vida. Al\u00e9m disso, a ideia \u00e9 chegar num lugar de maior aceita\u00e7\u00e3o da fam\u00edlia, cultivando a concilia\u00e7\u00e3o e o equil\u00edbrio intra-familiares para um maior entendimento m\u00fatuo.<\/p>\n<p>\u201cEsse trabalho parte do pressuposto de que a fase da adolesc\u00eancia \u00e9 permeada de muitas descobertas e experimenta\u00e7\u00f5es, o que a torna bastante conturbada e pode levar \u00e0 fragilidade emocional, principalmente entre as mulheres que socialmente s\u00e3o mais vulner\u00e1veis. Portanto, o trabalho tamb\u00e9m visa fortalecer as meninas para o autocuidado e prote\u00e7\u00e3o diante de suas rela\u00e7\u00f5es\u201d, explica Carla de Paula.<\/p>\n<p>Ser\u00e3o 10 encontros tem\u00e1ticos, duas tardes por semana. Ao final, os pais que tiverem interesse poder\u00e3o marcar um encontro com a facilitadora em que ser\u00e1 oferecido um \u201colhar sist\u00eamico\u201d sobre a participante, a fim de apontar poss\u00edveis caminhos de maior harmonia e evolu\u00e7\u00e3o familiar.<\/p>\n<p>A inscri\u00e7\u00e3o deve ser feita previamente atrav\u00e9s dos pais ou respons\u00e1veis (n\u00e3o ser\u00e3o aceitas inscri\u00e7\u00f5es solicitadas apenas pelas adolescentes).<\/p>\n<p>FACILITADORA<br \/>\n<strong>Carla de Paula Campos<\/strong><br \/>\nSoci\u00f3loga; Consteladora Familiar Sist\u00eamica formada pelo Instituto Constelar\/PE; Certifica\u00e7\u00e3o Internacional em Constela\u00e7\u00f5es Familiares pela INDEVISO (conclus\u00e3o prevista: 16\/07\/17); Participa\u00e7\u00e3o em: Semin\u00e1rio de Mulheres com Sophie Hellinger; Encontro Mundial de C\u00edrculos de Mulheres; Teatro para Mulheres com Hilda Torres. Experi\u00eancia em: Educa\u00e7\u00e3o social de crian\u00e7as e adolescentes; Pol\u00edticas para as mulheres na gest\u00e3o p\u00fablica estadual; Projetos sociais na \u00e1rea de g\u00eanero; Ensino de pr\u00e9-vestibular.<\/p>\n<h5>TEMAS<\/h5>\n<p><strong>Semana 1: O meu lugar na fam\u00edlia<\/strong><br \/>\n18\/07 &#8211; Ter\u00e7a: Fam\u00edlia &#8211; minha origem<br \/>\n21\/07 &#8211; Sexta: harmonia e conflitos geracionais<\/p>\n<p><strong>Semana 2: Resgatando a cura ancestral<\/strong><br \/>\n25\/07 \u2013 Ter\u00e7a: Os dons da fam\u00edlia<br \/>\n28\/07 \u2013 Sexta: Olhando para frente<\/p>\n<p><strong>Semana 3: O meu lugar no mundo: voca\u00e7\u00e3o<\/strong><br \/>\n01\/08 \u2013 Ter\u00e7a: Voca\u00e7\u00f5es, Rela\u00e7\u00f5es e relacionamentos<br \/>\n04\/08 \u2013 Sexta: Entre a descoberta e a vulnerabilidade<\/p>\n<p><strong>Semana 4: O amor e a sexualidade saud\u00e1veis:<\/strong><br \/>\n08\/08 &#8211; Ter\u00e7a: O equil\u00edbrio nas rela\u00e7\u00f5es<br \/>\n11\/08 &#8211; Sexta: a seguran\u00e7a f\u00edsica e emocional<\/p>\n<p><strong>Semana 5: A pot\u00eancia e a prote\u00e7\u00e3o do meu corpo<\/strong><br \/>\n15\/08 &#8211; Ter\u00e7a: Corpo, Drogas e vulnerabilidade<br \/>\n18\/08 &#8211; Sexta: Bem estar do corpo e da mente + Encerramento<\/p>\n<p><strong>Faixa et\u00e1ria:<\/strong> Meninas adolescentes de 15 a 17 anos<br \/>\n<strong>Per\u00edodo:<\/strong> 18\/07 a 18\/08 &#8211; 5 semanas, 2x por semana<br \/>\n<strong>Dias\/Hor\u00e1rios:<\/strong> ter\u00e7as e sextas, das 14h \u00e0s 17h<br \/>\n<strong>Local:<\/strong> sConstTear (Rua Nicar\u00e1gua, 85, sala 2d2, Espinheiro\/Recife \u2013 na rua do \u2018Medical\u2019 da Agamenon Magalh\u00e3es)<br \/>\n<strong>Inscri\u00e7\u00e3o individual:<\/strong> R$ 375<br \/>\n<strong>Inscri\u00e7\u00e3o em dupla:<\/strong> R$ 700 \u2013 amigas ou parentes (a consultar)<br \/>\n<em>(o pagamento pode ser feito no cart\u00e3o de cr\u00e9dito, dividido em at\u00e9 3x)<\/em><\/p>\n<p><strong>Contatos para Inscri\u00e7\u00e3o:<\/strong><br \/>\nE-mail: carladepaulacampos@gmail.com<br \/>\nFone: 99655.0212 (tim e whatsapp)<br \/>\nFacebook:<a href=\"https:\/\/www.facebook.com\/CSX-Sconsttear-1066800696729898\/\" target=\"_blank\" rel=\"noopener\"> https:\/\/www.facebook.com\/CSX-Sconsttear-1066800696729898\/<\/a><\/p>\n","protected":false},"excerpt":{"rendered":"<p>A terapeuta Carla de Paula realiza nos meses de julho e agosto, no Recife, a Roda de Meninas, um trabalho terap\u00eautico de grupo com foco em adolescentes para trabalhar, principalmente, o fortalecimento psicol\u00f3gico e a harmoniza\u00e7ao das participantes com suas respectivas fam\u00edlias. Para apresenta\u00e7\u00e3o e maior entendimento sobre o trabalho a ser desenvolvido, ser\u00e3o oferecidas [&hellip;]<\/p>\n","protected":false},"author":1,"featured_media":29706,"comment_status":"open","ping_status":"open","sticky":false,"template":"","format":"standard","meta":{"om_disable_all_campaigns":false,"_monsterinsights_skip_tracking":false,"_monsterinsights_sitenote_active":false,"_monsterinsights_sitenote_note":"","_monsterinsights_sitenote_category":0,"footnotes":""},"categories":[8,214],"tags":[369,531,137,563],"acf":[],"publishpress_future_action":{"enabled":false,"date":"1969-12-31 21:00:00","action":"","terms":[],"taxonomy":"","browser_timezone_offset":0},"_links":{"self":[{"href":"https:\/\/portalfloresnoar.com\/floresnoar\/wp-json\/wp\/v2\/posts\/29693"}],"collection":[{"href":"https:\/\/portalfloresnoar.com\/floresnoar\/wp-json\/wp\/v2\/posts"}],"about":[{"href":"https:\/\/portalfloresnoar.com\/floresnoar\/wp-json\/wp\/v2\/types\/post"}],"author":[{"embeddable":true,"href":"https:\/\/portalfloresnoar.com\/floresnoar\/wp-json\/wp\/v2\/users\/1"}],"replies":[{"embeddable":true,"href":"https:\/\/portalfloresnoar.com\/floresnoar\/wp-json\/wp\/v2\/comments?post=29693"}],"version-history":[{"count":0,"href":"https:\/\/portalfloresnoar.com\/floresnoar\/wp-json\/wp\/v2\/posts\/29693\/revisions"}],"wp:featuredmedia":[{"embeddable":true,"href":"https:\/\/portalfloresnoar.com\/floresnoar\/wp-json\/wp\/v2\/media\/29706"}],"wp:attachment":[{"href":"https:\/\/portalfloresnoar.com\/floresnoar\/wp-json\/wp\/v2\/media?parent=29693"}],"wp:term":[{"taxonomy":"category","embeddable":true,"href":"https:\/\/portalfloresnoar.com\/floresnoar\/wp-json\/wp\/v2\/categories?post=29693"},{"taxonomy":"post_tag","embeddable":true,"href":"https:\/\/portalfloresnoar.com\/floresnoar\/wp-json\/wp\/v2\/tags?post=29693"}],"curies":[{"name":"wp","href":"https:\/\/api.w.org\/{rel}","templated":true}]}}