

{"id":29534,"date":"2021-06-21T06:47:01","date_gmt":"2021-06-21T09:47:01","guid":{"rendered":"http:\/\/portalfloresnoar.com\/floresnoar\/?p=29534"},"modified":"2022-02-22T12:45:15","modified_gmt":"2022-02-22T15:45:15","slug":"inverno-tempo-de-recolhimento-e-reflexao","status":"publish","type":"post","link":"https:\/\/portalfloresnoar.com\/floresnoar\/inverno-tempo-de-recolhimento-e-reflexao\/","title":{"rendered":"[CANTO DE LU] Inverno: tempo de recolhimento e reflex\u00e3o"},"content":{"rendered":"<p><img decoding=\"async\" loading=\"lazy\" class=\"aligncenter wp-image-38240\" src=\"http:\/\/portalfloresnoar.com\/floresnoar\/wp-content\/uploads\/2017\/06\/solsticio-de-inverno_imagem-Lorri-Lang-por-Pixabay.jpg\" alt=\"\" width=\"494\" height=\"329\" srcset=\"https:\/\/portalfloresnoar.com\/floresnoar\/wp-content\/uploads\/2017\/06\/solsticio-de-inverno_imagem-Lorri-Lang-por-Pixabay.jpg 1280w, https:\/\/portalfloresnoar.com\/floresnoar\/wp-content\/uploads\/2017\/06\/solsticio-de-inverno_imagem-Lorri-Lang-por-Pixabay-300x200.jpg 300w, https:\/\/portalfloresnoar.com\/floresnoar\/wp-content\/uploads\/2017\/06\/solsticio-de-inverno_imagem-Lorri-Lang-por-Pixabay-768x512.jpg 768w, https:\/\/portalfloresnoar.com\/floresnoar\/wp-content\/uploads\/2017\/06\/solsticio-de-inverno_imagem-Lorri-Lang-por-Pixabay-700x466.jpg 700w\" sizes=\"(max-width: 494px) 100vw, 494px\" \/><\/p>\n<p>|<em> Por Lu Rabelo* <\/em>|<\/p>\n<p><em>(publicado orginalmente em junho de 2020)<\/em><\/p>\n<p style=\"text-align: center;\"><em><strong>Se j\u00e1 estamos recolhido por conta do Isolamento Social, a chegada do inverno nos convida a nos interiorizar ainda mais e transformar o que n\u00e3o tem mais serventia.<\/strong><\/em><\/p>\n<p>Nos \u00faltimos anos venho\u00a0sentindo cada vez com mais intensidade a for\u00e7a de cada\u00a0esta\u00e7\u00e3o do ano, e buscando compreender a simbologia de cada ciclo em mim. Tenho percebido que s\u00e3o momentos que nos trazem grandes oportunidades de mudan\u00e7as, gra\u00e7as \u00e0s energias que cada esta\u00e7\u00e3o carrega. Vale lembrar que o que caracteriza as Esta\u00e7\u00f5es do Ano \u00e9 a varia\u00e7\u00e3o da luz solar que atinge a superf\u00edcie da Terra de diferentes formas de acordo com cada \u00e9poca.<\/p>\n<p>Neste 20 de junho de 2020, \u00e0s 18h44, quando o Sol entrou no signo de C\u00e2ncer, ocorreu o Solst\u00edcio de Inverno no Hemisf\u00e9rio Sul. \u00c9 quando ocorre a noite mais longa do ano (onde ficamos mais distante do Sol).\u00a0\u00a0E \u00e9 tamb\u00e9m a partir de agora que os dias come\u00e7ar\u00e3o novamente a se equiparar \u00e0s noites, at\u00e9 o Equin\u00f3cio da Primavera, daqui a tr\u00eas meses, por volta do dia 22 de setembro, quando dia e noite ter\u00e3o a mesma dura\u00e7\u00e3o.<\/p>\n<p>Simbolicamente o Inverno \u00e9 associado\u00a0\u00e0 morte, ao desconhecido, \u00e0 escurid\u00e3o. \u00c9 tamb\u00e9m o momento do ano que marca o retorno gradativo da luz, no sentindo real e simb\u00f3lico.<\/p>\n<p>Venho percebendo que, apesar de no Brasil a gente n\u00e3o ter as esta\u00e7\u00f5es t\u00e3o marcadas, esses ciclos t\u00eam muito sentido. Como nos lembra a idealizadora do projeto Caminhando em Beleza, Elisa Rodrigues, &#8220;ap\u00f3s o plantio na Primavera, o amadurecimento no Ver\u00e3o, a colheita no Outono, chega ent\u00e3o o Inverno, momento de olhar as sementes,\u00a0ver o que valeu \u00e0 pena e o que j\u00e1 n\u00e3o faz sentido, para ent\u00e3o se desfazer\u00a0do que n\u00e3o serve mais&#8221;.<\/p>\n<p>Esses dias, conversando com uma amiga, est\u00e1vamos falando sobre cartas, bilhetes, coisas do passado que guardamos e que j\u00e1 n\u00e3o fazem mais sentido. Foi ent\u00e3o que ela disse: &#8211; bora aproveitar o S\u00e3o Jo\u00e3o e queimar tudo na fogueira! Adorei a ideia. Acho que\u00a0esta \u00e9 uma a\u00e7\u00e3o que tem tudo a ver com a energia invernal. <em>[Mas, devido ao Covid-19, h\u00e1 a orienta\u00e7\u00e3o de n\u00e3o fazermos fogueira neste ano, ent\u00e3o uma op\u00e7\u00e3o \u00e9 colocar o que se quer queimar numa panela ou tigela de barro e tocar fogo ali mesmo.]\u00a0<\/em><\/p>\n<p>No site<a href=\"http:\/\/www.xamanismo.com.br\" target=\"_blank\" rel=\"noopener noreferrer\"> xamanismo.com.br<\/a>, li um texto que reitera o que \u00a0planejamos para este S\u00e3o Jo\u00e3o: &#8220;\u00e9\u00a0o momento de libertar-se de velhos padr\u00f5es emocionais, acontecimentos passados que influenciam negativamente o momento presente e de tudo o que n\u00e3o \u00e9 saud\u00e1vel na vida. \u00c9 o momento de queimar simbolicamente tudo o que n\u00e3o serve mais e, dessa forma, abrir espa\u00e7o para o novo, trazendo mais equil\u00edbrio e objetividade para a vida.&#8221; :)<\/p>\n<p>O texto tamb\u00e9m ressalta ser uma \u00f3tima ocasi\u00e3o para fazer limpezas, tanto a n\u00edvel f\u00edsico, desintoxicando o corpo, como\u00a0mental (livrar-se de velhas id\u00e9ias, cren\u00e7as limitantes, pensamentos negativos, preconceitos) e emocional (culpa, m\u00e1goa, lixos emocionais). \u00c9 um tempo prop\u00edcio para renova\u00e7\u00e3o. &#8220;No corpo f\u00edsico, procurar por alimentos puros, integrais, respirar bem, \u00a0ter atitudes saud\u00e1veis, purificar o corpo. No mental, olhar para o mundo com os olhos de uma crian\u00e7a, livrar-se dos preconceitos, sarcasmos, julgamentos, fofocas, intrigas. No n\u00edvel emocional, praticar a honestidade, a espontaneidade, receptividade, integridade, buscar equil\u00edbrio, autorrealiza\u00e7\u00e3o, amor pr\u00f3prio. No espiritual, se abrir para o encontro com o Eu Superior, com a alma. Buscar a Ess\u00eancia Divina e confiar mais.&#8221;<\/p>\n<p>\u00c9 comum a gente lembrar do termo &#8216;hibernar&#8217;, quando se ouve falar em Inverno. E \u00e9 isso mesmo. Inverno \u00e9 tempo de introspec\u00e7\u00e3o, recolhimento, repouso, acolhimento, autoprote\u00e7\u00e3o, sil\u00eancio, medita\u00e7\u00e3o, contempla\u00e7\u00e3o, reflex\u00e3o, revis\u00e3o, avalia\u00e7\u00e3o, aceita\u00e7\u00e3o.\u00a0\u00a0Com o Sol em C\u00e2ncer, um bom momento para mergulhar nas emo\u00e7\u00f5es, dar aten\u00e7\u00e3o ao interior, \u00e0 fam\u00edlia, desacelerar, aquietar, desapegar do que precisa ir e perdoar a si e aos outros.\u00a0\u00c9 tempo de aprender a ter paci\u00eancia! Ocasi\u00e3o ideal para mergulhar no autoconhecimento, na sabedoria interior, no autodesenvolvimento.<\/p>\n<p>O astr\u00f3logo Dimitri Camiloto, sobre o Solst\u00edcio de Inverno, diz: &#8220;A escurid\u00e3o maior \u00e9 o marco divis\u00f3rio entre um tempo que passou e um novo que se inicia. A partir de agora o Sol Invictus retornar\u00e1 gradativamente e cada vez mais glorioso, mas \u00e9 preciso existir aceita\u00e7\u00e3o e compreens\u00e3o de que sempre existe um processo de estagna\u00e7\u00e3o, morte, enriquecimento do solo com a mat\u00e9ria que se decomp\u00f5e dessa morte, germina\u00e7\u00e3o e renascimento.&#8221;<\/p>\n<p>Que nos permitamos invernar, fertilizando\u00a0o solo para Primavera!<\/p>\n<p><em>* Lu Rabelo\u00a0\u00e9\u00a0<a href=\"https:\/\/www.facebook.com\/cantadeiralu\" target=\"_blank\" rel=\"noopener\">cantadeira<\/a>, <a href=\"https:\/\/www.instagram.com\/jardimarteterapeutico\/\" target=\"_blank\" rel=\"noopener\">arteterapeuta<\/a>, jornalista e editora do <a href=\"http:\/\/portalfloresnoar.com\/\" target=\"_blank\" rel=\"noopener\">Portal Flores no Ar.<\/a><\/em><\/p>\n","protected":false},"excerpt":{"rendered":"<p>| Por Lu Rabelo* | (publicado orginalmente em junho de 2020) Se j\u00e1 estamos recolhido por conta do Isolamento Social, a chegada do inverno nos convida a nos interiorizar ainda mais e transformar o que n\u00e3o tem mais serventia. Nos \u00faltimos anos venho\u00a0sentindo cada vez com mais intensidade a for\u00e7a de cada\u00a0esta\u00e7\u00e3o do ano, e [&hellip;]<\/p>\n","protected":false},"author":1,"featured_media":38240,"comment_status":"open","ping_status":"open","sticky":false,"template":"","format":"standard","meta":{"om_disable_all_campaigns":false,"_monsterinsights_skip_tracking":false,"_monsterinsights_sitenote_active":false,"_monsterinsights_sitenote_note":"","_monsterinsights_sitenote_category":0,"footnotes":""},"categories":[227,220,224],"tags":[499,136,19,556,557],"acf":[],"publishpress_future_action":{"enabled":false,"date":"1969-12-31 21:00:00","action":"","terms":[],"taxonomy":"","browser_timezone_offset":0},"_links":{"self":[{"href":"https:\/\/portalfloresnoar.com\/floresnoar\/wp-json\/wp\/v2\/posts\/29534"}],"collection":[{"href":"https:\/\/portalfloresnoar.com\/floresnoar\/wp-json\/wp\/v2\/posts"}],"about":[{"href":"https:\/\/portalfloresnoar.com\/floresnoar\/wp-json\/wp\/v2\/types\/post"}],"author":[{"embeddable":true,"href":"https:\/\/portalfloresnoar.com\/floresnoar\/wp-json\/wp\/v2\/users\/1"}],"replies":[{"embeddable":true,"href":"https:\/\/portalfloresnoar.com\/floresnoar\/wp-json\/wp\/v2\/comments?post=29534"}],"version-history":[{"count":0,"href":"https:\/\/portalfloresnoar.com\/floresnoar\/wp-json\/wp\/v2\/posts\/29534\/revisions"}],"wp:featuredmedia":[{"embeddable":true,"href":"https:\/\/portalfloresnoar.com\/floresnoar\/wp-json\/wp\/v2\/media\/38240"}],"wp:attachment":[{"href":"https:\/\/portalfloresnoar.com\/floresnoar\/wp-json\/wp\/v2\/media?parent=29534"}],"wp:term":[{"taxonomy":"category","embeddable":true,"href":"https:\/\/portalfloresnoar.com\/floresnoar\/wp-json\/wp\/v2\/categories?post=29534"},{"taxonomy":"post_tag","embeddable":true,"href":"https:\/\/portalfloresnoar.com\/floresnoar\/wp-json\/wp\/v2\/tags?post=29534"}],"curies":[{"name":"wp","href":"https:\/\/api.w.org\/{rel}","templated":true}]}}