

{"id":29478,"date":"2017-04-14T13:55:16","date_gmt":"2017-04-14T16:55:16","guid":{"rendered":"http:\/\/portalfloresnoar.com\/floresnoar\/?p=29478"},"modified":"2017-07-17T08:40:32","modified_gmt":"2017-07-17T11:40:32","slug":"agenda-pe-oficina-de-bordado-dias-7-e-21-de-julho-no-lumen-novum","status":"publish","type":"post","link":"https:\/\/portalfloresnoar.com\/floresnoar\/agenda-pe-oficina-de-bordado-dias-7-e-21-de-julho-no-lumen-novum\/","title":{"rendered":"[AGENDA PE] Oficina de Bordado dias 7 e 21 de julho no Lumen Novum"},"content":{"rendered":"<p><img decoding=\"async\" loading=\"lazy\" class=\"aligncenter size-full wp-image-29479\" src=\"http:\/\/portalfloresnoar.com\/floresnoar\/wp-content\/uploads\/2017\/06\/oficina-de-bordado-no-recife.jpg\" alt=\"\" width=\"700\" height=\"840\" srcset=\"https:\/\/portalfloresnoar.com\/floresnoar\/wp-content\/uploads\/2017\/06\/oficina-de-bordado-no-recife.jpg 700w, https:\/\/portalfloresnoar.com\/floresnoar\/wp-content\/uploads\/2017\/06\/oficina-de-bordado-no-recife-250x300.jpg 250w\" sizes=\"(max-width: 700px) 100vw, 700px\" \/><\/p>\n<p>A arteterapeuta, psic\u00f3loga e bordadeira Nat\u00e1lia Vasconcellos facilita nos dias 7 e 21 de julho, no Lumen Novum, a Oficina de Bordado. A proposta \u00e9 utilizar as linhas\/fios, tecidos e agulhas como formas de express\u00f5es dos conte\u00fados internos, al\u00e9m\u00a0da possibilidade de resgate de mem\u00f3rias afetivas e o contato com o bordado como recurso arteterap\u00eautico. Qualquer pessoa interessada pode participar, n\u00e3o sendo necess\u00e1rio conhecimento t\u00e9cnico de bordado.<\/p>\n<p><strong>OFICINA DE BORDADO<\/strong><br \/>\n<strong>Data:<\/strong> 7 e 21 de julho de 2017<br \/>\n<strong>Hora:<\/strong> 14h30 \u00e0s 17h30<br \/>\n<strong>Local:<\/strong> LUMEN NOVUM &#8211; Rua Comendador Bernardino Costa, 117, Casa Forte, Recife\/PE.<br \/>\n<strong>Investimento:<\/strong> R$160,00 e 140,00 (estudante)<br \/>\n<em>Obs.: O material est\u00e1 incluso no valor<\/em><\/p>\n<p><strong>Inscri\u00e7\u00f5es:<\/strong> (81) 3266-3044 \/ 99659-6131<\/p>\n","protected":false},"excerpt":{"rendered":"<p>A arteterapeuta, psic\u00f3loga e bordadeira Nat\u00e1lia Vasconcellos facilita nos dias 7 e 21 de julho, no Lumen Novum, a Oficina de Bordado. A proposta \u00e9 utilizar as linhas\/fios, tecidos e agulhas como formas de express\u00f5es dos conte\u00fados internos, al\u00e9m\u00a0da possibilidade de resgate de mem\u00f3rias afetivas e o contato com o bordado como recurso arteterap\u00eautico. Qualquer [&hellip;]<\/p>\n","protected":false},"author":1,"featured_media":29483,"comment_status":"open","ping_status":"open","sticky":false,"template":"","format":"standard","meta":{"om_disable_all_campaigns":false,"_monsterinsights_skip_tracking":false,"_monsterinsights_sitenote_active":false,"_monsterinsights_sitenote_note":"","_monsterinsights_sitenote_category":0,"footnotes":""},"categories":[8,214],"tags":[45,301,328],"acf":[],"publishpress_future_action":{"enabled":false,"date":"1969-12-31 21:00:00","action":"","terms":[],"taxonomy":"","browser_timezone_offset":0},"_links":{"self":[{"href":"https:\/\/portalfloresnoar.com\/floresnoar\/wp-json\/wp\/v2\/posts\/29478"}],"collection":[{"href":"https:\/\/portalfloresnoar.com\/floresnoar\/wp-json\/wp\/v2\/posts"}],"about":[{"href":"https:\/\/portalfloresnoar.com\/floresnoar\/wp-json\/wp\/v2\/types\/post"}],"author":[{"embeddable":true,"href":"https:\/\/portalfloresnoar.com\/floresnoar\/wp-json\/wp\/v2\/users\/1"}],"replies":[{"embeddable":true,"href":"https:\/\/portalfloresnoar.com\/floresnoar\/wp-json\/wp\/v2\/comments?post=29478"}],"version-history":[{"count":0,"href":"https:\/\/portalfloresnoar.com\/floresnoar\/wp-json\/wp\/v2\/posts\/29478\/revisions"}],"wp:featuredmedia":[{"embeddable":true,"href":"https:\/\/portalfloresnoar.com\/floresnoar\/wp-json\/wp\/v2\/media\/29483"}],"wp:attachment":[{"href":"https:\/\/portalfloresnoar.com\/floresnoar\/wp-json\/wp\/v2\/media?parent=29478"}],"wp:term":[{"taxonomy":"category","embeddable":true,"href":"https:\/\/portalfloresnoar.com\/floresnoar\/wp-json\/wp\/v2\/categories?post=29478"},{"taxonomy":"post_tag","embeddable":true,"href":"https:\/\/portalfloresnoar.com\/floresnoar\/wp-json\/wp\/v2\/tags?post=29478"}],"curies":[{"name":"wp","href":"https:\/\/api.w.org\/{rel}","templated":true}]}}