

{"id":29454,"date":"2017-07-02T15:26:08","date_gmt":"2017-07-02T18:26:08","guid":{"rendered":"http:\/\/portalfloresnoar.com\/floresnoar\/?p=29454"},"modified":"2017-09-08T11:32:23","modified_gmt":"2017-09-08T14:32:23","slug":"agenda-pe-retiro-de-iniciacao-em-leitura-de-aura-de-7-a-15-de-setembro-no-recife","status":"publish","type":"post","link":"https:\/\/portalfloresnoar.com\/floresnoar\/agenda-pe-retiro-de-iniciacao-em-leitura-de-aura-de-7-a-15-de-setembro-no-recife\/","title":{"rendered":"[AGENDA PE] Retiro de Inicia\u00e7\u00e3o em Leitura de Aura, de 7 a 15 de setembro, no Recife"},"content":{"rendered":"<p>&nbsp;<\/p>\n<p><img decoding=\"async\" loading=\"lazy\" class=\"aligncenter size-full wp-image-29461\" src=\"https:\/\/portalfloresnoar.com\/floresnoar\/wp-content\/uploads\/2017\/06\/retiro-leitura-de-aura-recife.jpeg\" alt=\"\" width=\"700\" height=\"534\" srcset=\"https:\/\/portalfloresnoar.com\/floresnoar\/wp-content\/uploads\/2017\/06\/retiro-leitura-de-aura-recife.jpeg 700w, https:\/\/portalfloresnoar.com\/floresnoar\/wp-content\/uploads\/2017\/06\/retiro-leitura-de-aura-recife-300x229.jpeg 300w\" sizes=\"(max-width: 700px) 100vw, 700px\" \/><\/p>\n<p>De\u00a07 a 15 de setembro de 2017, ser\u00e1 realizado no Recife o\u00a0Retiro Leitura de Aura \u00a0N\u00edvel 1 &#8211; Inicia\u00e7\u00e3o em Leitura de Aura e Autoconhecimento, promovido pela Escola de Leitura de Aura das Rosas e Inkiri Piracanga.\u00a0\u00a0Durante os 9 dias de retiro, os participantes ter\u00e3o Inicia\u00e7\u00e3o em Medita\u00e7\u00e3o das Rosas, Inicia\u00e7\u00e3o em Reiki 1 e Inicia\u00e7\u00e3o em Leitura de Aura, al\u00e9m de viv\u00eancias em todas as noites de curso.<\/p>\n<p>O Retiro ser\u00e1 facilitado\u00a0Rael Godoy,\u00a0professor de Leitura de Aura e Medita\u00e7\u00e3o das Rosas. &#8220;O meu trabalho \u00e9 criar um espa\u00e7o em que as pessoas possam mergulhar no \u00a0autoconhecimento expandindo assim a pr\u00f3pria consci\u00eancia. Eu tamb\u00e9m facilito ferramentas para que elas se empoderem e possam sustentar a transforma\u00e7\u00e3o que queiram fazer para alinhar as suas vidas com a pureza do seu esp\u00edrito.&#8221; Rael Godoy estudou Leitura de Aura em Piracanga com Angelina Ata\u00edde e Am\u00e9lia Clark. Antes da sua caminhada espiritual, Rael se dedicava ao canto l\u00edrico, ao teatro e ao ensino de idiomas.<\/p>\n<p><strong>Novo pre\u00e7o<\/strong><br \/>\n<strong><em>Estamos refazendo as condi\u00e7\u00f5es para o curso de Leitura de Aura, com o objetivo de abranger mais pessoas, e para isso vamos fazer em Recife no bairro de Apipucos do dia 7 ao dia 15 de setembro, iniciando \u00e0s 8h finalizando \u00e0s 20h30, retornando para dormir em casa para diminuir os custos. Colocamos tamb\u00e9m a possibilidade de escolha com almo\u00e7o ou sem, sendo o caf\u00e9 da manh\u00e3 e jantar fora do curso.<\/em><\/strong><br \/>\n<strong> <em> Ficando as op\u00e7\u00f5es de pagamento a seguir:<\/em><\/strong><br \/>\n<strong> R$1.900,00 com almo\u00e7o<\/strong><br \/>\n<strong> R$1.700,00 sem almo\u00e7o<\/strong><br \/>\n<strong> dos quais R$1.200 s\u00e3o parcel\u00e1veis no cart\u00e3o em at\u00e9 6X, totalizando R$1.263 (taxa do cart\u00e3o). O restante, \u00e0 vista.<\/strong><\/p>\n<p><strong>Mais Informa\u00e7\u00f5es e Inscri\u00e7\u00f5es:<\/strong><br \/>\n(81) 99976-5826 Erika (erikaslins@gmail.com)<br \/>\n(81) 99829-3749 \u00cdcaro (icarotavares.la@gmail.com)<\/p>\n<p><em><strong>Confira <a href=\"https:\/\/portalfloresnoar.com\/floresnoar\/agenda-pe-rael-godoy-da-comunidade-inkiri-piracanga-realizara-encontros-e-atendimentos-de-4-a-179-no-recife\/\" target=\"_blank\" rel=\"noopener\">AQUI <\/a>toda a programa\u00e7\u00e3o de Rael Godoy , de 4 a 17 de setembro, no Recife!<\/strong><\/em><\/p>\n<p><em><strong>Saiba mais sobre a Leitura de Aura!<\/strong><\/em><\/p>\n<p><strong>O que \u00e9 Leitura de Aura?<\/strong><br \/>\nA Leitura de Aura \u00e9 uma profunda ferramenta de autoconhecimento. Em uma conversa de esp\u00edrito para esp\u00edrito, captamos, atrav\u00e9s da clarivid\u00eancia, clarissapi\u00eancia, clariaudi\u00eancia e outros sentidos ps\u00edquicos, informa\u00e7\u00f5es na aura que sejam importantes para o processo de crescimento e transforma\u00e7\u00e3o da pessoa que est\u00e1 sendo lida.<\/p>\n<p>Ao lermos a aura de uma pessoa, estamos lendo o seu estado interior, suas emo\u00e7\u00f5es, pensamentos, a\u00e7\u00f5es e potenciais. Descobrimos os registros do passado e as tend\u00eancias do presente que ajudam a determinar o futuro. Trazemos ao consciente o que est\u00e1 no inconsciente, facilitando a compreens\u00e3o e desbloqueio de problemas, padr\u00f5es de comportamento, cren\u00e7as e programas limitantes, e, eventualmente, doen\u00e7as e v\u00edcios. Durante a Leitura, tamb\u00e9m acontece uma limpeza energ\u00e9tica profunda.<\/p>\n<p><strong>De que forma isso acontece?<\/strong><br \/>\nA ferramenta da Leitura de Aura tem como base a Medita\u00e7\u00e3o das Rosas, uma t\u00e9cnica de limpeza e prote\u00e7\u00e3o energ\u00e9tica que auxilia os terapeutas a acessarem um estado de neutralidade, podendo realizar as Leituras sem interfer\u00eancias.<\/p>\n<p>A Leitura de Aura acessa a energia dos chacras no momento presente e tamb\u00e9m mem\u00f3rias de padr\u00f5es coletivos (vidas passadas da humanidade) para trazer clareza para os comportamentos repetitivos que atravancam a evolu\u00e7\u00e3o espiritual de quem est\u00e1 sendo lido.<br \/>\nAo acessar estes padr\u00f5es energ\u00e9ticos, a pessoa passa a reconhecer sua origem e como atuam em sua vida, tornando poss\u00edvel libertar-se de comportamentos como: medo, raiva, conflitos, escassez e emo\u00e7\u00f5es destrutivas. A Leitura de Aura tamb\u00e9m ajuda a potencializar habilidades, como: paci\u00eancia, criatividade, compaix\u00e3o, amor e etc.<\/p>\n<p>A pessoa passa, ent\u00e3o, a ter uma compreens\u00e3o mais clara sobre sua atua\u00e7\u00e3o no mundo atrav\u00e9s da percep\u00e7\u00e3o consciente das din\u00e2micas que vivem no inconsciente, e aprende a separar suas energias das energias que n\u00e3o lhe pertencem.<\/p>\n<p>Todas as pessoas podem beneficiar-se da Leitura de Aura, desde beb\u00eas ainda no ventre materno, passando por fam\u00edlias inteiras e at\u00e9 mesmo grupos de pessoas que atuam juntas em projetos, empresas e\/ou grupos espirituais.<\/p>\n<p>E o mais especial \u00e9 que todas as pessoas podem ler auras! \u00c9 simples e natural!<\/p>\n<p><em><strong>(Fonte:<a href=\"http:\/\/escoladeleituradeaura.com.br\"> Escola de Leitura de Aura das Rosas<\/a>)<\/strong><\/em><\/p>\n","protected":false},"excerpt":{"rendered":"<p>&nbsp; De\u00a07 a 15 de setembro de 2017, ser\u00e1 realizado no Recife o\u00a0Retiro Leitura de Aura \u00a0N\u00edvel 1 &#8211; Inicia\u00e7\u00e3o em Leitura de Aura e Autoconhecimento, promovido pela Escola de Leitura de Aura das Rosas e Inkiri Piracanga.\u00a0\u00a0Durante os 9 dias de retiro, os participantes ter\u00e3o Inicia\u00e7\u00e3o em Medita\u00e7\u00e3o das Rosas, Inicia\u00e7\u00e3o em Reiki 1 [&hellip;]<\/p>\n","protected":false},"author":1,"featured_media":29466,"comment_status":"open","ping_status":"open","sticky":false,"template":"","format":"standard","meta":{"om_disable_all_campaigns":false,"_monsterinsights_skip_tracking":false,"_monsterinsights_sitenote_active":false,"_monsterinsights_sitenote_note":"","_monsterinsights_sitenote_category":0,"footnotes":""},"categories":[8,214],"tags":[167,246,551],"acf":[],"publishpress_future_action":{"enabled":false,"date":"1969-12-31 21:00:00","action":"","terms":[],"taxonomy":"","browser_timezone_offset":0},"_links":{"self":[{"href":"https:\/\/portalfloresnoar.com\/floresnoar\/wp-json\/wp\/v2\/posts\/29454"}],"collection":[{"href":"https:\/\/portalfloresnoar.com\/floresnoar\/wp-json\/wp\/v2\/posts"}],"about":[{"href":"https:\/\/portalfloresnoar.com\/floresnoar\/wp-json\/wp\/v2\/types\/post"}],"author":[{"embeddable":true,"href":"https:\/\/portalfloresnoar.com\/floresnoar\/wp-json\/wp\/v2\/users\/1"}],"replies":[{"embeddable":true,"href":"https:\/\/portalfloresnoar.com\/floresnoar\/wp-json\/wp\/v2\/comments?post=29454"}],"version-history":[{"count":0,"href":"https:\/\/portalfloresnoar.com\/floresnoar\/wp-json\/wp\/v2\/posts\/29454\/revisions"}],"wp:featuredmedia":[{"embeddable":true,"href":"https:\/\/portalfloresnoar.com\/floresnoar\/wp-json\/wp\/v2\/media\/29466"}],"wp:attachment":[{"href":"https:\/\/portalfloresnoar.com\/floresnoar\/wp-json\/wp\/v2\/media?parent=29454"}],"wp:term":[{"taxonomy":"category","embeddable":true,"href":"https:\/\/portalfloresnoar.com\/floresnoar\/wp-json\/wp\/v2\/categories?post=29454"},{"taxonomy":"post_tag","embeddable":true,"href":"https:\/\/portalfloresnoar.com\/floresnoar\/wp-json\/wp\/v2\/tags?post=29454"}],"curies":[{"name":"wp","href":"https:\/\/api.w.org\/{rel}","templated":true}]}}