

{"id":29418,"date":"2017-08-04T07:21:04","date_gmt":"2017-08-04T10:21:04","guid":{"rendered":"http:\/\/portalfloresnoar.com\/floresnoar\/?p=29418"},"modified":"2017-10-24T22:19:29","modified_gmt":"2017-10-25T01:19:29","slug":"agenda-pe-inscricoes-abertas-para-o-v-simposio-internacional-de-saude-quantica-e-qualidade-de-vida","status":"publish","type":"post","link":"https:\/\/portalfloresnoar.com\/floresnoar\/agenda-pe-inscricoes-abertas-para-o-v-simposio-internacional-de-saude-quantica-e-qualidade-de-vida\/","title":{"rendered":"[AGENDA PE] V Simp\u00f3sio Internacional de Sa\u00fade Qu\u00e2ntica e Qualidade de Vida"},"content":{"rendered":"<p><img decoding=\"async\" loading=\"lazy\" class=\"aligncenter wp-image-29518\" src=\"http:\/\/portalfloresnoar.com\/floresnoar\/wp-content\/uploads\/2017\/06\/Simp\u00f3sio-Internacional-de-Sa\u00fade-Qu\u00e2ntica-e-Qualidade-de-Vida.png\" alt=\"\" width=\"731\" height=\"344\" srcset=\"https:\/\/portalfloresnoar.com\/floresnoar\/wp-content\/uploads\/2017\/06\/Simp\u00f3sio-Internacional-de-Sa\u00fade-Qu\u00e2ntica-e-Qualidade-de-Vida.png 1612w, https:\/\/portalfloresnoar.com\/floresnoar\/wp-content\/uploads\/2017\/06\/Simp\u00f3sio-Internacional-de-Sa\u00fade-Qu\u00e2ntica-e-Qualidade-de-Vida-300x141.png 300w, https:\/\/portalfloresnoar.com\/floresnoar\/wp-content\/uploads\/2017\/06\/Simp\u00f3sio-Internacional-de-Sa\u00fade-Qu\u00e2ntica-e-Qualidade-de-Vida-768x362.png 768w, https:\/\/portalfloresnoar.com\/floresnoar\/wp-content\/uploads\/2017\/06\/Simp\u00f3sio-Internacional-de-Sa\u00fade-Qu\u00e2ntica-e-Qualidade-de-Vida-1024x482.png 1024w\" sizes=\"(max-width: 731px) 100vw, 731px\" \/><\/p>\n<p>Est\u00e3o\u00a0abertas as inscri\u00e7\u00f5es para o <strong><a href=\"https:\/\/go.hotmart.com\/W3105928L?ap=0825\" target=\"_blank\" rel=\"noopener noreferrer\">V Simp\u00f3sio Internacional de Sa\u00fade Qu\u00e2ntica e Qualidade de Vida<\/a><\/strong>, o maior evento do mundo sobre o tema, que acontecer\u00e1 entre os <strong>dias 20 e 22 de outubro<\/strong>, no Classic Hall, em Olinda\/PE. Na programa\u00e7\u00e3o est\u00e3o palestras, workshops e a <strong><a href=\"http:\/\/portalfloresnoar.com\/floresnoar\/ja-estao-a-venda-os-estandes-para-a-expoquantum-feira-de-saude-quantica-qualidade-de-vida-e-tecnologias-sustentaveis\/\" target=\"_blank\" rel=\"noopener noreferrer\">ExpoQuantum &#8211; feira de produtos e servi\u00e7os na \u00e1rea de sa\u00fade integral<\/a>.<\/strong> Este ano, a novidade fica por conta do<strong> Spa Qu\u00e2ntico<\/strong>, um espa\u00e7o com tratamentos terap\u00eauticos gratuitos para os visitantes. <strong><span style=\"color: #008000;\">As inscri\u00e7\u00f5es ser\u00e3o feitas online atrav\u00e9s\u00a0<a style=\"color: #008000;\" href=\"https:\/\/go.hotmart.com\/W3105928L?ap=0825\" target=\"_blank\" rel=\"noopener noreferrer\">deste link<\/a>!\u00a0<\/span><\/strong><\/p>\n<p>Com mais de 30 mil participantes nas edi\u00e7\u00f5es anteriores, em Bras\u00edlia e S\u00e3o Paulo, o evento retorna \u00e0 capital pernambucana reunindo grandes nomes nacionais e internacionais em sa\u00fade integral, em 17 palestras que focam\u00a0a melhoria da qualidade de vida e o bem-estar. Entre os destaques est\u00e3o: Dra. Debora Rozman, CEO do Instituto Heartmath, na Calif\u00f3rnia; a pesquisadora Desir\u00e9e Duboounet, respons\u00e1vel pela cria\u00e7\u00e3o de v\u00e1rias tecnologias qu\u00e2nticas de biofeedback; Joanne Callahan, grande refer\u00eancia mundial no TFT (Terapia do Campo do Pensamento); al\u00e9m de outros pesquisadores, m\u00e9dicos, terapeutas e estudiosos, como os brasileiros Andr\u00e9 Lima, Tatiana Gebrael, Celerino Carriconde e M\u00e1rcio Bontempo.<\/p>\n<p>Segundo o organizador do evento, o professor e pesquisador Wallace Liimaa &#8211; refer\u00eancia na \u00e1rea de sa\u00fade qu\u00e2ntica no Brasil &#8211; a\u00a0proposta do Simp\u00f3sio \u00e9 compartilhar os ensinamentos de sa\u00fade qu\u00e2ntica e terapias alternativas como um meio de cura. \u201cA sa\u00fade qu\u00e2ntica \u00e9 uma \u00e1rea da medicina contempor\u00e2nea que busca contemplar o ser humano de forma integral: mente, corpo, emo\u00e7\u00f5es e esp\u00edrito. Engloba a f\u00edsica, neuroci\u00eancia e epigen\u00e9tica, mostrando o estilo de vida das pessoas e suas cren\u00e7as dominantes e o que determinar\u00e1 o seu estilo de sa\u00fade\u201d, afirma. Assim, ao inv\u00e9s de apenas tomar um medicamento para aliviar um sintoma, a l\u00f3gica da Sa\u00fade Qu\u00e2ntica \u00e9 investigar a causa, o que est\u00e1 por tr\u00e1s daquele sintoma e empoderar a pessoa para ela pr\u00f3pria superar a causa do problema.<\/p>\n<p>WALLACE LIIMAA<br \/>\nIdealizador e organizador do Simp\u00f3sio Internacional de Sa\u00fade Qu\u00e2ntica e Qualidade de Vida, \u00e9 estudioso da F\u00edsica Qu\u00e2ntica e da Sa\u00fade Qu\u00e2ntica, professor de pessoas livres e de p\u00f3s-gradua\u00e7\u00f5es na \u00e1rea de Sa\u00fade Qu\u00e2ntica, engenheiro eletr\u00f4nico, palestrante internacional, escritor, terapeuta qu\u00e2ntico, poeta e compositor. Ganhador do pr\u00eamio \u201cNoetic Medal for Counsciousness and Brain Research\u201d concedido pelo Instituto de Ci\u00eancias No\u00e9ticas Avan\u00e7adas da Calif\u00f3rnia, em 2009, e do Pr\u00eamio Kokhmah\u00e1 \u2013 Sabedoria, concedido no 7\u00ba Encontro Estadual de Terapeutas e Profissionais Hol\u00edsticos, em Porto Alegre, em 2012. \u00c9 Conselheiro Honor\u00e1rio da Associa\u00e7\u00e3o Cultural Brasil China.<\/p>\n<p>Vem oferecendo importante contribui\u00e7\u00e3o na divulga\u00e7\u00e3o de um novo paradigma cient\u00edfico com base na F\u00edsica Qu\u00e2ntica e Relativ\u00edstica, bem como na Neuroci\u00eancia, Epigen\u00e9tica e outras \u00e1reas da ci\u00eancia contempor\u00e2nea, estabelecendo um di\u00e1logo com estudiosos de v\u00e1rias partes do mundo com o objetivo de propagar na sociedade e no meio acad\u00eamico conhecimentos cient\u00edficos inovadores, capazes de contemplar a multidimensionalidade e a complexidade da exist\u00eancia humana. \u00c9 criador do M\u00e9todo Salto Qu\u00e2ntico, que nos \u00faltimos dois anos j\u00e1 ajudou mais de 1.500 pessoas a transformarem suas vidas e criarem uma realidade livre do ciclo da doen\u00e7a e sofrimento.<\/p>\n<p>CONFIRA OS TEMAS DAS PALESTRAS E OS PALESTRANTES DO SIMP\u00d3SIO:<\/p>\n<p><strong>*Como curar a dor cr\u00f4nica atrav\u00e9s da plasticidade neuronal utilizando movimentos inteligentes*<\/strong><br \/>\n<strong><em>Kelly Lemos:<\/em> <\/strong>Fisioterapeuta com Mestrado em Psicossociologia, atua como terapeuta e pesquisadora da cura natural das dores, especialista no m\u00e9todo feldenkrais e criadora do programa liberte sua coluna e do Movimento Inteligente. Com seu trabalho, tem ajudado pessoas a eliminar de 80 a 10% das dores cr\u00f4nicas em at\u00e9 08 semanas sem o uso de medicamentos, atrav\u00e9s da plasticidade neuronal.<\/p>\n<p><strong>*Como fazer um Detox di\u00e1rio para revers\u00e3o de doen\u00e7as cr\u00f4nicas e do c\u00e2ncer*<\/strong><br \/>\n<em><strong>Elias Pereira:<\/strong><\/em> Formado em Medicina Tradicional Chinesa. Chef Detox com reconhecimento Internacional. J\u00e1 reverteu mais de 1.500 casos de c\u00e2ncer sem uso de medicamentos qu\u00edmicos.<br \/>\nTerapeuta Hol\u00edstico e Chef Especialista em Alimenta\u00e7\u00e3o Detox e Curativa. Ele \u00e9 autor de livros e cursos sobre o assunto e j\u00e1 ajudou mais de 1500 pessoas a reverter o c\u00e2ncer atrav\u00e9s da alimenta\u00e7\u00e3o, estilo de vida e pr\u00e1ticas naturais.<\/p>\n<p><strong>*Como melhorar a vis\u00e3o sem \u00f3culos ou cirurgias de forma Simples e Natural*<\/strong><br \/>\n<em><strong>Tatiana Gebrael:<\/strong><\/em> Doutoranda em Sa\u00fade P\u00fablica na USP e renomada Terapeuta, especialista em cura natural da vis\u00e3o. Ela \u00e9 a principal promotora do reconhecido m\u00e9todo Meir Schneider Self-Healing no Brasil e criadora do m\u00e9todo Olhos de \u00c1guia, com mais de 5000 alunos. O trabalho dela tem ajudado milhares de pessoas a superar a perda visual e, em alguns casos, at\u00e9 mesmo reverter a cegueira.<\/p>\n<p><strong>*Aprenda a ativar o estado de coer\u00eancia card\u00edaca e usar a intelig\u00eancia do Cora\u00e7\u00e3o a seu favor*<\/strong><br \/>\n<em><strong>Deborah Rozman:<\/strong><\/em> Fundadora e atual Presidente e CEO do Instituto HeartMath na Calif\u00f3rnia. Escritora, \u00e9 uma das pesquisadoras da Intelig\u00eancia do Cora\u00e7\u00e3o e de t\u00e9cnicas para supera\u00e7\u00e3o do estresse, raiva, depress\u00e3o e ansiedade.<\/p>\n<p><strong>*Trinta e oito anos de TFT: a origem do Toque que Cura e Limpa Emo\u00e7\u00f5es*<\/strong><br \/>\n<em><strong>Joanne Callahan:<\/strong> <\/em>Grande divulgadora mundial da t\u00e9cnica de cura TFT (Thought Field Therapy), presidente da Funda\u00e7\u00e3o TFT e Diretoria do Centro de Treinamento em TFT,<\/p>\n<p><strong>*Dialogando com as Enfermidades: Como superar diabetes, problemas card\u00edacos, pulmonares, c\u00e2ncer, gastrites e outras enfermidades.*<\/strong><br \/>\n<em><strong>Dr. Adalberto Barreto:<\/strong> <\/em>M\u00e9dico, psiquiatra e antrop\u00f3logo da sa\u00fade. Reconhecido mundialmente por criar a Terapia Comunit\u00e1ria Integrativa. Essa t\u00e9cnica obt\u00e9m resultados de cura em at\u00e9 90% dos casos sem uso de tratamentos alop\u00e1ticos. Hoje ela \u00e9 parte do SUS e \u00e9 ensinada em mais de 40 pa\u00edses.<\/p>\n<p><strong>*Como se libertar das mem\u00f3rias negativas na Pr\u00e1tica com a EFT*<\/strong><br \/>\n<em><strong>Andr\u00e9 Lima:<\/strong> <\/em>Principal nome do Brasil na aplica\u00e7\u00e3o da EFT, t\u00e9cnica de libera\u00e7\u00e3o emocional, tamb\u00e9m conhecida como acupuntura emocional sem agulhas. Ele tem ajudado milhares de pessoas a viverem livres das emo\u00e7\u00f5es negativas e autossabotagem que as colocam pra baixo e as impedem de serem felizes e prosperar<\/p>\n<p><strong>*A arte de realizar milagres na sua pr\u00f3pria vida*<\/strong><br \/>\n<em><strong>Vera Bassoi:<\/strong> <\/em>Mestre em Comunica\u00e7\u00e3o e Cultura cuja pesquisa que trata sobre o Estudo das Constela\u00e7\u00f5es Familiares foi respaldada pelo cientista Rupert Sheldrake.<br \/>\n<em><strong>Andrea Cussiol:<\/strong> <\/em>Mestre em Ci\u00eancias Biom\u00e9dicas e Facilitadora das Constela\u00e7\u00f5es Familiares.<br \/>\nCriadoras de uma t\u00e9cnica revolucion\u00e1ria que utiliza as Constela\u00e7\u00f5es familiares com bonecos que andam, estimulados pelo campo eletromagn\u00e9tico das pessoas. A t\u00e9cnica foi referendada pelo reconhecido cientista Rupert Sheldrake, descobridor dos campos morfogen\u00e9ticos.<\/p>\n<p><strong>*Como os probi\u00f3ticos podem transformar sua sa\u00fade: atualiza\u00e7\u00f5es e avan\u00e7os*<\/strong><br \/>\n<em><strong>Dr. Djalma Marques:<\/strong><\/em> M\u00e9dico com Ph.D em Medicina Preventiva e Nutrologia na Universidade de Barcelona. Autoridade mundial na pesquisa dos probi\u00f3ticos. Um dos maiores pesquisadores do mundo na \u00e1rea de probi\u00f3ticos. H\u00e1 quase 40 anos sem tomar medicamentos qu\u00edmicos, ele \u00e9 uma prova viva de como se pode viver livre dos rem\u00e9dios.<\/p>\n<p><strong>*Como criar sua Farm\u00e1cia Viva em casa*<\/strong><br \/>\n<em><strong>Celerino Carriconde:<\/strong> <\/em>M\u00e9dico com Mestrado pela Universidade de Queens no Canad\u00e1. Autoridade mundial em plantas medicinais e Fitoterapia.<\/p>\n<p><strong>*Salutog\u00eanese: o reencontro da ci\u00eancia m\u00e9dica com a sa\u00fade.*<\/strong><br \/>\n<em><strong>Dr. Juarez Furtado:<\/strong> <\/em>M\u00e9dico com forma\u00e7\u00e3o em Homeopatia, Antroposofia e Sa\u00fade Qu\u00e2ntica. Desenvolveu m\u00e9todo de redu\u00e7\u00e3o da febre sem uso de medicamentos.<\/p>\n<p><strong>*Como transformar cren\u00e7as e promover curas atrav\u00e9s do ThetaHealing\u00ae*<\/strong><br \/>\n<em><strong>Jeanne Duarte:<\/strong> <\/em>Terapeuta Qu\u00e2ntica com forma\u00e7\u00e3o em Reiki, Constela\u00e7\u00f5es Familiares e Florais de Bach. \u00c9 Instrutora Oficial de Cursos de ThetaHealing, poderosa t\u00e9cnica de cura e liberta\u00e7\u00e3o emocional que trabalha a supera\u00e7\u00e3o de traumas, fobias, dores, sofrimentos e doen\u00e7as emocionais a partir da atua\u00e7\u00e3o nas ondas Theta, no c\u00e9rebro.<\/p>\n<p><strong>*Treinamento Intervalado de Alta Intensidade: t\u00e9cnica para ajustar seu metabolismo e reduzir gordura corporal*<\/strong><br \/>\n<em><strong>Vin\u00edcius Possebon:<\/strong> <\/em>Educador F\u00edsico, Personal Trainer p\u00f3s-graduado em Marketing Esportivo. Idealizador do Sistema de Treinamento Queima 48 Horas para emagrecer, mais usado do Brasil..<\/p>\n<p><strong>*A import\u00e2ncia da \u00c1gua corrigida por Campo Qu\u00e2ntico Unificado para a sa\u00fade*<\/strong><br \/>\n<em><strong>Dr. Marcio Bontempo:<\/strong><\/em> M\u00e9dico especialista em Sa\u00fade P\u00fablica. Autor de 87 obras sobre Sa\u00fade Integral. Precursor da Medicina Natural Cient\u00edfica no Brasil e dos fundamentos cl\u00ednicos da Medicina Qu\u00e2ntica.<\/p>\n<p><strong>*QUANTUM TRINITY \u2013 A Plataforma Qu\u00e2ntica da Vida Universal e Princ\u00edpio Transcendental do Desenvolvimento da Consci\u00eancia*<\/strong><br \/>\n<em><strong>Ergom Abraham:<\/strong><\/em> Escritor, empreendedor transdisciplinar, conferencista internacional, Presidente e CEO da empresa Qu\u00e2ntica Produ\u00e7\u00f5es, vision\u00e1rio universalista e estudioso da psique humana, metaf\u00edsica, f\u00edsica qu\u00e2ntica, medicina natural, ufologia, antropocosmologia e neurolingu\u00edstica.<\/p>\n<p><strong>*Como aprender a curar-se de si mesmo*<\/strong><br \/>\n<em><strong>Wallace Liimaa:<\/strong> <\/em>Principal divulgador da Sa\u00fade Qu\u00e2ntica no Brasil. Estudioso da F\u00edsica Qu\u00e2ntica, Neuroci\u00eancia e Epigen\u00e9tica aplicadas aos processos de autocura, do empoderamento e transforma\u00e7\u00e3o pessoal.<\/p>\n<p><strong>*Terapia Informacional Celular: aprendendo a dar informa\u00e7\u00f5es para suas c\u00e9lulas atrav\u00e9s dos florais qu\u00e2nticos*<\/strong><br \/>\n<em><strong>Ros\u00e2ngela Arnt:<\/strong><\/em> M\u00e9dica, professora, especialista em Nutrologia, Medicina Ortomolecular e Sa\u00fade do Trabalho, escritora e doutoranda em Medicina Integrativa pela Quantum University do Hava\u00ed\/EUA.<\/p>\n<p>&nbsp;<\/p>\n<h5><strong>V Simp\u00f3sio de Sa\u00fade Qu\u00e2ntica e Qualidade de Vida<\/strong><\/h5>\n<p><strong>Data:<\/strong> 20, 21 e 22 de outubro de 2017<br \/>\n<strong>Local:<\/strong> Classic Hall, de 20 a 22 de outubro, Olinda\/PE<br \/>\n<strong>Inscri\u00e7\u00f5es:<\/strong>\u00a0<a href=\"https:\/\/go.hotmart.com\/W3105928L?ap=0825\" target=\"_blank\" rel=\"noopener noreferrer\">clique neste link!<\/a><\/p>\n<h5><span style=\"color: #008000;\">Quer participar da ExpoQuantum, expondo seu produto ou oferecendo terapias e palestras? <strong><a style=\"color: #008000;\" href=\"http:\/\/portalfloresnoar.com\/floresnoar\/ja-estao-a-venda-os-estandes-para-a-expoquantum-feira-de-saude-quantica-qualidade-de-vida-e-tecnologias-sustentaveis\/\" target=\"_blank\" rel=\"noopener noreferrer\">Veja AQUI todos os detalhes!<\/a><\/strong><\/span><\/h5>\n<h3><strong><a href=\"https:\/\/go.hotmart.com\/W3105928L?ap=0825\" target=\"_blank\" rel=\"noopener noreferrer\">CONFIRA AQUI a PROGRAMA\u00c7\u00c3O E OS B\u00d4NUS OFERECIDOS PARA QUEM SE INSCREVER no simp\u00f3sio com anteced\u00eancia!<\/a><\/strong><\/h3>\n<p>&nbsp;<\/p>\n","protected":false},"excerpt":{"rendered":"<p>Est\u00e3o\u00a0abertas as inscri\u00e7\u00f5es para o V Simp\u00f3sio Internacional de Sa\u00fade Qu\u00e2ntica e Qualidade de Vida, o maior evento do mundo sobre o tema, que acontecer\u00e1 entre os dias 20 e 22 de outubro, no Classic Hall, em Olinda\/PE. Na programa\u00e7\u00e3o est\u00e3o palestras, workshops e a ExpoQuantum &#8211; feira de produtos e servi\u00e7os na \u00e1rea de [&hellip;]<\/p>\n","protected":false},"author":1,"featured_media":29606,"comment_status":"open","ping_status":"open","sticky":false,"template":"","format":"standard","meta":{"om_disable_all_campaigns":false,"_monsterinsights_skip_tracking":false,"_monsterinsights_sitenote_active":false,"_monsterinsights_sitenote_note":"","_monsterinsights_sitenote_category":0,"footnotes":""},"categories":[8,214],"tags":[295,25,356,127,422],"acf":[],"publishpress_future_action":{"enabled":false,"date":"1969-12-31 21:00:00","action":"","terms":[],"taxonomy":"","browser_timezone_offset":0},"_links":{"self":[{"href":"https:\/\/portalfloresnoar.com\/floresnoar\/wp-json\/wp\/v2\/posts\/29418"}],"collection":[{"href":"https:\/\/portalfloresnoar.com\/floresnoar\/wp-json\/wp\/v2\/posts"}],"about":[{"href":"https:\/\/portalfloresnoar.com\/floresnoar\/wp-json\/wp\/v2\/types\/post"}],"author":[{"embeddable":true,"href":"https:\/\/portalfloresnoar.com\/floresnoar\/wp-json\/wp\/v2\/users\/1"}],"replies":[{"embeddable":true,"href":"https:\/\/portalfloresnoar.com\/floresnoar\/wp-json\/wp\/v2\/comments?post=29418"}],"version-history":[{"count":0,"href":"https:\/\/portalfloresnoar.com\/floresnoar\/wp-json\/wp\/v2\/posts\/29418\/revisions"}],"wp:featuredmedia":[{"embeddable":true,"href":"https:\/\/portalfloresnoar.com\/floresnoar\/wp-json\/wp\/v2\/media\/29606"}],"wp:attachment":[{"href":"https:\/\/portalfloresnoar.com\/floresnoar\/wp-json\/wp\/v2\/media?parent=29418"}],"wp:term":[{"taxonomy":"category","embeddable":true,"href":"https:\/\/portalfloresnoar.com\/floresnoar\/wp-json\/wp\/v2\/categories?post=29418"},{"taxonomy":"post_tag","embeddable":true,"href":"https:\/\/portalfloresnoar.com\/floresnoar\/wp-json\/wp\/v2\/tags?post=29418"}],"curies":[{"name":"wp","href":"https:\/\/api.w.org\/{rel}","templated":true}]}}