

{"id":29375,"date":"2017-03-07T11:20:34","date_gmt":"2017-03-07T14:20:34","guid":{"rendered":"http:\/\/portalfloresnoar.com\/floresnoar\/?p=29375"},"modified":"2017-06-15T12:24:51","modified_gmt":"2017-06-15T15:24:51","slug":"esta-no-ar-a-jornada-da-saude-quantica-com-inscricoes-gratuitas","status":"publish","type":"post","link":"https:\/\/portalfloresnoar.com\/floresnoar\/esta-no-ar-a-jornada-da-saude-quantica-com-inscricoes-gratuitas\/","title":{"rendered":"Jornada da Sa\u00fade Qu\u00e2ntica"},"content":{"rendered":"<p><img decoding=\"async\" loading=\"lazy\" class=\"size-full wp-image-29376 aligncenter\" src=\"http:\/\/portalfloresnoar.com\/floresnoar\/wp-content\/uploads\/2017\/06\/jornada-saude-quantica.jpg\" alt=\"\" width=\"720\" height=\"413\" srcset=\"https:\/\/portalfloresnoar.com\/floresnoar\/wp-content\/uploads\/2017\/06\/jornada-saude-quantica.jpg 720w, https:\/\/portalfloresnoar.com\/floresnoar\/wp-content\/uploads\/2017\/06\/jornada-saude-quantica-300x172.jpg 300w\" sizes=\"(max-width: 720px) 100vw, 720px\" \/><\/p>\n<p>Como parte da prepara\u00e7\u00e3o do V Simp\u00f3sio Internacional de Sa\u00fade Qu\u00e2ntica e Qualidade de Vida que acontecer\u00e1 no segundo semestre de 2017 no Recife, o professor Wallace Liimaa est\u00e1 disponibilizando gratuitamente o <a href=\"https:\/\/go.hotmart.com\/W3105928L?ap=e661\" target=\"_blank\" rel=\"noopener noreferrer\"><strong>treinamento em v\u00eddeo &#8216;Jornada da Sa\u00fade Qu\u00e2ntica&#8217;<\/strong><\/a>.<\/p>\n<p>&#8220;Esta Jornada \u00e9 a minha contribui\u00e7\u00e3o para que possamos empreender um novo modelo de sa\u00fade, focado num estilo de vida que promove o bem-estar e a felicidade das pessoas. No treinamento compartilho t\u00e9cnicas que j\u00e1 ajudaram mais de 30 mil pessoas a usarem o seu tempo e emo\u00e7\u00f5es para curarem e prevenirem doen\u00e7as, e viverem do que realmente as fazem felizes de forma 100% Natural e cientificamente embasada!&#8221;, afirma Wallace.<\/p>\n<p><em><strong>De acordo com Wallace, a \u00a0Jornada \u00e9 voltada para quem:<\/strong><\/em><\/p>\n<p>&gt; Busca envelhecer sem ficar velho, mantendo a energia em alta, qualidade de vida e vitalidade;<br \/>\n&gt; Deseja trilhar um caminho de Sa\u00fade Integral, conectando-se ao seu eu superior e \u00e0 natureza.<br \/>\n&gt; Quer despertar o Poder de Cura e Transforma\u00e7\u00e3o do seu Corpo e Mente;<br \/>\n&gt; Quer conhecer as t\u00e9cnicas reconhecidas utilizadas por refer\u00eancias mundiais em Sa\u00fade Qu\u00e2ntica;<br \/>\n&gt; Deseja se libertar do ciclo da doen\u00e7a e sofrimento e viver livre da depend\u00eancia de rem\u00e9dios;<br \/>\n&gt; Quer se empoderar e ajudar as pessoas com t\u00e9cnicas transformadoras de Sa\u00fade.<\/p>\n<h3><strong><a href=\"https:\/\/go.hotmart.com\/W3105928L?ap=e661\" target=\"_blank\" rel=\"noopener noreferrer\">INSCRI\u00c7\u00d5ES GRATUITAS AQUI!<\/a><\/strong><\/h3>\n<p>&nbsp;<\/p>\n","protected":false},"excerpt":{"rendered":"<p>Como parte da prepara\u00e7\u00e3o do V Simp\u00f3sio Internacional de Sa\u00fade Qu\u00e2ntica e Qualidade de Vida que acontecer\u00e1 no segundo semestre de 2017 no Recife, o professor Wallace Liimaa est\u00e1 disponibilizando gratuitamente o treinamento em v\u00eddeo &#8216;Jornada da Sa\u00fade Qu\u00e2ntica&#8217;. &#8220;Esta Jornada \u00e9 a minha contribui\u00e7\u00e3o para que possamos empreender um novo modelo de sa\u00fade, focado [&hellip;]<\/p>\n","protected":false},"author":1,"featured_media":29376,"comment_status":"open","ping_status":"open","sticky":false,"template":"","format":"standard","meta":{"om_disable_all_campaigns":false,"_monsterinsights_skip_tracking":false,"_monsterinsights_sitenote_active":false,"_monsterinsights_sitenote_note":"","_monsterinsights_sitenote_category":0,"footnotes":""},"categories":[9],"tags":[25,27,127,544],"acf":[],"publishpress_future_action":{"enabled":false,"date":"1969-12-31 21:00:00","action":"","terms":[],"taxonomy":"","browser_timezone_offset":0},"_links":{"self":[{"href":"https:\/\/portalfloresnoar.com\/floresnoar\/wp-json\/wp\/v2\/posts\/29375"}],"collection":[{"href":"https:\/\/portalfloresnoar.com\/floresnoar\/wp-json\/wp\/v2\/posts"}],"about":[{"href":"https:\/\/portalfloresnoar.com\/floresnoar\/wp-json\/wp\/v2\/types\/post"}],"author":[{"embeddable":true,"href":"https:\/\/portalfloresnoar.com\/floresnoar\/wp-json\/wp\/v2\/users\/1"}],"replies":[{"embeddable":true,"href":"https:\/\/portalfloresnoar.com\/floresnoar\/wp-json\/wp\/v2\/comments?post=29375"}],"version-history":[{"count":0,"href":"https:\/\/portalfloresnoar.com\/floresnoar\/wp-json\/wp\/v2\/posts\/29375\/revisions"}],"wp:featuredmedia":[{"embeddable":true,"href":"https:\/\/portalfloresnoar.com\/floresnoar\/wp-json\/wp\/v2\/media\/29376"}],"wp:attachment":[{"href":"https:\/\/portalfloresnoar.com\/floresnoar\/wp-json\/wp\/v2\/media?parent=29375"}],"wp:term":[{"taxonomy":"category","embeddable":true,"href":"https:\/\/portalfloresnoar.com\/floresnoar\/wp-json\/wp\/v2\/categories?post=29375"},{"taxonomy":"post_tag","embeddable":true,"href":"https:\/\/portalfloresnoar.com\/floresnoar\/wp-json\/wp\/v2\/tags?post=29375"}],"curies":[{"name":"wp","href":"https:\/\/api.w.org\/{rel}","templated":true}]}}