

{"id":29364,"date":"2017-03-06T15:56:00","date_gmt":"2017-03-06T18:56:00","guid":{"rendered":"http:\/\/portalfloresnoar.com\/floresnoar\/?p=29364"},"modified":"2017-06-15T12:23:42","modified_gmt":"2017-06-15T15:23:42","slug":"alimentacao-viva-e-tema-de-diversas-palestras-e-cursos-online-no-semav-premium","status":"publish","type":"post","link":"https:\/\/portalfloresnoar.com\/floresnoar\/alimentacao-viva-e-tema-de-diversas-palestras-e-cursos-online-no-semav-premium\/","title":{"rendered":"Alimenta\u00e7\u00e3o Viva \u00e9 tema de diversas palestras e cursos online no SEMAV PREMIUM"},"content":{"rendered":"<p><img decoding=\"async\" loading=\"lazy\" class=\"size-full wp-image-29365 aligncenter\" src=\"http:\/\/portalfloresnoar.com\/floresnoar\/wp-content\/uploads\/2017\/06\/semav-2017.png\" alt=\"\" width=\"720\" height=\"378\" srcset=\"https:\/\/portalfloresnoar.com\/floresnoar\/wp-content\/uploads\/2017\/06\/semav-2017.png 720w, https:\/\/portalfloresnoar.com\/floresnoar\/wp-content\/uploads\/2017\/06\/semav-2017-300x158.png 300w\" sizes=\"(max-width: 720px) 100vw, 720px\" \/><\/p>\n<p>J\u00e1 est\u00e1 dispon\u00edvel o acesso ilimitado \u00e0s 28 palestras ocorridas na Semana da Alimenta\u00e7\u00e3o Viva &#8211; SEMAV 2017. O acesso \u00e9 permanente e d\u00e1 direito, ainda, a outras 19 palestras exclusivas para quem adquirir o <a href=\"https:\/\/go.hotmart.com\/F5994046S\" target=\"_blank\" rel=\"noopener noreferrer\">SEMAV PREMIUM 2017<\/a>.<\/p>\n<p>A Semana da Alimenta\u00e7\u00e3o Viva \u00a0(SEMAV) foi idealizada pela\u00a0terapeuta naturista F\u00e1tima Alves, tamb\u00e9m criadora do Instituto do Alimento Vivo. &#8220;Desde\u00a0que conheci a Alimenta\u00e7\u00e3o Viva e Crua, h\u00e1 cerca de 10 anos, busco\u00a0compartilhar essa jornada de aprendizado e transforma\u00e7\u00e3o com o m\u00e1ximo de pessoas&#8221;, declara, acrescentando que a Alimenta\u00e7\u00e3o Viva e Crua possibilita\u00a0uma vida cheia de energia e vitalidade.<\/p>\n<p><strong><a href=\"https:\/\/go.hotmart.com\/F5994046S\" target=\"_blank\" rel=\"noopener noreferrer\">CONFIRA OS TEMAS DE TODAS AS PALESTRAS E SEUS RESPECTIVOS PALESTRANTES AQUI!<\/a><\/strong><\/p>\n<p>Os inscritos poder\u00e3o assistir \u00e0s palestras online na hora que quiserem. Al\u00e9m das palestras em v\u00eddeo, tamb\u00e9m receber\u00e3o todo o material em MP3, para escutar no tr\u00e2nsito, na caminhada ou na cozinha. A inscri\u00e7\u00e3o no SEMAV PREMIUM 2007 inclui, ainda, acesso exclusivo a uma comunidade de apoio online no Facebook e Certificado Digital, com comprova\u00e7\u00e3o de 50h de participa\u00e7\u00e3o.<\/p>\n<p>Os inscritos no SEMAV PREMIUM 2017 tamb\u00e9m receber\u00e3o v\u00e1rios b\u00f4nus, como cursos online com Concei\u00e7\u00e3o Trucom, Alberto Peribanez, Jean Cabral, C\u00e1tia Simionato, Paulo Yama\u00e7ake, Elias Pereira e Ella Miyazawa.<\/p>\n<h3><strong><a href=\"https:\/\/go.hotmart.com\/F5994046S\" target=\"_blank\" rel=\"noopener noreferrer\">MAIS INFORMA\u00c7\u00d5ES E INSCRI\u00c7\u00d5ES AQUI!<\/a><\/strong><\/h3>\n<p>&nbsp;<\/p>\n","protected":false},"excerpt":{"rendered":"<p>J\u00e1 est\u00e1 dispon\u00edvel o acesso ilimitado \u00e0s 28 palestras ocorridas na Semana da Alimenta\u00e7\u00e3o Viva &#8211; SEMAV 2017. O acesso \u00e9 permanente e d\u00e1 direito, ainda, a outras 19 palestras exclusivas para quem adquirir o SEMAV PREMIUM 2017. A Semana da Alimenta\u00e7\u00e3o Viva \u00a0(SEMAV) foi idealizada pela\u00a0terapeuta naturista F\u00e1tima Alves, tamb\u00e9m criadora do Instituto do [&hellip;]<\/p>\n","protected":false},"author":1,"featured_media":29365,"comment_status":"open","ping_status":"open","sticky":false,"template":"","format":"standard","meta":{"om_disable_all_campaigns":false,"_monsterinsights_skip_tracking":false,"_monsterinsights_sitenote_active":false,"_monsterinsights_sitenote_note":"","_monsterinsights_sitenote_category":0,"footnotes":""},"categories":[9],"tags":[50,542,272,374],"acf":[],"publishpress_future_action":{"enabled":false,"date":"1969-12-31 21:00:00","action":"","terms":[],"taxonomy":"","browser_timezone_offset":0},"_links":{"self":[{"href":"https:\/\/portalfloresnoar.com\/floresnoar\/wp-json\/wp\/v2\/posts\/29364"}],"collection":[{"href":"https:\/\/portalfloresnoar.com\/floresnoar\/wp-json\/wp\/v2\/posts"}],"about":[{"href":"https:\/\/portalfloresnoar.com\/floresnoar\/wp-json\/wp\/v2\/types\/post"}],"author":[{"embeddable":true,"href":"https:\/\/portalfloresnoar.com\/floresnoar\/wp-json\/wp\/v2\/users\/1"}],"replies":[{"embeddable":true,"href":"https:\/\/portalfloresnoar.com\/floresnoar\/wp-json\/wp\/v2\/comments?post=29364"}],"version-history":[{"count":0,"href":"https:\/\/portalfloresnoar.com\/floresnoar\/wp-json\/wp\/v2\/posts\/29364\/revisions"}],"wp:featuredmedia":[{"embeddable":true,"href":"https:\/\/portalfloresnoar.com\/floresnoar\/wp-json\/wp\/v2\/media\/29365"}],"wp:attachment":[{"href":"https:\/\/portalfloresnoar.com\/floresnoar\/wp-json\/wp\/v2\/media?parent=29364"}],"wp:term":[{"taxonomy":"category","embeddable":true,"href":"https:\/\/portalfloresnoar.com\/floresnoar\/wp-json\/wp\/v2\/categories?post=29364"},{"taxonomy":"post_tag","embeddable":true,"href":"https:\/\/portalfloresnoar.com\/floresnoar\/wp-json\/wp\/v2\/tags?post=29364"}],"curies":[{"name":"wp","href":"https:\/\/api.w.org\/{rel}","templated":true}]}}