

{"id":29311,"date":"2017-03-02T11:48:35","date_gmt":"2017-03-02T14:48:35","guid":{"rendered":"http:\/\/portalfloresnoar.com\/floresnoar\/?p=29311"},"modified":"2017-06-18T20:44:42","modified_gmt":"2017-06-18T23:44:42","slug":"agenda-pe-curso-auto-defesa-psiquica-sera-realizado-em-caruaru-e-em-olinda","status":"publish","type":"post","link":"https:\/\/portalfloresnoar.com\/floresnoar\/agenda-pe-curso-auto-defesa-psiquica-sera-realizado-em-caruaru-e-em-olinda\/","title":{"rendered":"[AGENDA PE] Curso &#8216;Auto Defesa Ps\u00edquica&#8217; ser\u00e1 realizado em Caruaru e em Olinda"},"content":{"rendered":"<p><img decoding=\"async\" loading=\"lazy\" class=\"alignleft size-full wp-image-29312\" src=\"http:\/\/portalfloresnoar.com\/floresnoar\/wp-content\/uploads\/2017\/06\/Curso.jpg\" alt=\"Curso\" width=\"300\" height=\"212\" \/><\/p>\n<p>A terapeuta Mallika Fittipaldi realiza o Curso &#8216;Auto Defesa Ps\u00edquica&#8217; no dia \u00a017 de junho, em Caruaru, e no dia 1 de julho em Olinda. O curso tem como objetivo manter a mente a salvo de ataques energ\u00e9ticos, atrav\u00e9s de t\u00e9cnicas de precau\u00e7\u00e3o de desequil\u00edbrios e elimina\u00e7\u00e3o de energias doentes.<\/p>\n<p>CONTE\u00daDO TE\u00d3RICO<br \/>\n1. A Malha C\u00f3smica<br \/>\n2. A Aura<br \/>\n3. Sintomas Presentes nos Ataques Ps\u00edquicos<br \/>\n4. Detectando como as pessoas sugam energia<br \/>\n5. Vampirismo Emocional &#8211; Tipos de Vampiros Emocionais<br \/>\n6. Elevando a Vibra\u00e7\u00e3o e Evitando os Vampiros Emocionais<br \/>\n7. Vampirismo n\u00e3o humano<br \/>\n8. Elementais<br \/>\n9. Formas Pensamentos<br \/>\n10. Como lidar com as Formas Pensamentos<br \/>\n11. Elementares<br \/>\n12. Auto-vampiriza\u00e7\u00e3o<br \/>\n13. Tipos de auto-obstru\u00e7\u00e3o da aura<br \/>\n14. Obsess\u00e3o, vampirismo e possess\u00e3o<br \/>\n15. Vampiros humanos desencarnados<br \/>\n16. Influencia\u00e7\u00f5es espirituais sutis<br \/>\n17. M\u00e9dium&#8230; E agora?<\/p>\n<p>CONTE\u00daDO PR\u00c1TICO<br \/>\n1. Dicas simples para fortalecer a aura<br \/>\n2. T\u00e9cnicas para Fortalecimento do Campo \u00c1urico: O Chafariz e A Torre de Luz<br \/>\n3. Retirando energias desarm\u00f4nicas da aura: O Pi\u00e3o \u00c1urico<br \/>\n4. Aniquilando Imagens Negativas e Delet\u00e9rias: A Cruz Escarlate e A Tela Branca<br \/>\n5. Afastando Influencias Negativas: Afirma\u00e7\u00f5es de Campo Positivo<br \/>\n6. Defesas Energ\u00e9ticas Gestuais: Fechando o Circuito e Encontro com Desconhecidos<br \/>\n7. Defesas com Luz: A luz do Terceiro Olho e A Cruz Luminosa<br \/>\n8. Defesa com \u00c1gua: \u00c1gua Magnetizada, \u00c1gua dos Deuses e \u00c1gua Reiki<br \/>\n9. Selamento \u00c1urico: Decretando em Dois Hor\u00e1rios, O Sinete \u00c1urico e A Torre de Luz<br \/>\n10. O Umbigo<br \/>\n11. Como limpar energia negativa: Defuma\u00e7\u00e3o, Defuma\u00e7\u00e3o de Descarrego e Defuma\u00e7\u00e3o Lustral<br \/>\n12. Dicas para uso das ervas: Prepara\u00e7\u00e3o, Cozimento das ervas, Dia certos dos banhos<br \/>\n13. Uso de Ervas: As Erva e suas Fun\u00e7\u00f5es na Defuma\u00e7\u00e3o, Banhos e \u00c1guas de For\u00e7a<br \/>\n14. O Sal, Alho e Cebola<br \/>\n15. Escalda-p\u00e9s<br \/>\n16. Purificando a Casa Nova<br \/>\n17. Depois da Festa<br \/>\n18. Ora\u00e7\u00e3o do Arcanjo Miguel de 21 dias<\/p>\n<p>SERVI\u00c7O<br \/>\n<strong>Curso Auto Defesa Ps\u00edquica<\/strong><\/p>\n<p><strong>Caruaru<\/strong><br \/>\n<strong>Data:<\/strong> 17\/06<br \/>\n<strong>Hora:<\/strong> 9 \u00e0s 18<br \/>\n<strong>Local:<\/strong> Loja Talism\u00e3. Rua Vidal de Negreiros, 33. Bairro Nossa Senhora das Dores. Fone: (81) 31379370. &#8211; 992983706<br \/>\n<strong>Investimento:<\/strong> R$ 150,00<\/p>\n<p><strong>Olinda<\/strong><br \/>\n<strong>Data:<\/strong> 01\/07<br \/>\n<strong>Hora:<\/strong> 9h \u00e0s 18h<br \/>\n<strong>Local:<\/strong> Av. Get\u00falio Vargas, 930. Galeria Santa Rosa. Loja 06 Bairro Novo.<br \/>\n<strong>Investimento:<\/strong> R$ 150,00<\/p>\n<p>INSCRI\u00c7\u00d5ES<br \/>\n<strong>Fone:<\/strong> 996212409 (WhatsApp)<br \/>\n<strong>E-mail:<\/strong><a href=\"mailto:mallikafittipaldi@hotmail.com\" target=\"_blank\" rel=\"noopener noreferrer\">mallikafittipaldi@hotmail.com<\/a><\/p>\n","protected":false},"excerpt":{"rendered":"<p>A terapeuta Mallika Fittipaldi realiza o Curso &#8216;Auto Defesa Ps\u00edquica&#8217; no dia \u00a017 de junho, em Caruaru, e no dia 1 de julho em Olinda. O curso tem como objetivo manter a mente a salvo de ataques energ\u00e9ticos, atrav\u00e9s de t\u00e9cnicas de precau\u00e7\u00e3o de desequil\u00edbrios e elimina\u00e7\u00e3o de energias doentes. CONTE\u00daDO TE\u00d3RICO 1. A Malha [&hellip;]<\/p>\n","protected":false},"author":301,"featured_media":29312,"comment_status":"open","ping_status":"open","sticky":false,"template":"","format":"standard","meta":{"om_disable_all_campaigns":false,"_monsterinsights_skip_tracking":false,"_monsterinsights_sitenote_active":false,"_monsterinsights_sitenote_note":"","_monsterinsights_sitenote_category":0,"footnotes":""},"categories":[8,214],"tags":[536,167,106,535],"acf":[],"publishpress_future_action":{"enabled":false,"date":"1969-12-31 21:00:00","action":"","terms":[],"taxonomy":"","browser_timezone_offset":0},"_links":{"self":[{"href":"https:\/\/portalfloresnoar.com\/floresnoar\/wp-json\/wp\/v2\/posts\/29311"}],"collection":[{"href":"https:\/\/portalfloresnoar.com\/floresnoar\/wp-json\/wp\/v2\/posts"}],"about":[{"href":"https:\/\/portalfloresnoar.com\/floresnoar\/wp-json\/wp\/v2\/types\/post"}],"author":[{"embeddable":true,"href":"https:\/\/portalfloresnoar.com\/floresnoar\/wp-json\/wp\/v2\/users\/301"}],"replies":[{"embeddable":true,"href":"https:\/\/portalfloresnoar.com\/floresnoar\/wp-json\/wp\/v2\/comments?post=29311"}],"version-history":[{"count":0,"href":"https:\/\/portalfloresnoar.com\/floresnoar\/wp-json\/wp\/v2\/posts\/29311\/revisions"}],"wp:featuredmedia":[{"embeddable":true,"href":"https:\/\/portalfloresnoar.com\/floresnoar\/wp-json\/wp\/v2\/media\/29312"}],"wp:attachment":[{"href":"https:\/\/portalfloresnoar.com\/floresnoar\/wp-json\/wp\/v2\/media?parent=29311"}],"wp:term":[{"taxonomy":"category","embeddable":true,"href":"https:\/\/portalfloresnoar.com\/floresnoar\/wp-json\/wp\/v2\/categories?post=29311"},{"taxonomy":"post_tag","embeddable":true,"href":"https:\/\/portalfloresnoar.com\/floresnoar\/wp-json\/wp\/v2\/tags?post=29311"}],"curies":[{"name":"wp","href":"https:\/\/api.w.org\/{rel}","templated":true}]}}