

{"id":29263,"date":"2017-03-30T07:33:37","date_gmt":"2017-03-30T10:33:37","guid":{"rendered":"http:\/\/portalfloresnoar.com\/floresnoar\/?p=29263"},"modified":"2017-06-04T10:09:19","modified_gmt":"2017-06-04T13:09:19","slug":"agenda-pe-antonio-de-hollanda-faz-show-nesta-sexta-no-vapor-comedoria","status":"publish","type":"post","link":"https:\/\/portalfloresnoar.com\/floresnoar\/agenda-pe-antonio-de-hollanda-faz-show-nesta-sexta-no-vapor-comedoria\/","title":{"rendered":"[AGENDA PE] Ant\u00f4nio de Hollanda faz show dia 2\/6\/2017 no Vapor Comedoria"},"content":{"rendered":"<p><img decoding=\"async\" loading=\"lazy\" class=\"aligncenter size-full wp-image-29264\" src=\"http:\/\/portalfloresnoar.com\/floresnoar\/wp-content\/uploads\/2017\/05\/SHOW-ANTONIO-DE-HOLLANDA.jpg\" alt=\"SHOW ANTONIO DE HOLLANDA\" width=\"700\" height=\"494\" srcset=\"https:\/\/portalfloresnoar.com\/floresnoar\/wp-content\/uploads\/2017\/05\/SHOW-ANTONIO-DE-HOLLANDA.jpg 700w, https:\/\/portalfloresnoar.com\/floresnoar\/wp-content\/uploads\/2017\/05\/SHOW-ANTONIO-DE-HOLLANDA-300x211.jpg 300w\" sizes=\"(max-width: 700px) 100vw, 700px\" \/><\/p>\n<p>O projeto po\u00e9tico-musical #MaisVapor recebe nesta sexta-feira (2\/6) o show do\u00a0compositor, guitarrista e cantor pernambucano\u00a0<a href=\"https:\/\/www.facebook.com\/dehollanda\/\" target=\"_blank\" rel=\"noopener noreferrer\">Ant\u00f4nio de Hollanda<\/a>. O artista apresentar\u00e1 m\u00fasicas autorais, acompanhado pelo baterista e percussionista Diogo Lopes, pelo baixista Bas\u00edlio Queiroz e o gaitista Rodrigo Cm. Haver\u00e1 ainda participa\u00e7\u00f5es especiais surpresas. O show come\u00e7a \u00e0s 19h. A contribui\u00e7\u00e3o art\u00edstica \u00e9 de R$ 10,00.<\/p>\n<p>Desde crian\u00e7a, esteve sempre presente em rodas de viol\u00e3o da fam\u00edlia , origin\u00e1ria de Barreiros, Zona da Mata Sul de Pernambuco. Aprendeu naturalmente o instrumento com seu pai e tio, influenciado por um repert\u00f3rio que transitava entre a m\u00fasica brasileira e o rock n\u00b4roll. Logo come\u00e7ou a compor em parceria com eles, e tamb\u00e9m com seus primos e irm\u00e3. A partir da\u00ed, tocou e cantou em diversas bandas de rock no in\u00edcio de 2000. Com a Moria, \u00faltima banda que participou nessa \u00e9poca, fez show de abertura para Blaze Bayley, ex-vocalista do Iron Maiden.<\/p>\n<p>Em 2011, Ant\u00f4nio de Hollanda morou na Espanha, onde estudou a m\u00fasica flamenca que abriu uma nova dimens\u00e3o do viol\u00e3o para o artista. Em Segovia (Espanha), realizou diversos shows solo e tamb\u00e9m em parceria com o m\u00fasico espanhol Jos\u00e9 Escudero e a dan\u00e7arina argentina Gisela Zaid. O artista trabalhou, ainda, com trilha sonora para teatro, v\u00eddeoarte, filmes de fic\u00e7\u00e3o, document\u00e1rios e v\u00eddeos institucionais. Tamb\u00e9m tocou com a musicista arcoverdense Johsi Guimar\u00e3es no disco Roupa de Baixo. Integrou, tamb\u00e9m, o projeto Moenda Sonora. Em 2017, Ant\u00f4nio de Hollanda volta a tocar na Europa. Dessa vez, realiza apresenta\u00e7\u00f5es solo em Antu\u00e9rpia (B\u00e9lgica) e novamente em Segovia (Espanha).<\/p>\n<p>Atualmente, acompanha a cantora e compositora<a href=\"https:\/\/www.facebook.com\/cantodelu7\/\" target=\"_blank\" rel=\"noopener noreferrer\"> Lu Rabelo<\/a>, com quem j\u00e1 tocou no Recife, Olinda, Vit\u00f3ria de Santo Ant\u00e3o, S\u00e3o Jos\u00e9 do Egito e Salvador. Ant\u00f4nio de Hollanda tamb\u00e9m \u00e9 arteterapeuta e facilita oficinas de m\u00fasica no Espa\u00e7o Rizoma.<\/p>\n<p>MAIS INFORMA\u00c7\u00d5ES<br \/>\n<a href=\"https:\/\/soundcloud.com\/antoniodehollanda\">https:\/\/soundcloud.com\/antoniodehollanda<\/a><br \/>\n<a href=\"https:\/\/www.facebook.com\/dehollanda\/\">https:\/\/www.facebook.com\/dehollanda\/<\/a><\/p>\n","protected":false},"excerpt":{"rendered":"<p>O projeto po\u00e9tico-musical #MaisVapor recebe nesta sexta-feira (2\/6) o show do\u00a0compositor, guitarrista e cantor pernambucano\u00a0Ant\u00f4nio de Hollanda. O artista apresentar\u00e1 m\u00fasicas autorais, acompanhado pelo baterista e percussionista Diogo Lopes, pelo baixista Bas\u00edlio Queiroz e o gaitista Rodrigo Cm. Haver\u00e1 ainda participa\u00e7\u00f5es especiais surpresas. O show come\u00e7a \u00e0s 19h. A contribui\u00e7\u00e3o art\u00edstica \u00e9 de R$ 10,00. [&hellip;]<\/p>\n","protected":false},"author":1,"featured_media":29265,"comment_status":"open","ping_status":"open","sticky":false,"template":"","format":"standard","meta":{"om_disable_all_campaigns":false,"_monsterinsights_skip_tracking":false,"_monsterinsights_sitenote_active":false,"_monsterinsights_sitenote_note":"","_monsterinsights_sitenote_category":0,"footnotes":""},"categories":[8,214],"tags":[125],"acf":[],"publishpress_future_action":{"enabled":false,"date":"1969-12-31 21:00:00","action":"","terms":[],"taxonomy":"","browser_timezone_offset":0},"_links":{"self":[{"href":"https:\/\/portalfloresnoar.com\/floresnoar\/wp-json\/wp\/v2\/posts\/29263"}],"collection":[{"href":"https:\/\/portalfloresnoar.com\/floresnoar\/wp-json\/wp\/v2\/posts"}],"about":[{"href":"https:\/\/portalfloresnoar.com\/floresnoar\/wp-json\/wp\/v2\/types\/post"}],"author":[{"embeddable":true,"href":"https:\/\/portalfloresnoar.com\/floresnoar\/wp-json\/wp\/v2\/users\/1"}],"replies":[{"embeddable":true,"href":"https:\/\/portalfloresnoar.com\/floresnoar\/wp-json\/wp\/v2\/comments?post=29263"}],"version-history":[{"count":0,"href":"https:\/\/portalfloresnoar.com\/floresnoar\/wp-json\/wp\/v2\/posts\/29263\/revisions"}],"wp:featuredmedia":[{"embeddable":true,"href":"https:\/\/portalfloresnoar.com\/floresnoar\/wp-json\/wp\/v2\/media\/29265"}],"wp:attachment":[{"href":"https:\/\/portalfloresnoar.com\/floresnoar\/wp-json\/wp\/v2\/media?parent=29263"}],"wp:term":[{"taxonomy":"category","embeddable":true,"href":"https:\/\/portalfloresnoar.com\/floresnoar\/wp-json\/wp\/v2\/categories?post=29263"},{"taxonomy":"post_tag","embeddable":true,"href":"https:\/\/portalfloresnoar.com\/floresnoar\/wp-json\/wp\/v2\/tags?post=29263"}],"curies":[{"name":"wp","href":"https:\/\/api.w.org\/{rel}","templated":true}]}}