

{"id":29258,"date":"2017-03-03T10:59:11","date_gmt":"2017-03-03T13:59:11","guid":{"rendered":"http:\/\/portalfloresnoar.com\/floresnoar\/?p=29258"},"modified":"2017-06-04T11:31:48","modified_gmt":"2017-06-04T14:31:48","slug":"agenda-pe-constelacao-familiar-sistemica-com-fatima-nunes-dia-36-no-espaco-gerar","status":"publish","type":"post","link":"https:\/\/portalfloresnoar.com\/floresnoar\/agenda-pe-constelacao-familiar-sistemica-com-fatima-nunes-dia-36-no-espaco-gerar\/","title":{"rendered":"[AGENDA PE] Constela\u00e7\u00e3o Familiar Sist\u00eamica com F\u00e1tima Nunes, dia 3\/6, no Espa\u00e7o Gerar"},"content":{"rendered":"<p><img decoding=\"async\" loading=\"lazy\" class=\"aligncenter size-full wp-image-29259\" src=\"http:\/\/portalfloresnoar.com\/floresnoar\/wp-content\/uploads\/2017\/05\/constelacao-sistemica-familiar-recife.jpeg\" alt=\"constelacao sistemica familiar recife\" width=\"700\" height=\"579\" srcset=\"https:\/\/portalfloresnoar.com\/floresnoar\/wp-content\/uploads\/2017\/05\/constelacao-sistemica-familiar-recife.jpeg 700w, https:\/\/portalfloresnoar.com\/floresnoar\/wp-content\/uploads\/2017\/05\/constelacao-sistemica-familiar-recife-300x248.jpeg 300w\" sizes=\"(max-width: 700px) 100vw, 700px\" \/><\/p>\n<p>A terapeuta e consteladora Sist\u00eamica Familiar F\u00e1tima Nunes realiza no dia 3 de junho de 2017 (s\u00e1bado), das 9h \u00e0s 12h, no Espa\u00e7o Gerar, um novo encontro de Constela\u00e7\u00e3o Familiar Sist\u00eamica.<\/p>\n<p>F\u00e1tima Nunes \u00e9 consteladora Sist\u00eamica Familiar, formada pelo Constelar \u2013 Instituto de Pr\u00e1ticas Sist\u00eamicas do Brasil, e mestre em Reiki no Sistema Usui\/Tibetano.<\/p>\n<p><em><strong>Valor para constelar:<\/strong><\/em> R$ 260,00<br \/>\n<em><strong>Valor para participar do grupo:<\/strong> <\/em>R$ 30,00.<\/p>\n<p><strong>Interessados em serem constelados devem entrar em contato com F\u00e1tima Nunes, com anteced\u00eancia, atrav\u00e9s dos telefones:<\/strong> (81) 9 9631.8668\/ 98841.8711.<\/p>\n<p><strong>Local:<\/strong> Espa\u00e7o Gerar \u2013 Rua Jorge de Albuquerque, 103, Casa Forte, Recife-PE. Fone: (81) 3268.1749.<\/p>\n","protected":false},"excerpt":{"rendered":"<p>A terapeuta e consteladora Sist\u00eamica Familiar F\u00e1tima Nunes realiza no dia 3 de junho de 2017 (s\u00e1bado), das 9h \u00e0s 12h, no Espa\u00e7o Gerar, um novo encontro de Constela\u00e7\u00e3o Familiar Sist\u00eamica. F\u00e1tima Nunes \u00e9 consteladora Sist\u00eamica Familiar, formada pelo Constelar \u2013 Instituto de Pr\u00e1ticas Sist\u00eamicas do Brasil, e mestre em Reiki no Sistema Usui\/Tibetano. Valor [&hellip;]<\/p>\n","protected":false},"author":1,"featured_media":28501,"comment_status":"open","ping_status":"open","sticky":false,"template":"","format":"standard","meta":{"om_disable_all_campaigns":false,"_monsterinsights_skip_tracking":false,"_monsterinsights_sitenote_active":false,"_monsterinsights_sitenote_note":"","_monsterinsights_sitenote_category":0,"footnotes":""},"categories":[8,214],"tags":[302,389,531],"acf":[],"publishpress_future_action":{"enabled":false,"date":"1969-12-31 21:00:00","action":"","terms":[],"taxonomy":"","browser_timezone_offset":0},"_links":{"self":[{"href":"https:\/\/portalfloresnoar.com\/floresnoar\/wp-json\/wp\/v2\/posts\/29258"}],"collection":[{"href":"https:\/\/portalfloresnoar.com\/floresnoar\/wp-json\/wp\/v2\/posts"}],"about":[{"href":"https:\/\/portalfloresnoar.com\/floresnoar\/wp-json\/wp\/v2\/types\/post"}],"author":[{"embeddable":true,"href":"https:\/\/portalfloresnoar.com\/floresnoar\/wp-json\/wp\/v2\/users\/1"}],"replies":[{"embeddable":true,"href":"https:\/\/portalfloresnoar.com\/floresnoar\/wp-json\/wp\/v2\/comments?post=29258"}],"version-history":[{"count":0,"href":"https:\/\/portalfloresnoar.com\/floresnoar\/wp-json\/wp\/v2\/posts\/29258\/revisions"}],"wp:featuredmedia":[{"embeddable":true,"href":"https:\/\/portalfloresnoar.com\/floresnoar\/wp-json\/wp\/v2\/media\/28501"}],"wp:attachment":[{"href":"https:\/\/portalfloresnoar.com\/floresnoar\/wp-json\/wp\/v2\/media?parent=29258"}],"wp:term":[{"taxonomy":"category","embeddable":true,"href":"https:\/\/portalfloresnoar.com\/floresnoar\/wp-json\/wp\/v2\/categories?post=29258"},{"taxonomy":"post_tag","embeddable":true,"href":"https:\/\/portalfloresnoar.com\/floresnoar\/wp-json\/wp\/v2\/tags?post=29258"}],"curies":[{"name":"wp","href":"https:\/\/api.w.org\/{rel}","templated":true}]}}