

{"id":29243,"date":"2017-03-29T08:15:45","date_gmt":"2017-03-29T11:15:45","guid":{"rendered":"http:\/\/portalfloresnoar.com\/floresnoar\/?p=29243"},"modified":"2017-06-04T11:39:22","modified_gmt":"2017-06-04T14:39:22","slug":"agenda-pe-oficina-plantio-de-hortalicas-temperos-e-flores-para-criancas-neste-domingo-em-aldeia","status":"publish","type":"post","link":"https:\/\/portalfloresnoar.com\/floresnoar\/agenda-pe-oficina-plantio-de-hortalicas-temperos-e-flores-para-criancas-neste-domingo-em-aldeia\/","title":{"rendered":"[AGENDA PE] Oficina &#8216;Plantio de hortali\u00e7as, temperos e flores para crian\u00e7as&#8217; dia 4\/6\/17"},"content":{"rendered":"<p><img decoding=\"async\" loading=\"lazy\" class=\"aligncenter size-full wp-image-29245\" src=\"http:\/\/portalfloresnoar.com\/floresnoar\/wp-content\/uploads\/2017\/05\/oficina-de-horta-para-crian\u00e7as-1.jpg\" alt=\"oficina de horta para crian\u00e7as (1)\" width=\"663\" height=\"499\" srcset=\"https:\/\/portalfloresnoar.com\/floresnoar\/wp-content\/uploads\/2017\/05\/oficina-de-horta-para-crian\u00e7as-1.jpg 663w, https:\/\/portalfloresnoar.com\/floresnoar\/wp-content\/uploads\/2017\/05\/oficina-de-horta-para-crian\u00e7as-1-300x225.jpg 300w, https:\/\/portalfloresnoar.com\/floresnoar\/wp-content\/uploads\/2017\/05\/oficina-de-horta-para-crian\u00e7as-1-160x120.jpg 160w\" sizes=\"(max-width: 663px) 100vw, 663px\" \/><\/p>\n<p>A agr\u00f4noma agroecol\u00f3gica Simone Miranda facilita no dia 4 de junho, das 9h \u00e0s 11h, em Aldeia, a Oficina &#8216;Plantio de hortali\u00e7as, temperos e flores para crian\u00e7as\u2019.<\/p>\n<p>Simone Miranda \u00e9 \u00a0engenheira Agr\u00f4noma (UFRRJ); tem especializa\u00e7\u00f5es em \u2018Sistemas Integrados de Produ\u00e7\u00e3o Agroecol\u00f3gica\u2019 (Embrapa Agrobiologia\/ UFRRJ) e em \u2018Conviv\u00eancia com semi\u00e1rido na perspectiva da Seguran\u00e7a e Soberania Alimentar e da Agroecologia\u2019.<\/p>\n<p><strong>Oficina \u2018Plantio de hortali\u00e7as, temperos e flores para crian\u00e7as\u2019<\/strong><br \/>\n<strong>Data:<\/strong> 04\/06\/2017 &#8211; domingo<br \/>\n<strong>Hora<\/strong>: 9h \u00e0s 11h<br \/>\n<strong>Local:<\/strong> Col\u00e9gio Ideia \u2013 Aldeia<br \/>\n<strong>Valor:<\/strong> R$ 60,00 [O valor inclui o material (vaso, muda, sementes etc.) e a participa\u00e7\u00e3o do\/a acompanhante].<br \/>\n<strong>Material disponibilizado:<\/strong> vasos, mudas, sementes, terra preparada com adubos org\u00e2nicos na oficina.<br \/>\n<strong>Facilitadora:<\/strong> Simone Miranda (Agr\u00f4noma Agroecol\u00f3gica).<br \/>\n<strong>Cel:<\/strong> (81) 99769-5236 Whats\u2019App<br \/>\n<strong>Email:<\/strong> meliponini@oi.com.br<\/p>\n","protected":false},"excerpt":{"rendered":"<p>A agr\u00f4noma agroecol\u00f3gica Simone Miranda facilita no dia 4 de junho, das 9h \u00e0s 11h, em Aldeia, a Oficina &#8216;Plantio de hortali\u00e7as, temperos e flores para crian\u00e7as\u2019. Simone Miranda \u00e9 \u00a0engenheira Agr\u00f4noma (UFRRJ); tem especializa\u00e7\u00f5es em \u2018Sistemas Integrados de Produ\u00e7\u00e3o Agroecol\u00f3gica\u2019 (Embrapa Agrobiologia\/ UFRRJ) e em \u2018Conviv\u00eancia com semi\u00e1rido na perspectiva da Seguran\u00e7a e Soberania [&hellip;]<\/p>\n","protected":false},"author":301,"featured_media":29294,"comment_status":"open","ping_status":"open","sticky":false,"template":"","format":"standard","meta":{"om_disable_all_campaigns":false,"_monsterinsights_skip_tracking":false,"_monsterinsights_sitenote_active":false,"_monsterinsights_sitenote_note":"","_monsterinsights_sitenote_category":0,"footnotes":""},"categories":[8,214],"tags":[120,26,530,328],"acf":[],"publishpress_future_action":{"enabled":false,"date":"1969-12-31 21:00:00","action":"","terms":[],"taxonomy":"","browser_timezone_offset":0},"_links":{"self":[{"href":"https:\/\/portalfloresnoar.com\/floresnoar\/wp-json\/wp\/v2\/posts\/29243"}],"collection":[{"href":"https:\/\/portalfloresnoar.com\/floresnoar\/wp-json\/wp\/v2\/posts"}],"about":[{"href":"https:\/\/portalfloresnoar.com\/floresnoar\/wp-json\/wp\/v2\/types\/post"}],"author":[{"embeddable":true,"href":"https:\/\/portalfloresnoar.com\/floresnoar\/wp-json\/wp\/v2\/users\/301"}],"replies":[{"embeddable":true,"href":"https:\/\/portalfloresnoar.com\/floresnoar\/wp-json\/wp\/v2\/comments?post=29243"}],"version-history":[{"count":0,"href":"https:\/\/portalfloresnoar.com\/floresnoar\/wp-json\/wp\/v2\/posts\/29243\/revisions"}],"wp:featuredmedia":[{"embeddable":true,"href":"https:\/\/portalfloresnoar.com\/floresnoar\/wp-json\/wp\/v2\/media\/29294"}],"wp:attachment":[{"href":"https:\/\/portalfloresnoar.com\/floresnoar\/wp-json\/wp\/v2\/media?parent=29243"}],"wp:term":[{"taxonomy":"category","embeddable":true,"href":"https:\/\/portalfloresnoar.com\/floresnoar\/wp-json\/wp\/v2\/categories?post=29243"},{"taxonomy":"post_tag","embeddable":true,"href":"https:\/\/portalfloresnoar.com\/floresnoar\/wp-json\/wp\/v2\/tags?post=29243"}],"curies":[{"name":"wp","href":"https:\/\/api.w.org\/{rel}","templated":true}]}}