

{"id":29223,"date":"2017-05-31T06:51:27","date_gmt":"2017-05-31T09:51:27","guid":{"rendered":"http:\/\/portalfloresnoar.com\/floresnoar\/?p=29223"},"modified":"2017-07-01T19:09:59","modified_gmt":"2017-07-01T22:09:59","slug":"espaco-circular-oferece-local-para-cursos-e-vivencias-no-recife","status":"publish","type":"post","link":"https:\/\/portalfloresnoar.com\/floresnoar\/espaco-circular-oferece-local-para-cursos-e-vivencias-no-recife\/","title":{"rendered":"Espa\u00e7o Circular oferece local para cursos e viv\u00eancias no Recife"},"content":{"rendered":"<p><img decoding=\"async\" loading=\"lazy\" class=\"aligncenter size-full wp-image-29225\" src=\"http:\/\/portalfloresnoar.com\/floresnoar\/wp-content\/uploads\/2017\/05\/espaco-circular-recife-2.jpg\" alt=\"espaco circular recife (2)\" width=\"720\" height=\"427\" srcset=\"https:\/\/portalfloresnoar.com\/floresnoar\/wp-content\/uploads\/2017\/05\/espaco-circular-recife-2.jpg 720w, https:\/\/portalfloresnoar.com\/floresnoar\/wp-content\/uploads\/2017\/05\/espaco-circular-recife-2-300x177.jpg 300w\" sizes=\"(max-width: 720px) 100vw, 720px\" \/><\/p>\n<p>Em meio a um lindo jardim, o Espa\u00e7o Circular disponibiliza um ambiente coberto, em formato de c\u00edrculo, voltado para cursos, viv\u00eancias e afins. O espa\u00e7o fica localizado no bairro de Casa Forte, no Recife.<\/p>\n<p>Eventos realizados em c\u00edrculo promovem uma conex\u00e3o profunda entre os participantes, um formato horizontal da lideran\u00e7a do facilitador e um fluxo de energia sintonizada com a movimenta\u00e7\u00e3o do planeta, do universo e da ciclicidade da natureza humana&#8221;, declara Daniela Cunha, guardi\u00e3o do Espa\u00e7o Circular, acrescentando que o contato com a natureza, plantas, flores, p\u00e1ssaros, t\u00edpicos de um jardim, s\u00e3o primordiais para o bem-estar e o restabelecimento dos fluxos naturais da vida.<\/p>\n<p>Apesar de ser localizado num bairro movimentado (pr\u00f3ximo ao Plaza e ao Hiper de Casa Forte), o Espa\u00e7o Circular \u00e9 como um portal para a tranquilidade e o sil\u00eancio. &#8220;Se voc\u00ea deseja trazer a sua sala de atendimentos, o seu curso ou evento para um c\u00edrculo em meio a um jardim, voc\u00ea vai amar o Espa\u00e7o Circular&#8221;, convida Daneila.<\/p>\n<p>Os interessados em conhecer o espa\u00e7o podem agendar uma visita!<\/p>\n<p><strong>Guardi\u00e3 do espa\u00e7o:<\/strong> Daniela Cunha<br \/>\n<strong>WhatsApp:<\/strong> 9 9925-1753<br \/>\n<strong>Instagram<\/strong>: @espacocircular<br \/>\n<strong>Facebook:<\/strong> <a href=\"https:\/\/www.facebook.com\/espacocircular\/\" target=\"_blank\" rel=\"noopener noreferrer\">espacocircular<\/a><br \/>\n<strong>E-mail: i<\/strong>nfo@espacocircular.com<\/p>\n<p><em>Confira abaixo mais fotos do Espa\u00e7o Circular!<\/em><\/p>\n<p><img decoding=\"async\" loading=\"lazy\" class=\"aligncenter size-full wp-image-29226\" src=\"http:\/\/portalfloresnoar.com\/floresnoar\/wp-content\/uploads\/2017\/05\/espaco-circular-recife-3.jpg\" alt=\"espaco circular recife (3)\" width=\"700\" height=\"392\" srcset=\"https:\/\/portalfloresnoar.com\/floresnoar\/wp-content\/uploads\/2017\/05\/espaco-circular-recife-3.jpg 700w, https:\/\/portalfloresnoar.com\/floresnoar\/wp-content\/uploads\/2017\/05\/espaco-circular-recife-3-300x168.jpg 300w\" sizes=\"(max-width: 700px) 100vw, 700px\" \/><\/p>\n<p><img decoding=\"async\" loading=\"lazy\" class=\"aligncenter size-full wp-image-29224\" src=\"http:\/\/portalfloresnoar.com\/floresnoar\/wp-content\/uploads\/2017\/05\/espaco-circular-recife-1.jpg\" alt=\"espaco circular recife (1)\" width=\"700\" height=\"392\" srcset=\"https:\/\/portalfloresnoar.com\/floresnoar\/wp-content\/uploads\/2017\/05\/espaco-circular-recife-1.jpg 700w, https:\/\/portalfloresnoar.com\/floresnoar\/wp-content\/uploads\/2017\/05\/espaco-circular-recife-1-300x168.jpg 300w\" sizes=\"(max-width: 700px) 100vw, 700px\" \/><\/p>\n<p><img decoding=\"async\" loading=\"lazy\" class=\"aligncenter size-full wp-image-29227\" src=\"http:\/\/portalfloresnoar.com\/floresnoar\/wp-content\/uploads\/2017\/05\/espaco-terapeutico-alugar-recife-1.jpg\" alt=\"espaco terapeutico alugar recife (1)\" width=\"700\" height=\"395\" srcset=\"https:\/\/portalfloresnoar.com\/floresnoar\/wp-content\/uploads\/2017\/05\/espaco-terapeutico-alugar-recife-1.jpg 700w, https:\/\/portalfloresnoar.com\/floresnoar\/wp-content\/uploads\/2017\/05\/espaco-terapeutico-alugar-recife-1-300x169.jpg 300w\" sizes=\"(max-width: 700px) 100vw, 700px\" \/><\/p>\n<p><img decoding=\"async\" loading=\"lazy\" class=\"aligncenter size-full wp-image-29228\" src=\"http:\/\/portalfloresnoar.com\/floresnoar\/wp-content\/uploads\/2017\/05\/espaco-terapeutico-alugar-recife-2.jpg\" alt=\"espaco terapeutico alugar recife (2)\" width=\"700\" height=\"394\" srcset=\"https:\/\/portalfloresnoar.com\/floresnoar\/wp-content\/uploads\/2017\/05\/espaco-terapeutico-alugar-recife-2.jpg 700w, https:\/\/portalfloresnoar.com\/floresnoar\/wp-content\/uploads\/2017\/05\/espaco-terapeutico-alugar-recife-2-300x168.jpg 300w\" sizes=\"(max-width: 700px) 100vw, 700px\" \/><\/p>\n","protected":false},"excerpt":{"rendered":"<p>Em meio a um lindo jardim, o Espa\u00e7o Circular disponibiliza um ambiente coberto, em formato de c\u00edrculo, voltado para cursos, viv\u00eancias e afins. O espa\u00e7o fica localizado no bairro de Casa Forte, no Recife. Eventos realizados em c\u00edrculo promovem uma conex\u00e3o profunda entre os participantes, um formato horizontal da lideran\u00e7a do facilitador e um fluxo [&hellip;]<\/p>\n","protected":false},"author":1,"featured_media":29225,"comment_status":"open","ping_status":"open","sticky":false,"template":"","format":"standard","meta":{"om_disable_all_campaigns":false,"_monsterinsights_skip_tracking":false,"_monsterinsights_sitenote_active":false,"_monsterinsights_sitenote_note":"","_monsterinsights_sitenote_category":0,"footnotes":""},"categories":[9],"tags":[142,243,356,127],"acf":[],"publishpress_future_action":{"enabled":false,"date":"1969-12-31 21:00:00","action":"","terms":[],"taxonomy":"","browser_timezone_offset":0},"_links":{"self":[{"href":"https:\/\/portalfloresnoar.com\/floresnoar\/wp-json\/wp\/v2\/posts\/29223"}],"collection":[{"href":"https:\/\/portalfloresnoar.com\/floresnoar\/wp-json\/wp\/v2\/posts"}],"about":[{"href":"https:\/\/portalfloresnoar.com\/floresnoar\/wp-json\/wp\/v2\/types\/post"}],"author":[{"embeddable":true,"href":"https:\/\/portalfloresnoar.com\/floresnoar\/wp-json\/wp\/v2\/users\/1"}],"replies":[{"embeddable":true,"href":"https:\/\/portalfloresnoar.com\/floresnoar\/wp-json\/wp\/v2\/comments?post=29223"}],"version-history":[{"count":0,"href":"https:\/\/portalfloresnoar.com\/floresnoar\/wp-json\/wp\/v2\/posts\/29223\/revisions"}],"wp:featuredmedia":[{"embeddable":true,"href":"https:\/\/portalfloresnoar.com\/floresnoar\/wp-json\/wp\/v2\/media\/29225"}],"wp:attachment":[{"href":"https:\/\/portalfloresnoar.com\/floresnoar\/wp-json\/wp\/v2\/media?parent=29223"}],"wp:term":[{"taxonomy":"category","embeddable":true,"href":"https:\/\/portalfloresnoar.com\/floresnoar\/wp-json\/wp\/v2\/categories?post=29223"},{"taxonomy":"post_tag","embeddable":true,"href":"https:\/\/portalfloresnoar.com\/floresnoar\/wp-json\/wp\/v2\/tags?post=29223"}],"curies":[{"name":"wp","href":"https:\/\/api.w.org\/{rel}","templated":true}]}}