

{"id":29211,"date":"2017-05-25T21:24:22","date_gmt":"2017-05-26T00:24:22","guid":{"rendered":"http:\/\/portalfloresnoar.com\/floresnoar\/?p=29211"},"modified":"2017-05-25T22:43:32","modified_gmt":"2017-05-26T01:43:32","slug":"jones-severino-pereira-agricultor-agroflorestal-pioneiro-em-pernambuco","status":"publish","type":"post","link":"https:\/\/portalfloresnoar.com\/floresnoar\/jones-severino-pereira-agricultor-agroflorestal-pioneiro-em-pernambuco\/","title":{"rendered":"Jones Severino Pereira &#8211; agricultor agroflorestal pioneiro em Pernambuco"},"content":{"rendered":"<figure id=\"attachment_29213\" aria-describedby=\"caption-attachment-29213\" style=\"width: 699px\" class=\"wp-caption aligncenter\"><img decoding=\"async\" loading=\"lazy\" class=\"size-full wp-image-29213\" alt=\"Foto: Centro Sabi\u00e1\" src=\"http:\/\/portalfloresnoar.com\/floresnoar\/wp-content\/uploads\/2017\/05\/Seu-Jones_agrofloresta_foto-Centro-Sabi\u00e1.jpg\" width=\"699\" height=\"397\" srcset=\"https:\/\/portalfloresnoar.com\/floresnoar\/wp-content\/uploads\/2017\/05\/Seu-Jones_agrofloresta_foto-Centro-Sabi\u00e1.jpg 699w, https:\/\/portalfloresnoar.com\/floresnoar\/wp-content\/uploads\/2017\/05\/Seu-Jones_agrofloresta_foto-Centro-Sabi\u00e1-300x170.jpg 300w\" sizes=\"(max-width: 699px) 100vw, 699px\" \/><figcaption id=\"caption-attachment-29213\" class=\"wp-caption-text\">Seu Jones. Foto: Centro Sabi\u00e1<\/figcaption><\/figure>\n<p><em>Por Marcos Figueiredo*\u00a0<\/em><\/p>\n<p>Hoje terminou a miss\u00e3o de um grande ser humano aqui entre n\u00f3s. Jones era um campon\u00eas, filho de camponeses, antigos moradores de um engenho de cana, denominado Inham\u00e3, que fora desapropriado por Miguel Arraes (d\u00e9cada 1960) depois de anos de luta dos seus moradores. Era um ser humano jovem (58 anos), simples, alegre, brincalh\u00e3o e muito inteligente que sabia cativar num primeiro encontro.<\/p>\n<p>Soube como poucos entender e conviver com a natureza. Rapidamente compreendeu que seres humanos e natureza s\u00e3o a mesma coisa. Uma coisa s\u00f3. Um pensamento hol\u00edstico e uma pr\u00e1tica profundamente integrada com os outros seres, que respeitava e convivia em harmonia. Na d\u00e9cada de 90, juntamente com a sua fam\u00edlia, Dona Lenir esposa, Juvenal e Ver\u00f4nica, filhos, fez uma mudan\u00e7a extraordin\u00e1ria na concep\u00e7\u00e3o de agricultura e na rela\u00e7\u00e3o com a natureza. No lugar da explora\u00e7\u00e3o a coopera\u00e7\u00e3o. No lugar da destrui\u00e7\u00e3o e simplifica\u00e7\u00e3o a amplia\u00e7\u00e3o da diversidade e das diferentes formas de vida. No lugar do solo fraco, plantas doentes e alimentos contaminados a natureza exuberante, encantadora e misteriosa. No lugar da escassez a abund\u00e2ncia de vidas.<\/p>\n<p>Costumava dizer que aprendeu essas coisas com a maior professora que existe: a natureza. Dizia que o m\u00e9todo era simples: observa a natureza e faz como ela.<br \/>\nSua parcela, de pouco menos de tr\u00eas hectares no sitio S\u00e3o Jo\u00e3o em Inham\u00e3, Abreu e Lima &#8211; PE, se transformou numa grande obra de arte, admirada por visitantes curiosos para conhecer a ci\u00eancia de um homem simples que nunca frequentou uma universidade, mas que ensinou a muitos especialista, professores, estudantes, pesquisidores que iam em busca de conhecimentos. \u00c9 incalcul\u00e1vel o n\u00famero de pessoas que foram conhecer sua experi\u00eancia. Desde estudantes de escolas do ensino fundamental e m\u00e9dio, de universit\u00e1rios do estado e de fora. Milhares de camponeses e camponesas foram participar dos interc\u00e2mbios. Para esses momentos construiu um m\u00e9todo pr\u00f3prio e extremamente did\u00e1tico para ensinar como funciona uma agricultura integrada com a natureza. Tamb\u00e9m recebeu visita ilustres, de pesquisadores conhecidos mundialmente, como Teodor Shanin, Eric Holt Gimenez, Eduardo Sevilla e tantos outros.<\/p>\n<p>No seu legado deixou uma contribui\u00e7\u00e3o inestim\u00e1vel para a Agroecologia em Pernambuco e para o Brasil. O seu para\u00edso, como costumava chamar, era composto por uma casa simples cercada por uma exuberante floresta, com p\u00e1ssaros de cantos estridentes, cheiros e cores reluzentes, que funcionava como uma escola, inteiramente contextualizada. Estudos realizados pela ONG Centro Sabi\u00e1 atestaram que ele manejava mais de 70 esp\u00e9cies diferentes num espa\u00e7o de apenas um hectares de terra, onde produzia cerca de 13 toneladas de alimentos por ano. Foi fundador da primeira feira agroecol\u00f3gica do estado de Pernambuco, Espa\u00e7o agroecol\u00f3gico das Gra\u00e7as,(1997) que \u00e9 uma refer\u00eancia inspiradora para tantas outras feiras existentes em Pernambuco. Deu cursos e palestras em congressos, semin\u00e1rios em v\u00e1rias universidades do Brasil. Por m\u00e9rito foi agraciado em 2004 com o pr\u00eamio Personalidade do Meio Ambiente de Pernambuco, oferecido pela CPRH.<\/p>\n<p>N\u00f3s do movimento Agroecol\u00f3gico de Pernambuco, sabemos o quanto foi bom conviver e aprender com Jones. Estamos mais fortalecidos e agradecidos pela sua enorme contribui\u00e7\u00e3o a causa de uma agricultura que \u00e9 arte, cultura e conserva\u00e7\u00e3o da natureza. Hoje, mais que nunca, esta \u00e9 uma causa grande e essencialmente pol\u00edtica, porque busca o bem estar dos seres vivos, a integridade da natureza e o respeito a todas formas de vida.<\/p>\n<p>Amanha (25.05.2017) Jones ser\u00e1 plantado no munic\u00edpio em que nasceu e n\u00f3s continuaremos sendo seus admiradores(as) e amigos(as), que vamos carregar bem aqui no peito a saudade e a certeza de que estamos no caminho certo.<\/p>\n<p>Jones Severino Pereira. Presente!<br \/>\nAgricultor agroflorestal pioneiro em Pernambuco.<\/p>\n<p>*\u00a0<em>Marcos Figueiredo \u00e9 p<\/em><em>rofessor da UFRPE<\/em><\/p>\n<div style=\"position:relative;height:0;padding-bottom:56.25%\"><iframe loading=\"lazy\" src=\"https:\/\/www.youtube.com\/embed\/DWJ0vyqLQNs?ecver=2\" width=\"640\" height=\"360\" frameborder=\"0\" style=\"position:absolute;width:100%;height:100%;left:0\" allowfullscreen><\/iframe><\/div>\n","protected":false},"excerpt":{"rendered":"<p>Por Marcos Figueiredo*\u00a0 Hoje terminou a miss\u00e3o de um grande ser humano aqui entre n\u00f3s. Jones era um campon\u00eas, filho de camponeses, antigos moradores de um engenho de cana, denominado Inham\u00e3, que fora desapropriado por Miguel Arraes (d\u00e9cada 1960) depois de anos de luta dos seus moradores. Era um ser humano jovem (58 anos), simples, [&hellip;]<\/p>\n","protected":false},"author":1,"featured_media":29213,"comment_status":"open","ping_status":"open","sticky":false,"template":"","format":"standard","meta":{"om_disable_all_campaigns":false,"_monsterinsights_skip_tracking":false,"_monsterinsights_sitenote_active":false,"_monsterinsights_sitenote_note":"","_monsterinsights_sitenote_category":0,"footnotes":""},"categories":[10,224],"tags":[241,528,499],"acf":[],"publishpress_future_action":{"enabled":false,"date":"1969-12-31 21:00:00","action":"","terms":[],"taxonomy":"","browser_timezone_offset":0},"_links":{"self":[{"href":"https:\/\/portalfloresnoar.com\/floresnoar\/wp-json\/wp\/v2\/posts\/29211"}],"collection":[{"href":"https:\/\/portalfloresnoar.com\/floresnoar\/wp-json\/wp\/v2\/posts"}],"about":[{"href":"https:\/\/portalfloresnoar.com\/floresnoar\/wp-json\/wp\/v2\/types\/post"}],"author":[{"embeddable":true,"href":"https:\/\/portalfloresnoar.com\/floresnoar\/wp-json\/wp\/v2\/users\/1"}],"replies":[{"embeddable":true,"href":"https:\/\/portalfloresnoar.com\/floresnoar\/wp-json\/wp\/v2\/comments?post=29211"}],"version-history":[{"count":0,"href":"https:\/\/portalfloresnoar.com\/floresnoar\/wp-json\/wp\/v2\/posts\/29211\/revisions"}],"wp:featuredmedia":[{"embeddable":true,"href":"https:\/\/portalfloresnoar.com\/floresnoar\/wp-json\/wp\/v2\/media\/29213"}],"wp:attachment":[{"href":"https:\/\/portalfloresnoar.com\/floresnoar\/wp-json\/wp\/v2\/media?parent=29211"}],"wp:term":[{"taxonomy":"category","embeddable":true,"href":"https:\/\/portalfloresnoar.com\/floresnoar\/wp-json\/wp\/v2\/categories?post=29211"},{"taxonomy":"post_tag","embeddable":true,"href":"https:\/\/portalfloresnoar.com\/floresnoar\/wp-json\/wp\/v2\/tags?post=29211"}],"curies":[{"name":"wp","href":"https:\/\/api.w.org\/{rel}","templated":true}]}}