

{"id":29184,"date":"2017-04-08T05:04:24","date_gmt":"2017-04-08T08:04:24","guid":{"rendered":"http:\/\/portalfloresnoar.com\/floresnoar\/?p=29184"},"modified":"2017-06-10T11:58:01","modified_gmt":"2017-06-10T14:58:01","slug":"agenda-pe-feira-agroecologica-de-setubal-comemora-1-ano-no-dia-106","status":"publish","type":"post","link":"https:\/\/portalfloresnoar.com\/floresnoar\/agenda-pe-feira-agroecologica-de-setubal-comemora-1-ano-no-dia-106\/","title":{"rendered":"[AGENDA PE] Feira Agroecol\u00f3gica de Set\u00fabal comemora 1 ano no dia 10\/6\/2017"},"content":{"rendered":"<p><img decoding=\"async\" loading=\"lazy\" class=\"wp-image-29398 aligncenter\" src=\"http:\/\/portalfloresnoar.com\/floresnoar\/wp-content\/uploads\/2017\/06\/feira-setubal.jpg\" alt=\"\" width=\"726\" height=\"608\" srcset=\"https:\/\/portalfloresnoar.com\/floresnoar\/wp-content\/uploads\/2017\/06\/feira-setubal.jpg 940w, https:\/\/portalfloresnoar.com\/floresnoar\/wp-content\/uploads\/2017\/06\/feira-setubal-300x251.jpg 300w, https:\/\/portalfloresnoar.com\/floresnoar\/wp-content\/uploads\/2017\/06\/feira-setubal-768x644.jpg 768w\" sizes=\"(max-width: 726px) 100vw, 726px\" \/><\/p>\n<p>Neste m\u00eas de junho de 2017, a Feira Agroecol\u00f3gica de Set\u00fabal completa um ano de exist\u00eancia. O anivers\u00e1rio ser\u00e1 celebrado neste s\u00e1bado dia 10\/6. Na ocasi\u00e3o, haver\u00e1 <strong>Viv\u00eancia de Yoga com o <a href=\"https:\/\/www.facebook.com\/garudayogarecife\/\" target=\"_blank\" rel=\"noopener noreferrer\">Garuda<\/a><\/strong>, <strong>Apresenta\u00e7\u00e3o Po\u00e9tica com <a href=\"https:\/\/www.facebook.com\/ascumade\" target=\"_blank\" rel=\"noopener noreferrer\">As Cumade<\/a><\/strong>,\u00a0<strong>Oficina de Brigadeiro Vivo<\/strong>, <strong>com <a href=\"https:\/\/www.facebook.com\/danyjsts\" target=\"_blank\" rel=\"noopener noreferrer\">Dany Santos<\/a>,<\/strong> <strong>degusta\u00e7\u00f5es<\/strong>, e entrega de <strong>sacolas ecol\u00f3gicas<\/strong> aos clientes da feira.<\/p>\n<p>A Feira Agroecol\u00f3gica de Set\u00fabal \u00e9 realizada todo s\u00e1bado, das 7h \u00e0s 10h30, no Canal do Rio Jord\u00e3o, atr\u00e1s da Escola Americana do Recife. Ela foi criada atrav\u00e9s da parceria entre as Associa\u00e7\u00f5es de Agricultores (Associa\u00e7\u00e3o Agroflorestal Terra &amp; Vida, Agroflor, Cesam, Assim, e\u00a0Associa\u00e7\u00e3o Org\u00e2nica do Mocot\u00f3,) e o Coletivo Set\u00fabal, contando com o apoio da Universidade Federal Rural de Pernambuco (UFRPE), Portal Flores no Ar, Rede Espa\u00e7o Agroecol\u00f3gico e Centro Sabi\u00e1.<\/p>\n<p>Neste um ano foram realizados 54 encontros, onde as agricultoras e agricultores puderam comercializar diretamente os alimentos que produzem em seus s\u00edtios, a partir de princ\u00edpios que respeitam a sa\u00fade dos consumidores e consumidoras e do meio ambiente, e sempre com pre\u00e7o justo.<\/p>\n<p>A feira se constituiu como um espa\u00e7o de troca de experi\u00eancias, de di\u00e1logos e encontros. Em 10 delas foram realizados eventos com palestras sobre diversos temas, oficinas, viv\u00eancias, sempre em busca de refor\u00e7ar os princ\u00edpios da Agroecologia, para constru\u00e7\u00e3o de uma vida mais plena e sustent\u00e1vel.<\/p>\n<p>Este ano a Feira Agroecol\u00f3gica de Set\u00fabal passou a integrar a Rede Espa\u00e7o Agroecol\u00f3gico, que articula algumas iniciativas que se prop\u00f5em a ser um ambiente que extrapola a comercializa\u00e7\u00e3o, se constituindo como um lugar de troca de saberes e experi\u00eancias. Diante disso, a feira passa a se chamar Espa\u00e7o Agroecol\u00f3gico de Set\u00fabal, com o objetivo fortalecer ainda mais essas rela\u00e7\u00f5es e encontros que v\u00e3o para al\u00e9m da rela\u00e7\u00e3o de compra e venda.<\/p>\n<p><em><strong>Localiza\u00e7\u00e3o da feira:<\/strong><\/em><\/p>\n<p><img decoding=\"async\" loading=\"lazy\" class=\"aligncenter size-full wp-image-25120\" src=\"http:\/\/portalfloresnoar.com\/floresnoar\/wp-content\/uploads\/2016\/06\/mapa-feira-2.jpg\" alt=\"mapa feira 2\" width=\"742\" height=\"580\" srcset=\"https:\/\/portalfloresnoar.com\/floresnoar\/wp-content\/uploads\/2016\/06\/mapa-feira-2.jpg 742w, https:\/\/portalfloresnoar.com\/floresnoar\/wp-content\/uploads\/2016\/06\/mapa-feira-2-300x234.jpg 300w\" sizes=\"(max-width: 742px) 100vw, 742px\" \/><\/p>\n","protected":false},"excerpt":{"rendered":"<p>Neste m\u00eas de junho de 2017, a Feira Agroecol\u00f3gica de Set\u00fabal completa um ano de exist\u00eancia. O anivers\u00e1rio ser\u00e1 celebrado neste s\u00e1bado dia 10\/6. Na ocasi\u00e3o, haver\u00e1 Viv\u00eancia de Yoga com o Garuda, Apresenta\u00e7\u00e3o Po\u00e9tica com As Cumade,\u00a0Oficina de Brigadeiro Vivo, com Dany Santos, degusta\u00e7\u00f5es, e entrega de sacolas ecol\u00f3gicas aos clientes da feira. A [&hellip;]<\/p>\n","protected":false},"author":1,"featured_media":29185,"comment_status":"open","ping_status":"open","sticky":false,"template":"","format":"standard","meta":{"om_disable_all_campaigns":false,"_monsterinsights_skip_tracking":false,"_monsterinsights_sitenote_active":false,"_monsterinsights_sitenote_note":"","_monsterinsights_sitenote_category":0,"footnotes":""},"categories":[8,214],"tags":[241,527,329,180],"acf":[],"publishpress_future_action":{"enabled":false,"date":"1969-12-31 21:00:00","action":"","terms":[],"taxonomy":"","browser_timezone_offset":0},"_links":{"self":[{"href":"https:\/\/portalfloresnoar.com\/floresnoar\/wp-json\/wp\/v2\/posts\/29184"}],"collection":[{"href":"https:\/\/portalfloresnoar.com\/floresnoar\/wp-json\/wp\/v2\/posts"}],"about":[{"href":"https:\/\/portalfloresnoar.com\/floresnoar\/wp-json\/wp\/v2\/types\/post"}],"author":[{"embeddable":true,"href":"https:\/\/portalfloresnoar.com\/floresnoar\/wp-json\/wp\/v2\/users\/1"}],"replies":[{"embeddable":true,"href":"https:\/\/portalfloresnoar.com\/floresnoar\/wp-json\/wp\/v2\/comments?post=29184"}],"version-history":[{"count":0,"href":"https:\/\/portalfloresnoar.com\/floresnoar\/wp-json\/wp\/v2\/posts\/29184\/revisions"}],"wp:featuredmedia":[{"embeddable":true,"href":"https:\/\/portalfloresnoar.com\/floresnoar\/wp-json\/wp\/v2\/media\/29185"}],"wp:attachment":[{"href":"https:\/\/portalfloresnoar.com\/floresnoar\/wp-json\/wp\/v2\/media?parent=29184"}],"wp:term":[{"taxonomy":"category","embeddable":true,"href":"https:\/\/portalfloresnoar.com\/floresnoar\/wp-json\/wp\/v2\/categories?post=29184"},{"taxonomy":"post_tag","embeddable":true,"href":"https:\/\/portalfloresnoar.com\/floresnoar\/wp-json\/wp\/v2\/tags?post=29184"}],"curies":[{"name":"wp","href":"https:\/\/api.w.org\/{rel}","templated":true}]}}