

{"id":29154,"date":"2017-05-17T09:43:34","date_gmt":"2017-05-17T12:43:34","guid":{"rendered":"http:\/\/portalfloresnoar.com\/floresnoar\/?p=29154"},"modified":"2017-05-17T09:43:34","modified_gmt":"2017-05-17T12:43:34","slug":"agenda-pe-grupo-de-constelacao-sistemica-familiar-tem-inicio-dia-235-no-recife","status":"publish","type":"post","link":"https:\/\/portalfloresnoar.com\/floresnoar\/agenda-pe-grupo-de-constelacao-sistemica-familiar-tem-inicio-dia-235-no-recife\/","title":{"rendered":"[AGENDA PE] Grupo de Constela\u00e7\u00e3o Sist\u00eamica Familiar tem in\u00edcio dia 23\/5 no Recife"},"content":{"rendered":"<p><img decoding=\"async\" loading=\"lazy\" class=\"aligncenter size-full wp-image-29155\" alt=\"grupo constelacao familiar recife\" src=\"http:\/\/portalfloresnoar.com\/floresnoar\/wp-content\/uploads\/2017\/05\/grupo-constelacao-familiar-recife.jpg\" width=\"700\" height=\"990\" srcset=\"https:\/\/portalfloresnoar.com\/floresnoar\/wp-content\/uploads\/2017\/05\/grupo-constelacao-familiar-recife.jpg 700w, https:\/\/portalfloresnoar.com\/floresnoar\/wp-content\/uploads\/2017\/05\/grupo-constelacao-familiar-recife-212x300.jpg 212w\" sizes=\"(max-width: 700px) 100vw, 700px\" \/><\/p>\n<p>A terapeuta Carla de Paula Campos inicia no dia 23 de maio, no bairro da Torre, no Recife, um novo Grupo de Autoconhecimento com Constela\u00e7\u00e3o Familiar. Ser\u00e3o quatro encontros, realizados nas ter\u00e7as-feiras, das 18h30 \u00e0s 21h30.<\/p>\n<p>\u201cConstela\u00e7\u00e3o Familiar Sist\u00eamica \u00e9 uma pr\u00e1tica repleta de uma profunda filosofia sobre a vida e as rela\u00e7\u00f5es. \u00c9 uma outra forma de ver os nossos v\u00ednculos e os acontecimentos da nossa hist\u00f3ria sob lentes mais amplas. No fundo, d\u00e1 uma &#8216;sacudida&#8217; nas nossas velhas cren\u00e7as\u201d, explica Carla de Paula.<\/p>\n<p>Criada pelo alem\u00e3o Bert Hellinger em meados dos anos 70, a Constela\u00e7\u00e3o Sist\u00eamica tem despertado a curiosidade de muita gente por ser um trabalho energ\u00e9tico forte, mas ao mesmo tempo simples e um tanto misterioso. \u00c9 poss\u00edvel vivenciar uma constela\u00e7\u00e3o na posi\u00e7\u00e3o de \u201cconstelado\/a\u201d quando o indiv\u00edduo tem o desejo de resolver uma quest\u00e3o pessoal, na posi\u00e7\u00e3o de representante da constela\u00e7\u00e3o pessoal de algu\u00e9m, ou apenas assistindo.<\/p>\n<p>\u201cNeste grupo de autoconhecimento, o trabalho \u00e9 um pouco mais din\u00e2mico. Os\/as participantes s\u00e3o divididos em pequenos grupos, alternando-se entre constelados\/as e representantes, trabalhando exerc\u00edcios-chaves dos principais temas da constela\u00e7\u00e3o. Essas pr\u00e1ticas ajudam na tomada de consci\u00eancia sobre o lugar que estamos ocupando no meio das nossas rela\u00e7\u00f5es, al\u00e9m de proporcionarem maior harmoniza\u00e7\u00e3o dos nossos v\u00ednculos e dos nossos prop\u00f3sitos. Com esse trabalho, \u00e9 poss\u00edvel conhecer um pouco dessa \u2018consci\u00eancia superior\u2019 que rege as constela\u00e7\u00f5es e experimentar uma conex\u00e3o maior com a for\u00e7a presente na nossa pr\u00f3pria alma\u201d.<\/p>\n<p><strong> Datas dos encontros:<\/strong> TER\u00c7AS-FEIRAS: 23\/05, 30\/05, 06\/06 e 13\/06<br \/>\n<strong>Hora:<\/strong> 18h30 \u00e0s 21h30:<br \/>\n<strong>Local:<\/strong> Espa\u00e7o Ser e Transcender \u2013 Rua Conde de Iraj\u00e1, 420, Torre, Recife\/PE<\/p>\n<p><strong>Inscri\u00e7\u00e3o individual:<\/strong> R$ 100,00<\/p>\n<p><strong>Inscri\u00e7\u00e3o em dupla:<\/strong> R$ 170,00 \u2013 colegas, amigos\/as, casal, parentes (a consultar)<\/p>\n<p>MAIS INFORMA\u00c7\u00d5ES E INSCRI\u00c7\u00d5ES<br \/>\ncarladepaulacampos@gmail.com<br \/>\n(81) 99655.0212 (Tim e Whatsapp)<br \/>\n<a href=\"https:\/\/www.facebook.com\/espacoseretranscender\/\" target=\"_blank\">https:\/\/www.facebook.com\/espacoseretranscender\/<\/a><\/p>\n","protected":false},"excerpt":{"rendered":"<p>A terapeuta Carla de Paula Campos inicia no dia 23 de maio, no bairro da Torre, no Recife, um novo Grupo de Autoconhecimento com Constela\u00e7\u00e3o Familiar. Ser\u00e3o quatro encontros, realizados nas ter\u00e7as-feiras, das 18h30 \u00e0s 21h30. \u201cConstela\u00e7\u00e3o Familiar Sist\u00eamica \u00e9 uma pr\u00e1tica repleta de uma profunda filosofia sobre a vida e as rela\u00e7\u00f5es. \u00c9 uma [&hellip;]<\/p>\n","protected":false},"author":1,"featured_media":28347,"comment_status":"open","ping_status":"open","sticky":false,"template":"","format":"standard","meta":{"om_disable_all_campaigns":false,"_monsterinsights_skip_tracking":false,"_monsterinsights_sitenote_active":false,"_monsterinsights_sitenote_note":"","_monsterinsights_sitenote_category":0,"footnotes":""},"categories":[8,224,214],"tags":[302,389,137],"acf":[],"publishpress_future_action":{"enabled":false,"date":"1969-12-31 21:00:00","action":"","terms":[],"taxonomy":"","browser_timezone_offset":0},"_links":{"self":[{"href":"https:\/\/portalfloresnoar.com\/floresnoar\/wp-json\/wp\/v2\/posts\/29154"}],"collection":[{"href":"https:\/\/portalfloresnoar.com\/floresnoar\/wp-json\/wp\/v2\/posts"}],"about":[{"href":"https:\/\/portalfloresnoar.com\/floresnoar\/wp-json\/wp\/v2\/types\/post"}],"author":[{"embeddable":true,"href":"https:\/\/portalfloresnoar.com\/floresnoar\/wp-json\/wp\/v2\/users\/1"}],"replies":[{"embeddable":true,"href":"https:\/\/portalfloresnoar.com\/floresnoar\/wp-json\/wp\/v2\/comments?post=29154"}],"version-history":[{"count":0,"href":"https:\/\/portalfloresnoar.com\/floresnoar\/wp-json\/wp\/v2\/posts\/29154\/revisions"}],"wp:featuredmedia":[{"embeddable":true,"href":"https:\/\/portalfloresnoar.com\/floresnoar\/wp-json\/wp\/v2\/media\/28347"}],"wp:attachment":[{"href":"https:\/\/portalfloresnoar.com\/floresnoar\/wp-json\/wp\/v2\/media?parent=29154"}],"wp:term":[{"taxonomy":"category","embeddable":true,"href":"https:\/\/portalfloresnoar.com\/floresnoar\/wp-json\/wp\/v2\/categories?post=29154"},{"taxonomy":"post_tag","embeddable":true,"href":"https:\/\/portalfloresnoar.com\/floresnoar\/wp-json\/wp\/v2\/tags?post=29154"}],"curies":[{"name":"wp","href":"https:\/\/api.w.org\/{rel}","templated":true}]}}