

{"id":29152,"date":"2017-03-22T11:05:30","date_gmt":"2017-03-22T14:05:30","guid":{"rendered":"http:\/\/portalfloresnoar.com\/floresnoar\/?p=29152"},"modified":"2017-06-08T17:53:45","modified_gmt":"2017-06-08T20:53:45","slug":"agenda-pe-psicologas-da-sala-aurora-realizam-em-junho-encontros-baseados-na-psicologia-junguiana","status":"publish","type":"post","link":"https:\/\/portalfloresnoar.com\/floresnoar\/agenda-pe-psicologas-da-sala-aurora-realizam-em-junho-encontros-baseados-na-psicologia-junguiana\/","title":{"rendered":"[AGENDA PE] Psic\u00f3logas da Sala Aurora realizam em junho encontros baseados na Psicologia Junguiana"},"content":{"rendered":"<p><img decoding=\"async\" loading=\"lazy\" class=\"aligncenter size-full wp-image-29129\" src=\"http:\/\/portalfloresnoar.com\/floresnoar\/wp-content\/uploads\/2017\/05\/SALA-AURORA-3.jpg\" alt=\"SALA AURORA (3)\" width=\"700\" height=\"313\" srcset=\"https:\/\/portalfloresnoar.com\/floresnoar\/wp-content\/uploads\/2017\/05\/SALA-AURORA-3.jpg 700w, https:\/\/portalfloresnoar.com\/floresnoar\/wp-content\/uploads\/2017\/05\/SALA-AURORA-3-300x134.jpg 300w\" sizes=\"(max-width: 700px) 100vw, 700px\" \/><\/p>\n<p>As psic\u00f3logas do consult\u00f3rio e mini-ateli\u00ea Sala Aurora &#8211; abrigada no Lazuli Espa\u00e7o Terap\u00eautico &#8211; promovem no m\u00eas de junho\/2017 encontros tem\u00e1ticos sobre a Psicologia Anal\u00edtica, possibilitando aos interessados conhecer mais de perto o trabalho desenvolvido em consult\u00f3rio, atrav\u00e9s de um passeio por temas que dialogam com a abordagem junguiana. A contribui\u00e7\u00e3o ser\u00e1 volunt\u00e1ria, mediante inscri\u00e7\u00e3o pr\u00e9via.<\/p>\n<p>&#8220;Ser\u00e1 uma grande oportunidade para tirar d\u00favidas e conhecer nossa pr\u00e1tica e estudos&#8221;, convidam as terapeutas da Sala Aurora, composta por Camila Leonel, Jordanna Vit\u00f3ria e Lu\u00edza Le\u00e3o, as tr\u00eas psic\u00f3logas e p\u00f3s-graduandas em Psicologia Junguiana.<\/p>\n<p>No consult\u00f3rio as psic\u00f3logas oferecem o servi\u00e7o de psicoterapia individual e em grupo (crian\u00e7as, jovens, adultos e idosos). Os atendimentos s\u00e3o baseados na perspectiva da Psicologia Anal\u00edtica e da sa\u00fade integrada, com uso de materiais expressivos.<\/p>\n<p>DATAS DOS ENCONTROS<\/p>\n<p><strong>Dia 05\/06\/2017<\/strong><br \/>\nTema: Introdu\u00e7\u00e3o \u00e0 Psicologia Junguiana<br \/>\nHor\u00e1rio: Das 19h \u00e0s 20:30<br \/>\nFacilitadoras: Camila Leonel, Jordanna Vit\u00f3ria e Lu\u00edza Le\u00e3o.<br \/>\nInscri\u00e7\u00f5es : <a href=\"https:\/\/goo.gl\/forms\/0UdwMqyEmMF8mL0v1\" target=\"_blank\" rel=\"noopener noreferrer\">https:\/\/goo.gl\/forms\/0UdwMqyEmMF8mL0v1<\/a><\/p>\n<p><strong>Dia 12\/06\/2017<\/strong><br \/>\nTema: Mitologia e S\u00edmbolos<br \/>\nhor\u00e1rio: Das 19h \u00e0s 20:30<br \/>\nFacilitadora: Jordanna Vit\u00f3ria<br \/>\nInscri\u00e7\u00f5es : <a href=\"https:\/\/goo.gl\/forms\/DvxXwqDwsg8zcIVl1\" target=\"_blank\" rel=\"noopener noreferrer\">https:\/\/goo.gl\/forms\/DvxXwqDwsg8zcIVl1<\/a><\/p>\n<p><strong>Dia: 19\/06\/2017\u00a0<\/strong><br \/>\nTema: Vulnerabilidade Social: Pr\u00e1tica com grupos de adolescentes<br \/>\nhor\u00e1rio: Das 19h \u00e0s 20:30<br \/>\nFacilitadora: Lu\u00edza Le\u00e3o<br \/>\nInscri\u00e7\u00f5es : <a href=\"https:\/\/goo.gl\/forms\/pHwU0J9YIQEKemzH2\" target=\"_blank\" rel=\"noopener noreferrer\">https:\/\/goo.gl\/forms\/pHwU0J9YIQEKemzH2<\/a><\/p>\n<p><strong>Dia:26\/06\/2017\u00a0<\/strong><br \/>\nTema: Sonhos e Psicologia Junguiana<br \/>\nHor\u00e1rio: Das 19h \u00e0s 20:30<br \/>\nFacilitadora: Camila Leonel<br \/>\nInscri\u00e7\u00f5es: <a href=\"https:\/\/goo.gl\/forms\/7diW0h9nZbzPpu9L2\" target=\"_blank\" rel=\"noopener noreferrer\">https:\/\/goo.gl\/forms\/7diW0h9nZbzPpu9L2<\/a><\/p>\n<p>MAIS INFORMA\u00c7\u00d5ES<br \/>\n<strong>Email:<\/strong> aurorapsicoterapiaestudos@gmail.com<br \/>\n<strong>Telefone:<\/strong>\u00a0(81) 99749.3495<br \/>\n<strong>Local:<\/strong>\u00a0 SALA AURORA &#8211; Lazuli Espa\u00e7o Terap\u00eautico: Rua da Coragem, 130\u00aa, Encruzilhada, Recife\/PE<br \/>\n<em>(Veja aqui o mapa de localiza\u00e7\u00e3o do Lazuli: <a href=\"https:\/\/goo.gl\/maps\/bH8Ht\" target=\"_blank\" rel=\"noopener noreferrer\">https:\/\/goo.gl\/maps\/bH8Ht<\/a>)<\/em><\/p>\n","protected":false},"excerpt":{"rendered":"<p>As psic\u00f3logas do consult\u00f3rio e mini-ateli\u00ea Sala Aurora &#8211; abrigada no Lazuli Espa\u00e7o Terap\u00eautico &#8211; promovem no m\u00eas de junho\/2017 encontros tem\u00e1ticos sobre a Psicologia Anal\u00edtica, possibilitando aos interessados conhecer mais de perto o trabalho desenvolvido em consult\u00f3rio, atrav\u00e9s de um passeio por temas que dialogam com a abordagem junguiana. A contribui\u00e7\u00e3o ser\u00e1 volunt\u00e1ria, mediante [&hellip;]<\/p>\n","protected":false},"author":1,"featured_media":29128,"comment_status":"open","ping_status":"open","sticky":false,"template":"","format":"standard","meta":{"om_disable_all_campaigns":false,"_monsterinsights_skip_tracking":false,"_monsterinsights_sitenote_active":false,"_monsterinsights_sitenote_note":"","_monsterinsights_sitenote_category":0,"footnotes":""},"categories":[8,214],"tags":[325,60,148],"acf":[],"publishpress_future_action":{"enabled":false,"date":"1969-12-31 21:00:00","action":"","terms":[],"taxonomy":"","browser_timezone_offset":0},"_links":{"self":[{"href":"https:\/\/portalfloresnoar.com\/floresnoar\/wp-json\/wp\/v2\/posts\/29152"}],"collection":[{"href":"https:\/\/portalfloresnoar.com\/floresnoar\/wp-json\/wp\/v2\/posts"}],"about":[{"href":"https:\/\/portalfloresnoar.com\/floresnoar\/wp-json\/wp\/v2\/types\/post"}],"author":[{"embeddable":true,"href":"https:\/\/portalfloresnoar.com\/floresnoar\/wp-json\/wp\/v2\/users\/1"}],"replies":[{"embeddable":true,"href":"https:\/\/portalfloresnoar.com\/floresnoar\/wp-json\/wp\/v2\/comments?post=29152"}],"version-history":[{"count":0,"href":"https:\/\/portalfloresnoar.com\/floresnoar\/wp-json\/wp\/v2\/posts\/29152\/revisions"}],"wp:featuredmedia":[{"embeddable":true,"href":"https:\/\/portalfloresnoar.com\/floresnoar\/wp-json\/wp\/v2\/media\/29128"}],"wp:attachment":[{"href":"https:\/\/portalfloresnoar.com\/floresnoar\/wp-json\/wp\/v2\/media?parent=29152"}],"wp:term":[{"taxonomy":"category","embeddable":true,"href":"https:\/\/portalfloresnoar.com\/floresnoar\/wp-json\/wp\/v2\/categories?post=29152"},{"taxonomy":"post_tag","embeddable":true,"href":"https:\/\/portalfloresnoar.com\/floresnoar\/wp-json\/wp\/v2\/tags?post=29152"}],"curies":[{"name":"wp","href":"https:\/\/api.w.org\/{rel}","templated":true}]}}