

{"id":29114,"date":"2017-03-12T11:20:01","date_gmt":"2017-03-12T14:20:01","guid":{"rendered":"http:\/\/portalfloresnoar.com\/floresnoar\/?p=29114"},"modified":"2017-05-13T13:10:10","modified_gmt":"2017-05-13T16:10:10","slug":"agenda-pe-feirinha-varzea-co-labor-ativa-movimenta-a-praca-da-varzea-neste-sabado","status":"publish","type":"post","link":"https:\/\/portalfloresnoar.com\/floresnoar\/agenda-pe-feirinha-varzea-co-labor-ativa-movimenta-a-praca-da-varzea-neste-sabado\/","title":{"rendered":"[AGENDA PE] Feirinha V\u00e1rzea Co.labor.ativa movimenta a Pra\u00e7a da V\u00e1rzea neste s\u00e1bado"},"content":{"rendered":"<p><img decoding=\"async\" loading=\"lazy\" class=\"aligncenter size-full wp-image-29115\" alt=\"varzea colaborativa\" src=\"http:\/\/portalfloresnoar.com\/floresnoar\/wp-content\/uploads\/2017\/05\/varzea-colaborativa.jpg\" width=\"697\" height=\"324\" srcset=\"https:\/\/portalfloresnoar.com\/floresnoar\/wp-content\/uploads\/2017\/05\/varzea-colaborativa.jpg 697w, https:\/\/portalfloresnoar.com\/floresnoar\/wp-content\/uploads\/2017\/05\/varzea-colaborativa-300x139.jpg 300w\" sizes=\"(max-width: 697px) 100vw, 697px\" \/><\/p>\n<p>Neste s\u00e1bado, dia 13\/5, das 14h \u00e0s 21h, acontece o evento V\u00e1rzea Co.labor.ativa, uma a\u00e7\u00e3o de gest\u00e3o coletiva, de ocupa\u00e7\u00e3o da Pra\u00e7a da V\u00e1rzea, no Recife, para incentivo e divulga\u00e7\u00e3o da produ\u00e7\u00e3o independente dos moradores, como tamb\u00e9m de produtores residentes em outras localidades.<\/p>\n<p>No local ser\u00e3o comercializados alimentos org\u00e2nicos, livros, artesanato, cosm\u00e9ticos naturais, roupas, plantas, bijuterias, al\u00e9m de servi\u00e7os, como consulta de Tarot.\u00a0A feira \u00e9 colaborativa e re\u00fane produtores de dentro e fora da V\u00e1rzea, que exp\u00f5em seus produtos na Pra\u00e7a Pinto D\u00e2maso no segundo s\u00e1bado de cada m\u00eas.<\/p>\n<p>&#8220;A ideia \u00e9 incentivar o com\u00e9rcio solid\u00e1rio, assim como ressignificar a pracinha pequena, ao lado da pra\u00e7a principal, em frente \u00e0 Escola Professor C\u00e2ndido Duarte, que vive abandonada pela gest\u00e3o p\u00fablica&#8221;, explica Sabrina Carvalho, uma das colaboradoras da feira.<\/p>\n<p><strong>Data:<\/strong> 13.05.2017<br \/>\n<strong>Hor\u00e1rio:<\/strong> das 14h \u00e0s 21h<br \/>\n<strong>Local:<\/strong> Pra\u00e7a da V\u00e1rzea (Pra\u00e7a Pinto D\u00e2maso, Av. Afonso Olindense, Recife\/PE)<\/p>\n<p><strong>Evento no Facebook:<\/strong><a href=\" https:\/\/www.facebook.com\/events\/406791743036973\/permalink\/409251726124308\/\" target=\"_blank\"> https:\/\/www.facebook.com\/events\/406791743036973\/permalink\/409251726124308\/<\/a><\/p>\n","protected":false},"excerpt":{"rendered":"<p>Neste s\u00e1bado, dia 13\/5, das 14h \u00e0s 21h, acontece o evento V\u00e1rzea Co.labor.ativa, uma a\u00e7\u00e3o de gest\u00e3o coletiva, de ocupa\u00e7\u00e3o da Pra\u00e7a da V\u00e1rzea, no Recife, para incentivo e divulga\u00e7\u00e3o da produ\u00e7\u00e3o independente dos moradores, como tamb\u00e9m de produtores residentes em outras localidades. No local ser\u00e3o comercializados alimentos org\u00e2nicos, livros, artesanato, cosm\u00e9ticos naturais, roupas, plantas, [&hellip;]<\/p>\n","protected":false},"author":1,"featured_media":29116,"comment_status":"open","ping_status":"open","sticky":false,"template":"","format":"standard","meta":{"om_disable_all_campaigns":false,"_monsterinsights_skip_tracking":false,"_monsterinsights_sitenote_active":false,"_monsterinsights_sitenote_note":"","_monsterinsights_sitenote_category":0,"footnotes":""},"categories":[8,214],"tags":[45,524,456,333],"acf":[],"publishpress_future_action":{"enabled":false,"date":"1969-12-31 21:00:00","action":"","terms":[],"taxonomy":"","browser_timezone_offset":0},"_links":{"self":[{"href":"https:\/\/portalfloresnoar.com\/floresnoar\/wp-json\/wp\/v2\/posts\/29114"}],"collection":[{"href":"https:\/\/portalfloresnoar.com\/floresnoar\/wp-json\/wp\/v2\/posts"}],"about":[{"href":"https:\/\/portalfloresnoar.com\/floresnoar\/wp-json\/wp\/v2\/types\/post"}],"author":[{"embeddable":true,"href":"https:\/\/portalfloresnoar.com\/floresnoar\/wp-json\/wp\/v2\/users\/1"}],"replies":[{"embeddable":true,"href":"https:\/\/portalfloresnoar.com\/floresnoar\/wp-json\/wp\/v2\/comments?post=29114"}],"version-history":[{"count":0,"href":"https:\/\/portalfloresnoar.com\/floresnoar\/wp-json\/wp\/v2\/posts\/29114\/revisions"}],"wp:featuredmedia":[{"embeddable":true,"href":"https:\/\/portalfloresnoar.com\/floresnoar\/wp-json\/wp\/v2\/media\/29116"}],"wp:attachment":[{"href":"https:\/\/portalfloresnoar.com\/floresnoar\/wp-json\/wp\/v2\/media?parent=29114"}],"wp:term":[{"taxonomy":"category","embeddable":true,"href":"https:\/\/portalfloresnoar.com\/floresnoar\/wp-json\/wp\/v2\/categories?post=29114"},{"taxonomy":"post_tag","embeddable":true,"href":"https:\/\/portalfloresnoar.com\/floresnoar\/wp-json\/wp\/v2\/tags?post=29114"}],"curies":[{"name":"wp","href":"https:\/\/api.w.org\/{rel}","templated":true}]}}