

{"id":29039,"date":"2017-03-02T21:25:41","date_gmt":"2017-03-03T00:25:41","guid":{"rendered":"http:\/\/portalfloresnoar.com\/floresnoar\/?p=29039"},"modified":"2017-05-11T16:15:40","modified_gmt":"2017-05-11T19:15:40","slug":"alimentacao-macrobiotica-e-tema-de-palestra-gratuita-na-proxima-segunda-feira-no-sis","status":"publish","type":"post","link":"https:\/\/portalfloresnoar.com\/floresnoar\/alimentacao-macrobiotica-e-tema-de-palestra-gratuita-na-proxima-segunda-feira-no-sis\/","title":{"rendered":"[AGENDA PE] &#8216;Alimenta\u00e7\u00e3o Macrobi\u00f3tica&#8217; \u00e9 tema de palestra gratuita dia 8\/5 no SIS"},"content":{"rendered":"<figure id=\"attachment_29044\" aria-describedby=\"caption-attachment-29044\" style=\"width: 632px\" class=\"wp-caption aligncenter\"><img decoding=\"async\" loading=\"lazy\" class=\"size-full wp-image-29044\" alt=\"ALIMENTACAO MACROBIOTICA_FOTO Monica Kaneko_CreativeCommons\" src=\"http:\/\/portalfloresnoar.com\/floresnoar\/wp-content\/uploads\/2017\/05\/ALIMENTACAO-MACROBIOTICA_FOTO-Monica-Kaneko_CreativeCommons.jpg\" width=\"632\" height=\"469\" srcset=\"https:\/\/portalfloresnoar.com\/floresnoar\/wp-content\/uploads\/2017\/05\/ALIMENTACAO-MACROBIOTICA_FOTO-Monica-Kaneko_CreativeCommons.jpg 632w, https:\/\/portalfloresnoar.com\/floresnoar\/wp-content\/uploads\/2017\/05\/ALIMENTACAO-MACROBIOTICA_FOTO-Monica-Kaneko_CreativeCommons-300x222.jpg 300w, https:\/\/portalfloresnoar.com\/floresnoar\/wp-content\/uploads\/2017\/05\/ALIMENTACAO-MACROBIOTICA_FOTO-Monica-Kaneko_CreativeCommons-160x120.jpg 160w\" sizes=\"(max-width: 632px) 100vw, 632px\" \/><figcaption id=\"caption-attachment-29044\" class=\"wp-caption-text\">Foto: Monica Kaneko (licen\u00e7a Creative Commons)<\/figcaption><\/figure>\n<p style=\"text-align: left;\">O XXXI F\u00f3rum de Pr\u00e1ticas Integrativas e Complementares do Recife promove no dia 8 de maio palestra com o tema &#8216;Alimenta\u00e7\u00e3o Macrobi\u00f3tica&#8217;, das 14h \u00e0s 17h, no\u00a0<span style=\"letter-spacing: 0em;\">SIS &#8211; Servi\u00e7o Integrado de Sa\u00fade, localizado no bairro do Engenho do Meio, no Recife. Os palestrantes ser\u00e3o Albanita Oliveira de Almeida, do Restaurante C\u00e9u e Terra, e o professor Romilson Marques Cabral, que vivencia a macrobi\u00f3tica desde 1978.\u00a0A entrada para o evento \u00e9 gratuita.<\/span><\/p>\n<p>A palestra tem como objetivo difundir a filosofia da Educa\u00e7\u00e3o Vital\u00edcia como possibilidade de propiciar a articula\u00e7\u00e3o com os processos que ora v\u00eam sendo desenvolvidos pelo SIS.\u00a0A palestra dever\u00e1 ser subdividida em duas partes, embora interligadas: a primeira (Romilson) mais de cunho te\u00f3rico filos\u00f3fico e a segunda (Albanita) de car\u00e1ter mais aplicado envolvendo aspectos alimentares e estrat\u00e9gias de tratamento da sa\u00fade\/doen\u00e7a.<\/p>\n<p>O termo&#8217;macrobi\u00f3tica&#8217; \u00a0foi cunhado por George Oshawa, mestre japon\u00eas considerado o sistematizador deste conhecimento para o Ocidente. Ultimamente o Professor Tomio Kikuchi, disc\u00edpulo de Osawha, e tamb\u00e9m japon\u00eas, naturalizado brasileiro, residente em S\u00e3o Paulo desde 1955, tem denominado o termo: Micromacrobi\u00f3tica ou Educa\u00e7\u00e3o Vital\u00edcia, por envolver um sistema de aprendizados e ensinamentos que envolvem teorias e pr\u00e1ticas desde o pr\u00e9 natal at\u00e9 o pr\u00e9 mortal.<\/p>\n<p>Em que pese a conota\u00e7\u00e3o popular t\u00ea-la associado \u00e0 terap\u00eautica, trata-se de um conhecimento bem amplo envolvendo uma filosofia de vida onde a alimenta\u00e7\u00e3o bucal \u00e9 apenas parte de um todo que \u00e9 sist\u00eamico e psicossom\u00e1tico. Nele s\u00e3o abordadas as quatro liberdades fundamentais: alimenta\u00e7\u00e3o bucal, movimenta\u00e7\u00e3o, respira\u00e7\u00e3o e pensamento.<\/p>\n<p>SOBRE OS PALESTRANTES<br \/>\n<strong>Albanita Oliveira de Almeida<\/strong>\u00a0atuou como engenheira eletricista durante 6 anos. Fundou, em 1984, com Jos\u00e9 Carneiro Filho (in memoriam) o Restaurante C\u00e9u e Terra com a proposta de fornecer uma alimenta\u00e7\u00e3o macrobi\u00f3tica, que hoje denominamos de micromacrobi\u00f3tica ou integral. Desde ent\u00e3o vem proferindo palestras, aulas de culin\u00e1rias e coordenando semin\u00e1rios de Auto Educa\u00e7\u00e3o Vital\u00edcia, com a presen\u00e7a do percursor do movimento no Brasil, Tomio Kikuchi.<\/p>\n<p><strong>Romilson Marques Cabral<\/strong> \u00e9 professor do Departamento de Administra\u00e7\u00e3o da Universidade Federal Rural de Pernambuco desde 1998. Economista com mestrado e doutorado em Administra\u00e7\u00e3o.\u00a0Tem viv\u00eancia com a macrobi\u00f3tica desde 1978. A partir de 1982, com os ensinamentos desenvolvidos pelo professor Tomio Kikuchi, introdutor da macrobi\u00f3tica no Brasil tem coordenado diversos semin\u00e1rios em Recife.\u00a0Proferiu in\u00fameras palestras em diferentes eventos coordenados pelo Centro de Auto Educa\u00e7\u00e3o Vital\u00edcia de Pernambuco do qual \u00e9 membro efetivo. Em julho de 2016 proferiu palestra sobre o poder da palavra no XXXIX Semin\u00e1rio Internacional de Inverno em Mairipor\u00e3 &#8211; S\u00e3o Paulo.<\/p>\n<p><strong>XXXI F\u00f3rum de Pr\u00e1ticas Integrativas\u00a0e Complementares do Recife<\/strong><br \/>\n<strong>Tema:<\/strong> Alimenta\u00e7\u00e3o Macrobi\u00f3tica<br \/>\n<strong>Data:<\/strong> 8 de maio de 2017 (segunda-feira)<br \/>\n<strong>Hora:<\/strong> 14h \u00e0s 17h<br \/>\n<strong>Local:\u00a0\u00a0<\/strong>Servi\u00e7o Integrado de Sa\u00fade (SIS) &#8211; Rua Lindolfo Collor, 65, Engenho do Meio, Recife<br \/>\n<strong>Ingresso: g<\/strong>ratuito<\/p>\n<p><strong>Evento no Facebook:<\/strong> <a href=\"https:\/\/www.facebook.com\/events\/263423704130244\/\" target=\"_blank\">https:\/\/www.facebook.com\/events\/263423704130244\/<\/a><\/p>\n","protected":false},"excerpt":{"rendered":"<p>O XXXI F\u00f3rum de Pr\u00e1ticas Integrativas e Complementares do Recife promove no dia 8 de maio palestra com o tema &#8216;Alimenta\u00e7\u00e3o Macrobi\u00f3tica&#8217;, das 14h \u00e0s 17h, no\u00a0SIS &#8211; Servi\u00e7o Integrado de Sa\u00fade, localizado no bairro do Engenho do Meio, no Recife. Os palestrantes ser\u00e3o Albanita Oliveira de Almeida, do Restaurante C\u00e9u e Terra, e o [&hellip;]<\/p>\n","protected":false},"author":1,"featured_media":29044,"comment_status":"open","ping_status":"open","sticky":false,"template":"","format":"standard","meta":{"om_disable_all_campaigns":false,"_monsterinsights_skip_tracking":false,"_monsterinsights_sitenote_active":false,"_monsterinsights_sitenote_note":"","_monsterinsights_sitenote_category":0,"footnotes":""},"categories":[8,214],"tags":[50,322,305],"acf":[],"publishpress_future_action":{"enabled":false,"date":"1969-12-31 21:00:00","action":"","terms":[],"taxonomy":"","browser_timezone_offset":0},"_links":{"self":[{"href":"https:\/\/portalfloresnoar.com\/floresnoar\/wp-json\/wp\/v2\/posts\/29039"}],"collection":[{"href":"https:\/\/portalfloresnoar.com\/floresnoar\/wp-json\/wp\/v2\/posts"}],"about":[{"href":"https:\/\/portalfloresnoar.com\/floresnoar\/wp-json\/wp\/v2\/types\/post"}],"author":[{"embeddable":true,"href":"https:\/\/portalfloresnoar.com\/floresnoar\/wp-json\/wp\/v2\/users\/1"}],"replies":[{"embeddable":true,"href":"https:\/\/portalfloresnoar.com\/floresnoar\/wp-json\/wp\/v2\/comments?post=29039"}],"version-history":[{"count":0,"href":"https:\/\/portalfloresnoar.com\/floresnoar\/wp-json\/wp\/v2\/posts\/29039\/revisions"}],"wp:featuredmedia":[{"embeddable":true,"href":"https:\/\/portalfloresnoar.com\/floresnoar\/wp-json\/wp\/v2\/media\/29044"}],"wp:attachment":[{"href":"https:\/\/portalfloresnoar.com\/floresnoar\/wp-json\/wp\/v2\/media?parent=29039"}],"wp:term":[{"taxonomy":"category","embeddable":true,"href":"https:\/\/portalfloresnoar.com\/floresnoar\/wp-json\/wp\/v2\/categories?post=29039"},{"taxonomy":"post_tag","embeddable":true,"href":"https:\/\/portalfloresnoar.com\/floresnoar\/wp-json\/wp\/v2\/tags?post=29039"}],"curies":[{"name":"wp","href":"https:\/\/api.w.org\/{rel}","templated":true}]}}