

{"id":29029,"date":"2021-06-01T06:25:58","date_gmt":"2021-06-01T09:25:58","guid":{"rendered":"http:\/\/portalfloresnoar.com\/floresnoar\/?p=29029"},"modified":"2021-08-17T11:09:23","modified_gmt":"2021-08-17T14:09:23","slug":"curso-online-yoga-materno","status":"publish","type":"post","link":"https:\/\/portalfloresnoar.com\/floresnoar\/curso-online-yoga-materno\/","title":{"rendered":"Plataforma On-line Yoga Materno oferece aulas de Yoga para gestantes"},"content":{"rendered":"<p><img decoding=\"async\" loading=\"lazy\" class=\"aligncenter size-full wp-image-29031\" src=\"http:\/\/portalfloresnoar.com\/floresnoar\/wp-content\/uploads\/2017\/05\/yoga-materno-2.jpg\" alt=\"yoga materno 2\" width=\"764\" height=\"421\" srcset=\"https:\/\/portalfloresnoar.com\/floresnoar\/wp-content\/uploads\/2017\/05\/yoga-materno-2.jpg 764w, https:\/\/portalfloresnoar.com\/floresnoar\/wp-content\/uploads\/2017\/05\/yoga-materno-2-300x165.jpg 300w\" sizes=\"(max-width: 764px) 100vw, 764px\" \/><\/p>\n<p>Durante a gesta\u00e7\u00e3o, a m\u00e3e \u00e9 o mundo do beb\u00ea, \u00e9 a prote\u00e7\u00e3o, o alimento, o ar, o som\u2026 tudo o que ele sente passa pela gestante. Como est\u00e1 o mundo onde seu filho est\u00e1 crescendo? Est\u00e1 equilibrado ou um pouco confuso? Est\u00e1 agitado ou calmo? O que ele tem sentido? A professora de Yoga Paula Ubinha est\u00e1 oferecendo o <span style=\"text-decoration: underline;\"><strong><a href=\"https:\/\/go.hotmart.com\/X5763793T\" target=\"_blank\" rel=\"noopener\">Yoga Materno<\/a><\/strong><\/span>, um m\u00e9todo de Yoga adaptado para mulheres que desejam ser m\u00e3e ou j\u00e1 est\u00e3o gr\u00e1vidas, que visa ajud\u00e1-las a fazer do seu corpo o melhor mundo poss\u00edvel para seu beb\u00ea se desenvolver durante a gesta\u00e7\u00e3o, preparando-a para trazer esta vida \u00e0 luz da melhor maneira poss\u00edvel.<\/p>\n<p>As aulas s\u00e3o oferecidas on-line, podendo ser praticadas em qualquer lugar e a qualquer hora, bastando ter acesso \u00e0 internet. Al\u00e9m das posturas de Yoga, todas as aulas trabalham respira\u00e7\u00e3o, mentaliza\u00e7\u00e3o e concentra\u00e7\u00e3o. Todo o material est\u00e1 dispon\u00edvel\u00a0numa plataforma espec\u00edfica, que re\u00fane todas as aulas, al\u00e9m de entrevistas, palestras, textos, entre outros materiais.<\/p>\n<p>O <span style=\"text-decoration: underline;\"><strong><a href=\"https:\/\/go.hotmart.com\/X5763793T\" target=\"_blank\" rel=\"noopener\">Yoga Materno<\/a><\/strong><\/span> \u00e9 o resultado de anos de experi\u00eancia em trabalhos como professora de Yoga, Educadora F\u00edsica e das especializa\u00e7\u00f5es em biomec\u00e2nica e atividades f\u00edsicas para gestante. &#8220;Yoga Materno \u00e9 uma pr\u00e1tica de yoga especializada nas necessidades femininas, especialmente para as mulheres que desejam tornar-se m\u00e3es, contemplando todas as fases implicadas nesta jornada \u2013 o projeto de ser m\u00e3e, estar gr\u00e1vida e o nascimento do beb\u00ea&#8221;, explica Paula.<\/p>\n<p><img decoding=\"async\" loading=\"lazy\" class=\" wp-image-29030 alignleft\" src=\"http:\/\/portalfloresnoar.com\/floresnoar\/wp-content\/uploads\/2017\/05\/paula-ubinha.jpg\" alt=\"paula ubinha\" width=\"202\" height=\"202\" srcset=\"https:\/\/portalfloresnoar.com\/floresnoar\/wp-content\/uploads\/2017\/05\/paula-ubinha.jpg 480w, https:\/\/portalfloresnoar.com\/floresnoar\/wp-content\/uploads\/2017\/05\/paula-ubinha-150x150.jpg 150w, https:\/\/portalfloresnoar.com\/floresnoar\/wp-content\/uploads\/2017\/05\/paula-ubinha-300x300.jpg 300w, https:\/\/portalfloresnoar.com\/floresnoar\/wp-content\/uploads\/2017\/05\/paula-ubinha-100x100.jpg 100w\" sizes=\"(max-width: 202px) 100vw, 202px\" \/>Paula Ubinha trabalha com gestantes h\u00e1 mais de 20 anos. Conheceu a pr\u00e1tica de Yoga h\u00e1 15 anos, quando enfrentou e curou um c\u00e2ncer de tireoide. Com todo o seu conhecimento em educa\u00e7\u00e3o f\u00edsica e o corpo humano, adquiridos em sua forma\u00e7\u00e3o na Unicamp, p\u00f4de identificar o real poder do Yoga na vida das gestantes e ent\u00e3o decidiu criar de m\u00e3e para m\u00e3e um m\u00e9todo totalmente exclusivo e voltado \u00e0s necessidades das mulheres que desejam engravidar, que est\u00e3o gr\u00e1vidas e que j\u00e1 s\u00e3o m\u00e3es.<\/p>\n<p><strong>Benef\u00edcios para quem faz o curso Yoga Materno:<\/strong><br \/>\n&#8211; Corpo e mente preparados para gesta\u00e7\u00e3o<br \/>\n&#8211; Melhor t\u00f4nus<br \/>\n&#8211; Melhor flexibilidade<br \/>\n&#8211; Al\u00edvio das dores decorrentes das transforma\u00e7\u00f5es do corpo<br \/>\n&#8211; Maior consci\u00eancia corporal para as a\u00e7\u00f5es do cotidiano<br \/>\n&#8211; Melhor oxigena\u00e7\u00e3o de seu corpo e do corpo do beb\u00ea<\/p>\n<p><strong>Tudo isso ir\u00e1 colaborar para:<\/strong><br \/>\n&#8211; Gesta\u00e7\u00e3o segura e confort\u00e1vel<br \/>\n&#8211; Parto tranquilo<br \/>\n&#8211; Recupera\u00e7\u00e3o mais r\u00e1pida no p\u00f3s-parto<br \/>\n&#8211; Beb\u00ea mais saud\u00e1vel<\/p>\n<h3><strong><a href=\"https:\/\/go.hotmart.com\/X5763793T\" target=\"_blank\" rel=\"noopener\">INSCRI\u00c7\u00d5ES E MAIS INFORMA\u00c7\u00d5ES AQUI!<\/a><\/strong><\/h3>\n","protected":false},"excerpt":{"rendered":"<p>Durante a gesta\u00e7\u00e3o, a m\u00e3e \u00e9 o mundo do beb\u00ea, \u00e9 a prote\u00e7\u00e3o, o alimento, o ar, o som\u2026 tudo o que ele sente passa pela gestante. Como est\u00e1 o mundo onde seu filho est\u00e1 crescendo? Est\u00e1 equilibrado ou um pouco confuso? Est\u00e1 agitado ou calmo? O que ele tem sentido? A professora de Yoga [&hellip;]<\/p>\n","protected":false},"author":1,"featured_media":29031,"comment_status":"open","ping_status":"open","sticky":false,"template":"","format":"standard","meta":{"om_disable_all_campaigns":false,"_monsterinsights_skip_tracking":false,"_monsterinsights_sitenote_active":false,"_monsterinsights_sitenote_note":"","_monsterinsights_sitenote_category":0,"footnotes":""},"categories":[9],"tags":[374,80,375,519,518,21],"acf":[],"publishpress_future_action":{"enabled":false,"date":"1969-12-31 21:00:00","action":"","terms":[],"taxonomy":"","browser_timezone_offset":0},"_links":{"self":[{"href":"https:\/\/portalfloresnoar.com\/floresnoar\/wp-json\/wp\/v2\/posts\/29029"}],"collection":[{"href":"https:\/\/portalfloresnoar.com\/floresnoar\/wp-json\/wp\/v2\/posts"}],"about":[{"href":"https:\/\/portalfloresnoar.com\/floresnoar\/wp-json\/wp\/v2\/types\/post"}],"author":[{"embeddable":true,"href":"https:\/\/portalfloresnoar.com\/floresnoar\/wp-json\/wp\/v2\/users\/1"}],"replies":[{"embeddable":true,"href":"https:\/\/portalfloresnoar.com\/floresnoar\/wp-json\/wp\/v2\/comments?post=29029"}],"version-history":[{"count":0,"href":"https:\/\/portalfloresnoar.com\/floresnoar\/wp-json\/wp\/v2\/posts\/29029\/revisions"}],"wp:featuredmedia":[{"embeddable":true,"href":"https:\/\/portalfloresnoar.com\/floresnoar\/wp-json\/wp\/v2\/media\/29031"}],"wp:attachment":[{"href":"https:\/\/portalfloresnoar.com\/floresnoar\/wp-json\/wp\/v2\/media?parent=29029"}],"wp:term":[{"taxonomy":"category","embeddable":true,"href":"https:\/\/portalfloresnoar.com\/floresnoar\/wp-json\/wp\/v2\/categories?post=29029"},{"taxonomy":"post_tag","embeddable":true,"href":"https:\/\/portalfloresnoar.com\/floresnoar\/wp-json\/wp\/v2\/tags?post=29029"}],"curies":[{"name":"wp","href":"https:\/\/api.w.org\/{rel}","templated":true}]}}