

{"id":28996,"date":"2017-03-27T12:29:28","date_gmt":"2017-03-27T15:29:28","guid":{"rendered":"http:\/\/portalfloresnoar.com\/floresnoar\/?p=28996"},"modified":"2017-05-11T16:23:04","modified_gmt":"2017-05-11T19:23:04","slug":"agenda-pe-roda-de-fiar-promove-o-encontro-bordado-livre-na-rua-dia-65-no-parque-da-jaqueira","status":"publish","type":"post","link":"https:\/\/portalfloresnoar.com\/floresnoar\/agenda-pe-roda-de-fiar-promove-o-encontro-bordado-livre-na-rua-dia-65-no-parque-da-jaqueira\/","title":{"rendered":"[AGENDA PE] Roda de Fiar promove o encontro \u2018Bordado livre na rua\u2019 dia 6\/5 no Parque da Jaqueira"},"content":{"rendered":"<p style=\"text-align: center;\"><img decoding=\"async\" loading=\"lazy\" class=\"aligncenter  wp-image-28997\" alt=\"bordado livre na rua\" src=\"http:\/\/portalfloresnoar.com\/floresnoar\/wp-content\/uploads\/2017\/04\/bordado-livre-na-rua.jpg\" width=\"729\" height=\"410\" srcset=\"https:\/\/portalfloresnoar.com\/floresnoar\/wp-content\/uploads\/2017\/04\/bordado-livre-na-rua.jpg 1000w, https:\/\/portalfloresnoar.com\/floresnoar\/wp-content\/uploads\/2017\/04\/bordado-livre-na-rua-300x168.jpg 300w\" sizes=\"(max-width: 729px) 100vw, 729px\" \/><\/p>\n<p>Dia 6 de maio tem \u2018Bordado livre na Rua\u2019, no Parque da Jaqueira, no Recife. O encontro \u00e9 promovido pela Roda de Fiar e acontece das 15h \u00e0s 17h. O evento visa divulgar e fortalecer o bordado \u00e0 m\u00e3o livre, reunindo bordadeiras e pessoas interessadas em aprender a bordar.<\/p>\n<p>De acordo com a facilitadora da roda, Maria Herm\u00ednia Martins, &#8220;o encontro do dia 6 homenagear\u00e1 o Feminino, que cria e recria o mundo. Maio \u00e9 o m\u00eas de Maria, das m\u00e3es, das Flores. A proposta da Roda de Fiar para este dia, \u00e9 que todas as pessoas que comparecerem , possam bordar juntas uma mandala, que ser\u00e1 doada ao setor que atende mulheres com c\u00e2ncer, no Hospital do C\u00e2ncer de PE. \u00c9 o bordado sendo canal de mensagem e beleza para as mulheres que est\u00e3o se tratando no hospital. Homens tamb\u00e9m s\u00e3o convidados a participar da roda. Quem ainda n\u00e3o borda, tem muita gente pra ensinar. O tecido ser\u00e1 disponibilizado no local.&#8221;<\/p>\n<p><em><strong>Levar (se poss\u00edvel)<\/strong><\/em>: material de linhas e agulhas leve, \u00e1gua, cadeira e um lanchinho para partilhar.<\/p>\n<p><strong>MAIS INFORMA\u00c7\u00d5ES<\/strong><br \/>\n<strong>Fone:<\/strong> \u00a0(81) 99924.0665 (whatsapp)<br \/>\n<strong>Facebook:<\/strong> <a href=\"https:\/\/www.facebook.com\/rodadefiarbordadoamaoepatchwork\/?fref=ts\" target=\"_blank\">Roda de Fiar Bordado e Patchwork<\/a><\/p>\n","protected":false},"excerpt":{"rendered":"<p>Dia 6 de maio tem \u2018Bordado livre na Rua\u2019, no Parque da Jaqueira, no Recife. O encontro \u00e9 promovido pela Roda de Fiar e acontece das 15h \u00e0s 17h. O evento visa divulgar e fortalecer o bordado \u00e0 m\u00e3o livre, reunindo bordadeiras e pessoas interessadas em aprender a bordar. De acordo com a facilitadora da [&hellip;]<\/p>\n","protected":false},"author":1,"featured_media":28997,"comment_status":"open","ping_status":"open","sticky":false,"template":"","format":"standard","meta":{"om_disable_all_campaigns":false,"_monsterinsights_skip_tracking":false,"_monsterinsights_sitenote_active":false,"_monsterinsights_sitenote_note":"","_monsterinsights_sitenote_category":0,"footnotes":""},"categories":[8,214],"tags":[301,456],"acf":[],"publishpress_future_action":{"enabled":false,"date":"1969-12-31 21:00:00","action":"","terms":[],"taxonomy":"","browser_timezone_offset":0},"_links":{"self":[{"href":"https:\/\/portalfloresnoar.com\/floresnoar\/wp-json\/wp\/v2\/posts\/28996"}],"collection":[{"href":"https:\/\/portalfloresnoar.com\/floresnoar\/wp-json\/wp\/v2\/posts"}],"about":[{"href":"https:\/\/portalfloresnoar.com\/floresnoar\/wp-json\/wp\/v2\/types\/post"}],"author":[{"embeddable":true,"href":"https:\/\/portalfloresnoar.com\/floresnoar\/wp-json\/wp\/v2\/users\/1"}],"replies":[{"embeddable":true,"href":"https:\/\/portalfloresnoar.com\/floresnoar\/wp-json\/wp\/v2\/comments?post=28996"}],"version-history":[{"count":0,"href":"https:\/\/portalfloresnoar.com\/floresnoar\/wp-json\/wp\/v2\/posts\/28996\/revisions"}],"wp:featuredmedia":[{"embeddable":true,"href":"https:\/\/portalfloresnoar.com\/floresnoar\/wp-json\/wp\/v2\/media\/28997"}],"wp:attachment":[{"href":"https:\/\/portalfloresnoar.com\/floresnoar\/wp-json\/wp\/v2\/media?parent=28996"}],"wp:term":[{"taxonomy":"category","embeddable":true,"href":"https:\/\/portalfloresnoar.com\/floresnoar\/wp-json\/wp\/v2\/categories?post=28996"},{"taxonomy":"post_tag","embeddable":true,"href":"https:\/\/portalfloresnoar.com\/floresnoar\/wp-json\/wp\/v2\/tags?post=28996"}],"curies":[{"name":"wp","href":"https:\/\/api.w.org\/{rel}","templated":true}]}}