

{"id":28951,"date":"2017-04-23T22:09:45","date_gmt":"2017-04-24T01:09:45","guid":{"rendered":"http:\/\/portalfloresnoar.com\/floresnoar\/?p=28951"},"modified":"2017-04-26T23:01:50","modified_gmt":"2017-04-27T02:01:50","slug":"menina-madura-como-foi-os-7-dias-sem-trigo","status":"publish","type":"post","link":"https:\/\/portalfloresnoar.com\/floresnoar\/menina-madura-como-foi-os-7-dias-sem-trigo\/","title":{"rendered":"[MENINA MADURA] Como foi os 7 dias sem trigo"},"content":{"rendered":"<p style=\"text-align: center;\"><img decoding=\"async\" loading=\"lazy\" class=\"aligncenter  wp-image-28952\" alt=\"macaxeira_pixabay-free\" src=\"http:\/\/portalfloresnoar.com\/floresnoar\/wp-content\/uploads\/2017\/04\/macaxeira_pixabay-free.jpg\" width=\"660\" height=\"454\" srcset=\"https:\/\/portalfloresnoar.com\/floresnoar\/wp-content\/uploads\/2017\/04\/macaxeira_pixabay-free.jpg 825w, https:\/\/portalfloresnoar.com\/floresnoar\/wp-content\/uploads\/2017\/04\/macaxeira_pixabay-free-300x206.jpg 300w\" sizes=\"(max-width: 660px) 100vw, 660px\" \/><\/p>\n<p>|<em> Por <a href=\"http:\/\/portalfloresnoar.com\/floresnoar\/sobre-a-coluna-menina-madura\/\" target=\"_blank\">Menina Madura<\/a>\u00a0<\/em>|<\/p>\n<p>Pensei que fosse mais dif\u00edcil\u00a0<a href=\"http:\/\/portalfloresnoar.com\/floresnoar\/menina-madura-desafio-1-sete-dias-sem-trigo\/\" target=\"_blank\" rel=\"noopener noreferrer\">ficar sem p\u00e3o<\/a>. Mas num foi n\u00e3o. Biscoitos, bolo, macarr\u00e3o j\u00e1 n\u00e3o me fazem falta. O desafio maior mesmo o p\u00e3o. Tirar o p\u00e3o, me fez trazer pro dia a dia o consumo de outros alimentos para substitu\u00ed-lo. Macaxeira, inhame, batata-doce,\u00a0<a href=\"http:\/\/portalfloresnoar.com\/floresnoar\/menina-madura-mingau-de-banana-comprida\/\" target=\"_blank\" rel=\"noopener noreferrer\">banana comprida<\/a>, tapioca, cuscuz, sopas, papas e mingaus substitu\u00edram lindamente o p\u00e3o de cada dia.<\/p>\n<p>O primeiro sintoma n\u00edtido foi o funcionamento do meu intestino, que andava meio preso. Durante esses sete dias meu intestino funcionou otimamente, como h\u00e1 um tempo n\u00e3o o fazia.<\/p>\n<p>Tamb\u00e9m me senti mais leve e mais disposta.<\/p>\n<p>Quero, \u00a0a partir de agora, continuar diversificando os alimentos, ingerindo trigo n\u00e3o mais diariamente, apenas ocasionalmente. Decidi que quando me der muita vontade de com\u00ea-lo, eu mesma vou preparar meu p\u00e3o e bolos.<\/p>\n<p>Ah, percebi tamb\u00e9m que ao tirar o p\u00e3o, naturalmente, comi menos manteiga e queijo, o que j\u00e1 facilita muito o pr\u00f3ximo passo que darei, no meu novo desafio: 7 dias sem latic\u00ednios.<\/p>\n<p>Contarei sobre isso no pr\u00f3ximo post.<\/p>\n","protected":false},"excerpt":{"rendered":"<p>| Por Menina Madura\u00a0| Pensei que fosse mais dif\u00edcil\u00a0ficar sem p\u00e3o. Mas num foi n\u00e3o. Biscoitos, bolo, macarr\u00e3o j\u00e1 n\u00e3o me fazem falta. O desafio maior mesmo o p\u00e3o. Tirar o p\u00e3o, me fez trazer pro dia a dia o consumo de outros alimentos para substitu\u00ed-lo. Macaxeira, inhame, batata-doce,\u00a0banana comprida, tapioca, cuscuz, sopas, papas e [&hellip;]<\/p>\n","protected":false},"author":1,"featured_media":28952,"comment_status":"open","ping_status":"open","sticky":false,"template":"","format":"standard","meta":{"om_disable_all_campaigns":false,"_monsterinsights_skip_tracking":false,"_monsterinsights_sitenote_active":false,"_monsterinsights_sitenote_note":"","_monsterinsights_sitenote_category":0,"footnotes":""},"categories":[220,376],"tags":[50,512,539],"acf":[],"publishpress_future_action":{"enabled":false,"date":"1969-12-31 21:00:00","action":"","terms":[],"taxonomy":"","browser_timezone_offset":0},"_links":{"self":[{"href":"https:\/\/portalfloresnoar.com\/floresnoar\/wp-json\/wp\/v2\/posts\/28951"}],"collection":[{"href":"https:\/\/portalfloresnoar.com\/floresnoar\/wp-json\/wp\/v2\/posts"}],"about":[{"href":"https:\/\/portalfloresnoar.com\/floresnoar\/wp-json\/wp\/v2\/types\/post"}],"author":[{"embeddable":true,"href":"https:\/\/portalfloresnoar.com\/floresnoar\/wp-json\/wp\/v2\/users\/1"}],"replies":[{"embeddable":true,"href":"https:\/\/portalfloresnoar.com\/floresnoar\/wp-json\/wp\/v2\/comments?post=28951"}],"version-history":[{"count":0,"href":"https:\/\/portalfloresnoar.com\/floresnoar\/wp-json\/wp\/v2\/posts\/28951\/revisions"}],"wp:featuredmedia":[{"embeddable":true,"href":"https:\/\/portalfloresnoar.com\/floresnoar\/wp-json\/wp\/v2\/media\/28952"}],"wp:attachment":[{"href":"https:\/\/portalfloresnoar.com\/floresnoar\/wp-json\/wp\/v2\/media?parent=28951"}],"wp:term":[{"taxonomy":"category","embeddable":true,"href":"https:\/\/portalfloresnoar.com\/floresnoar\/wp-json\/wp\/v2\/categories?post=28951"},{"taxonomy":"post_tag","embeddable":true,"href":"https:\/\/portalfloresnoar.com\/floresnoar\/wp-json\/wp\/v2\/tags?post=28951"}],"curies":[{"name":"wp","href":"https:\/\/api.w.org\/{rel}","templated":true}]}}