

{"id":28931,"date":"2015-09-13T09:00:35","date_gmt":"2015-09-13T12:00:35","guid":{"rendered":"http:\/\/portalfloresnoar.com\/floresnoar\/?p=28931"},"modified":"2024-09-24T17:44:16","modified_gmt":"2024-09-24T20:44:16","slug":"sobre-a-coluna-menina-madura","status":"publish","type":"post","link":"https:\/\/portalfloresnoar.com\/floresnoar\/sobre-a-coluna-menina-madura\/","title":{"rendered":"[MENINA MADURA] Sobre a coluna Menina Madura"},"content":{"rendered":"<p><img decoding=\"async\" loading=\"lazy\" class=\" wp-image-28932 alignleft\" src=\"http:\/\/portalfloresnoar.com\/floresnoar\/wp-content\/uploads\/2017\/04\/apresentacao-menina-madura.jpg\" alt=\"apresentacao menina madura\" width=\"337\" height=\"337\" srcset=\"https:\/\/portalfloresnoar.com\/floresnoar\/wp-content\/uploads\/2017\/04\/apresentacao-menina-madura.jpg 562w, https:\/\/portalfloresnoar.com\/floresnoar\/wp-content\/uploads\/2017\/04\/apresentacao-menina-madura-150x150.jpg 150w, https:\/\/portalfloresnoar.com\/floresnoar\/wp-content\/uploads\/2017\/04\/apresentacao-menina-madura-300x300.jpg 300w, https:\/\/portalfloresnoar.com\/floresnoar\/wp-content\/uploads\/2017\/04\/apresentacao-menina-madura-100x100.jpg 100w\" sizes=\"(max-width: 337px) 100vw, 337px\" \/>| <em>Por Diana Terra<\/em> |<\/p>\n<p>A entrada nos 40 anos tem me trazido muitas transforma\u00e7\u00f5es. Em todos os n\u00edveis: corpo, mente, emo\u00e7\u00e3o e alma. \u00c9 muito doido a pessoa ter mais de 40 anos e se sentir uma menina, a menina de sempre, apesar de tantas mudan\u00e7as.<\/p>\n<p>Neste momento que escrevo esta apresenta\u00e7\u00e3o, o Sol acaba de entrar em Escorpi\u00e3o. O ano \u00e9 2016. E tudo urge por transforma\u00e7\u00e3o. Estamos de fato num momento de transi\u00e7\u00e3o. C\u00e1 no Brasil, t\u00e1 tudo revirado. C\u00e1 na Terra, t\u00e1 tudo revirado. Uma nova Era se anuncia.<\/p>\n<p>Diante da situa\u00e7\u00e3o de urg\u00eancia, olho pra mim, onde moro, como me relaciono, como vivo. A cultura injetada no meu viver n\u00e3o mais atende aos meus anseios. Este sistema capitalista precisa acabar. O que vir\u00e1? N\u00e3o sei. O que sinto \u00e9 que preciso ser coerente com minha alma. \u00c9 este o caminho que quero trilhar.<\/p>\n<p>Ter descoberto que a comunica\u00e7\u00e3o \u00e9 o meu instrumento de poder, minha ferramenta sagrada, tem sido muito importante neste momento. Assumir o que quero fazer, o que gosto, tem me aberto a receber as mensagens e fazer. As vias s\u00e3o diversas. Como n\u00e3o me perder? Como unir os tantos quereres? Como ter dinheiro, sem precisar ser regida por ele, e sim usufru\u00ed-lo em conson\u00e2ncia com minha ess\u00eancia?<\/p>\n<p>A resposta que me vem \u00e9: priorizando o que no momento \u00e9 prioridade e fazer tudo o que gosto, cada vez mais unindo todos os fazeres queridos!<\/p>\n<p>A Arte \u00e9 a minha forma de cura. \u00c9 atrav\u00e9s da poesia, da m\u00fasica, da dan\u00e7a, que mais gosto de me expressar. E tamb\u00e9m de cr\u00f4nicas, como esta. Adoro escrever. E gosto tamb\u00e9m de fotografar, e filmar.<\/p>\n<p>O tempo parece pouco pra tudo que gosto e quero fazer. Por isto nos \u00faltimos tempos uma palavra tem me chamado aten\u00e7\u00e3o: DISCIPLINA. Que quer dizer: ser disc\u00edpula (o) de si.<\/p>\n<p>S\u00f3 que pra ter disciplina \u00e9 necess\u00e1rio distribuir bem o tempo.<\/p>\n<p>Sou mulher, m\u00e3e, filha, artista, comunicadora, terapeuta, educadora, dona de casa, v\u00f3 de felines&#8230;<\/p>\n<p>Gosto de tudo que eu fa\u00e7o. Mas quero me cuidar mais, me alimentar melhor, movimentar meu corpo, ajeitar a minha casa. Quero ler mais, ver mais filmes, ouvir mais m\u00fasica, dan\u00e7ar mais, escrever mais, estar mais junto \u00e0 Natureza {morar numa casinha num s\u00edtio (ou na praia)!}, estar mais com meus filhos, gatinhes, e pais e amigos e amores, viajar. E cantar sempre!<\/p>\n<p>A ideia de criar esta coluna \u00e9 pra compartilhar o meu agir no sentido de viver cada vez mais a minha vida como eu quero, em conson\u00e2ncia com os valores que acredito e defendo.<\/p>\n<p>\u00c9 a necessidade de cuidar de Casa. Casa-Corpo, Casa-Lar, Casa-Terra, Casa-Cosmos!<\/p>\n<p>Como um dos focos que preciso mirar agora \u00e9 o meu corpo, tive a ideia de come\u00e7ar compartilhando nesta coluna o meu processo de autocuidado, a partir da aproxima\u00e7\u00e3o com a Natureza, botando em mim alimentos e cosm\u00e9ticos naturais, respirando melhor, praticando atividades f\u00edsicas com respeito ao meu corpo, experimentando t\u00e9cnicas diversas de autoconhecimento, plantando mais, limpando mais\u2026 Estar presente!<\/p>\n<p>Na verdade acho que esta coluna \u00e9 uma estrat\u00e9gia por mim criada para n\u00e3o me perder. \u00c9 um est\u00edmulo pra que eu siga no meu caminho, sendo cientista de mim.<\/p>\n<p>O amor-pr\u00f3prio, o autocuidado, a autoexpress\u00e3o, a integra\u00e7\u00e3o com a Natureza e a vontade de compartilhar \u00e9 o que guia as postagens. Espero que sirva de inspira\u00e7\u00e3o para outras mulheres.<\/p>\n<p>Acho importante esclarecer logo uma coisa: eu sou flex\u00edvel e assim quero continuar sendo. T\u00f4 numa busca de harmonizar o meu viver, me trazer mais equil\u00edbrio. Ent\u00e3o se me virem fumando, tomando whisky, comendo bode, that\u2019s all right.<\/p>\n<p>&nbsp;<\/p>\n","protected":false},"excerpt":{"rendered":"<p>| Por Diana Terra | A entrada nos 40 anos tem me trazido muitas transforma\u00e7\u00f5es. Em todos os n\u00edveis: corpo, mente, emo\u00e7\u00e3o e alma. \u00c9 muito doido a pessoa ter mais de 40 anos e se sentir uma menina, a menina de sempre, apesar de tantas mudan\u00e7as. Neste momento que escrevo esta apresenta\u00e7\u00e3o, o Sol [&hellip;]<\/p>\n","protected":false},"author":1,"featured_media":28933,"comment_status":"open","ping_status":"open","sticky":false,"template":"","format":"standard","meta":{"om_disable_all_campaigns":false,"_monsterinsights_skip_tracking":false,"_monsterinsights_sitenote_active":false,"_monsterinsights_sitenote_note":"","_monsterinsights_sitenote_category":0,"footnotes":""},"categories":[220,376],"tags":[136,315,48,539],"acf":[],"publishpress_future_action":{"enabled":false,"date":"1969-12-31 21:00:00","action":"","terms":[],"taxonomy":"","browser_timezone_offset":0},"_links":{"self":[{"href":"https:\/\/portalfloresnoar.com\/floresnoar\/wp-json\/wp\/v2\/posts\/28931"}],"collection":[{"href":"https:\/\/portalfloresnoar.com\/floresnoar\/wp-json\/wp\/v2\/posts"}],"about":[{"href":"https:\/\/portalfloresnoar.com\/floresnoar\/wp-json\/wp\/v2\/types\/post"}],"author":[{"embeddable":true,"href":"https:\/\/portalfloresnoar.com\/floresnoar\/wp-json\/wp\/v2\/users\/1"}],"replies":[{"embeddable":true,"href":"https:\/\/portalfloresnoar.com\/floresnoar\/wp-json\/wp\/v2\/comments?post=28931"}],"version-history":[{"count":3,"href":"https:\/\/portalfloresnoar.com\/floresnoar\/wp-json\/wp\/v2\/posts\/28931\/revisions"}],"predecessor-version":[{"id":45417,"href":"https:\/\/portalfloresnoar.com\/floresnoar\/wp-json\/wp\/v2\/posts\/28931\/revisions\/45417"}],"wp:featuredmedia":[{"embeddable":true,"href":"https:\/\/portalfloresnoar.com\/floresnoar\/wp-json\/wp\/v2\/media\/28933"}],"wp:attachment":[{"href":"https:\/\/portalfloresnoar.com\/floresnoar\/wp-json\/wp\/v2\/media?parent=28931"}],"wp:term":[{"taxonomy":"category","embeddable":true,"href":"https:\/\/portalfloresnoar.com\/floresnoar\/wp-json\/wp\/v2\/categories?post=28931"},{"taxonomy":"post_tag","embeddable":true,"href":"https:\/\/portalfloresnoar.com\/floresnoar\/wp-json\/wp\/v2\/tags?post=28931"}],"curies":[{"name":"wp","href":"https:\/\/api.w.org\/{rel}","templated":true}]}}