

{"id":28896,"date":"2017-03-04T07:30:00","date_gmt":"2017-03-04T10:30:00","guid":{"rendered":"http:\/\/portalfloresnoar.com\/floresnoar\/?p=28896"},"modified":"2017-05-10T10:37:33","modified_gmt":"2017-05-10T13:37:33","slug":"agenda-pe-caminho-simples-promove-curso-de-introducao-ao-autoconhecimento","status":"publish","type":"post","link":"https:\/\/portalfloresnoar.com\/floresnoar\/agenda-pe-caminho-simples-promove-curso-de-introducao-ao-autoconhecimento\/","title":{"rendered":"[AGENDA PE] Caminho Simples promove Curso de Introdu\u00e7\u00e3o ao Autoconhecimento, a partir de 8\/5, no Recife"},"content":{"rendered":"<p><img decoding=\"async\" loading=\"lazy\" class=\"aligncenter size-full wp-image-28897\" alt=\"curso autoconhecimento\" src=\"http:\/\/portalfloresnoar.com\/floresnoar\/wp-content\/uploads\/2017\/04\/curso-autoconhecimento.jpg\" width=\"480\" height=\"360\" srcset=\"https:\/\/portalfloresnoar.com\/floresnoar\/wp-content\/uploads\/2017\/04\/curso-autoconhecimento.jpg 480w, https:\/\/portalfloresnoar.com\/floresnoar\/wp-content\/uploads\/2017\/04\/curso-autoconhecimento-300x225.jpg 300w, https:\/\/portalfloresnoar.com\/floresnoar\/wp-content\/uploads\/2017\/04\/curso-autoconhecimento-160x120.jpg 160w\" sizes=\"(max-width: 480px) 100vw, 480px\" \/>O <a href=\"https:\/\/www.caminhosimples.com\" target=\"_blank\">Caminho Simples<\/a> inicia em maio de 2017, no Recife, o Curso de Introdu\u00e7\u00e3o ao Autoconhecimento, um programa que nasce para quem deseja dar os primeiros passos em dire\u00e7\u00e3o \u00e0 <a href=\" https:\/\/youtu.be\/bF3O5woTgAw\" target=\"_blank\">felicidade genu\u00edna<\/a>.<\/p>\n<p>O curso tem in\u00edcio no dia 8 de maio, das 19h30 \u00e0s 21h30, no Caminho Simples Jaqueira, no Recife. Com base em refer\u00eancias da sabedoria ocidental e oriental, as aulas ter\u00e3o exposi\u00e7\u00e3o te\u00f3rica, pr\u00e1ticas, visitas externas e encontros na natureza no Caminho Simples Aldeia. Ser\u00e3o 7 m\u00f3dulos num per\u00edodo estimado de 6 meses.<\/p>\n<p>&#8220;Depois de v\u00e1rias pesquisas, preparamos um programa b\u00e1sico com intuito de gerar os benef\u00edcios mais almejados pelos alunos, como, por exemplo: diminuir a ansiedade, encontrar as pr\u00f3prias respostas e estar em paz no momento presente&#8221;, explicam Lorena Moura e Lula de Oliveira, criadores do Caminho Simples.<\/p>\n<p>O curso tem o objetivo de gerar condi\u00e7\u00f5es para o aprimoramento da sensibilidade dos alunos, a fim de que possam ouvir sua pr\u00f3pria b\u00fassola interior, aplicando a sabedoria na pr\u00e1tica, tendo em vista que o autoconhecimento \u00e9 um caminho que inclui o lado cotidiano da vida.<\/p>\n<p>&#8220;Nossa metodologia segue uma l\u00f3gica c\u00edclica, que sedimenta cada aprendizado por mais de uma vez, de maneira mais profunda. Ao longo do programa, os integrantes definem a participa\u00e7\u00e3o a cada mudan\u00e7a de m\u00f3dulo, de acordo com sua intui\u00e7\u00e3o sobre seguir adiante ou n\u00e3o. Esperamos contribuir para o crescimento dos alunos, planejando v\u00f4os ainda maiores no futuro.&#8221;<\/p>\n<p>PROGRAMA<br \/>\n<strong>M\u00f3dulo 1<\/strong><br \/>\nO que \u00e9 autoconhecimento<br \/>\nAs 8 bases do autoconhecimento<br \/>\nOs 2 tempos da alma<\/p>\n<p><strong>M\u00f3dulo 2<\/strong><br \/>\nAs 6 etapas do autoconhecimento<br \/>\nOs dois estados da mente<\/p>\n<p><strong>M\u00f3dulo 3<\/strong><br \/>\nOs benef\u00edcios do autoconhecimento<\/p>\n<p><strong>Modulo 4<\/strong><br \/>\nA 1\u00aa paisagem do autoconhecimento: o Eu<\/p>\n<p><strong>M\u00f3dulo 5<\/strong><br \/>\nA 2\u00aa paisagem do autoconhecimento o Ambiente<\/p>\n<p><strong>M\u00f3dulo 6<\/strong><br \/>\nA 3\u00aa paisagem do autoconhecimento: o Esp\u00edrito<\/p>\n<p><strong>M\u00f3dulo 7<\/strong><br \/>\nO destino final: a plenitude<\/p>\n<p>SERVI\u00c7O<br \/>\n<em><strong>Curso de Introdu\u00e7\u00e3o ao Autoconhecimento, com Lula de Oliveira e Lorena Moura<\/strong><\/em><br \/>\n<strong>In\u00edcio do curso:<\/strong> 08 de maio de 2017, das 19h30 \u00e0s 21h30<br \/>\n<strong>Local:<\/strong> Caminho Simples Jaqueira &#8211;\u00a0\u00a0Rua Neto de Mendon\u00e7a, 97, sala 26, Jaqueira, Recife\/PE<br \/>\n<strong>Investimento mensal:<\/strong> R$ 150,00<\/p>\n<p><strong>Inscri\u00e7\u00e3o <span style=\"text-decoration: underline;\"><a href=\"http:\/\/caminhosimples.us14.list-manage1.com\/subscribe?u=271a564d1c73ea35e0916f828&amp;id=0856ee59fc\" target=\"_blank\">AQUI<\/a><\/span>!<\/strong><\/p>\n<p>MAIS INFORMA\u00c7\u00d5ES<br \/>\n(81) 99111.6226 (whatsapp)<br \/>\ncontato@caminhosimples.com<br \/>\n<a href=\"https:\/\/www.caminhosimples.com\" target=\"_blank\">https:\/\/www.caminhosimples.com<\/a><\/p>\n<p><iframe loading=\"lazy\" style=\"border: none; overflow: hidden;\" src=\"https:\/\/www.facebook.com\/plugins\/video.php?href=https%3A%2F%2Fwww.facebook.com%2Fcaminhosimples%2Fvideos%2F1383684731691989%2F&amp;show_text=0&amp;width=560\" height=\"315\" width=\"560\" allowfullscreen=\"true\" frameborder=\"0\" scrolling=\"no\"><\/iframe><\/p>\n","protected":false},"excerpt":{"rendered":"<p>O Caminho Simples inicia em maio de 2017, no Recife, o Curso de Introdu\u00e7\u00e3o ao Autoconhecimento, um programa que nasce para quem deseja dar os primeiros passos em dire\u00e7\u00e3o \u00e0 felicidade genu\u00edna. O curso tem in\u00edcio no dia 8 de maio, das 19h30 \u00e0s 21h30, no Caminho Simples Jaqueira, no Recife. Com base em refer\u00eancias [&hellip;]<\/p>\n","protected":false},"author":1,"featured_media":28898,"comment_status":"open","ping_status":"open","sticky":false,"template":"","format":"standard","meta":{"om_disable_all_campaigns":false,"_monsterinsights_skip_tracking":false,"_monsterinsights_sitenote_active":false,"_monsterinsights_sitenote_note":"","_monsterinsights_sitenote_category":0,"footnotes":""},"categories":[8,214],"tags":[136,540,167],"acf":[],"publishpress_future_action":{"enabled":false,"date":"1969-12-31 21:00:00","action":"","terms":[],"taxonomy":"","browser_timezone_offset":0},"_links":{"self":[{"href":"https:\/\/portalfloresnoar.com\/floresnoar\/wp-json\/wp\/v2\/posts\/28896"}],"collection":[{"href":"https:\/\/portalfloresnoar.com\/floresnoar\/wp-json\/wp\/v2\/posts"}],"about":[{"href":"https:\/\/portalfloresnoar.com\/floresnoar\/wp-json\/wp\/v2\/types\/post"}],"author":[{"embeddable":true,"href":"https:\/\/portalfloresnoar.com\/floresnoar\/wp-json\/wp\/v2\/users\/1"}],"replies":[{"embeddable":true,"href":"https:\/\/portalfloresnoar.com\/floresnoar\/wp-json\/wp\/v2\/comments?post=28896"}],"version-history":[{"count":0,"href":"https:\/\/portalfloresnoar.com\/floresnoar\/wp-json\/wp\/v2\/posts\/28896\/revisions"}],"wp:featuredmedia":[{"embeddable":true,"href":"https:\/\/portalfloresnoar.com\/floresnoar\/wp-json\/wp\/v2\/media\/28898"}],"wp:attachment":[{"href":"https:\/\/portalfloresnoar.com\/floresnoar\/wp-json\/wp\/v2\/media?parent=28896"}],"wp:term":[{"taxonomy":"category","embeddable":true,"href":"https:\/\/portalfloresnoar.com\/floresnoar\/wp-json\/wp\/v2\/categories?post=28896"},{"taxonomy":"post_tag","embeddable":true,"href":"https:\/\/portalfloresnoar.com\/floresnoar\/wp-json\/wp\/v2\/tags?post=28896"}],"curies":[{"name":"wp","href":"https:\/\/api.w.org\/{rel}","templated":true}]}}