

{"id":28883,"date":"2017-02-24T06:26:57","date_gmt":"2017-02-24T09:26:57","guid":{"rendered":"http:\/\/portalfloresnoar.com\/floresnoar\/?p=28883"},"modified":"2017-05-01T11:29:11","modified_gmt":"2017-05-01T14:29:11","slug":"agenda-pe-fua-no-patio-de-sao-pedro-e-diversao-garantida-no-ultimo-sabado-de-abril","status":"publish","type":"post","link":"https:\/\/portalfloresnoar.com\/floresnoar\/agenda-pe-fua-no-patio-de-sao-pedro-e-diversao-garantida-no-ultimo-sabado-de-abril\/","title":{"rendered":"[AGENDA PE] Fu\u00e1 no P\u00e1tio de S\u00e3o Pedro \u00e9 divers\u00e3o garantida no \u00faltimo s\u00e1bado de abril"},"content":{"rendered":"<p><img decoding=\"async\" loading=\"lazy\" class=\"aligncenter size-full wp-image-28906\" alt=\"Fu\u00e1 no P\u00e1tio\" src=\"http:\/\/portalfloresnoar.com\/floresnoar\/wp-content\/uploads\/2017\/04\/Fu\u00e1-no-P\u00e1tio.png\" width=\"661\" height=\"882\" srcset=\"https:\/\/portalfloresnoar.com\/floresnoar\/wp-content\/uploads\/2017\/04\/Fu\u00e1-no-P\u00e1tio.png 661w, https:\/\/portalfloresnoar.com\/floresnoar\/wp-content\/uploads\/2017\/04\/Fu\u00e1-no-P\u00e1tio-224x300.png 224w\" sizes=\"(max-width: 661px) 100vw, 661px\" \/><\/p>\n<p>Buscando um novo significado para o P\u00e1tio de S\u00e3o Pedro, chamando a aten\u00e7\u00e3o para o que existe de produ\u00e7\u00e3o criativa, art\u00edstica e de lazer na cidade, dando-lhe um novo tom, o Coletivo P\u00e1tio de S\u00e3o Pedro, formado pelos comerciantes que atuam no largo, planejaram uma s\u00e9rie de a\u00e7\u00f5es envolvendo gastronomia, m\u00fasica, performance e encontros entre amigos e amantes do local, denominado <a href=\"https:\/\/www.facebook.com\/events\/217678645392688\/\" target=\"_blank\">Fu\u00e1 no P\u00e1tio de S\u00e3o Pedro<\/a>, no <strong>dia 29 de abril<\/strong>, a partir do meio dia.<\/p>\n<p>O evento ter\u00e1 in\u00edcio ao meio dia com o Caruru das Pretas, evento organizado por tr\u00eas mulheres e pretende reunir comida de terreiro, samba com a cantora Gabi do Carmo e muita divers\u00e3o, em frente ao casar\u00e3o 52, no P\u00e1tio de S\u00e3o Pedro.<\/p>\n<p>A partir das 17 horas, o Fu\u00e1 se expande para todo o largo do P\u00e1tio de S\u00e3o Pedro com os projetos <a href=\"https:\/\/www.facebook.com\/som.narural\/?fref=ts\" target=\"_blank\">Som na Rural<\/a> e o <a href=\"https:\/\/www.facebook.com\/pages\/Melodia-De-Budega\/318901298248208?fref=ts\" target=\"_blank\">Melodia de Budega (DJ P\u00f3s)<\/a>, no comando da festa, que ir\u00e1 contar com as apresenta\u00e7\u00f5es da Caravana de Palha\u00e7os e da cantora <a href=\"https:\/\/www.facebook.com\/cantodelu7\" target=\"_blank\">Lu Rabelo e banda<\/a>.<\/p>\n<p>O Fu\u00e1 no P\u00e1tio de S\u00e3o Pedro tem o apoio da Prefeitura da Cidade do Recife, por meio da Secretaria de Turismo e Lazer.<\/p>\n<p><strong>Evento no facebook:<\/strong>\u00a0<a href=\"https:\/\/www.facebook.com\/events\/217678645392688\/\" target=\"_blank\">https:\/\/www.facebook.com\/events\/217678645392688\/<\/a><\/p>\n","protected":false},"excerpt":{"rendered":"<p>Buscando um novo significado para o P\u00e1tio de S\u00e3o Pedro, chamando a aten\u00e7\u00e3o para o que existe de produ\u00e7\u00e3o criativa, art\u00edstica e de lazer na cidade, dando-lhe um novo tom, o Coletivo P\u00e1tio de S\u00e3o Pedro, formado pelos comerciantes que atuam no largo, planejaram uma s\u00e9rie de a\u00e7\u00f5es envolvendo gastronomia, m\u00fasica, performance e encontros entre [&hellip;]<\/p>\n","protected":false},"author":1,"featured_media":28908,"comment_status":"open","ping_status":"open","sticky":false,"template":"","format":"standard","meta":{"om_disable_all_campaigns":false,"_monsterinsights_skip_tracking":false,"_monsterinsights_sitenote_active":false,"_monsterinsights_sitenote_note":"","_monsterinsights_sitenote_category":0,"footnotes":""},"categories":[8,214],"tags":[456,383,125],"acf":[],"publishpress_future_action":{"enabled":false,"date":"1969-12-31 21:00:00","action":"","terms":[],"taxonomy":"","browser_timezone_offset":0},"_links":{"self":[{"href":"https:\/\/portalfloresnoar.com\/floresnoar\/wp-json\/wp\/v2\/posts\/28883"}],"collection":[{"href":"https:\/\/portalfloresnoar.com\/floresnoar\/wp-json\/wp\/v2\/posts"}],"about":[{"href":"https:\/\/portalfloresnoar.com\/floresnoar\/wp-json\/wp\/v2\/types\/post"}],"author":[{"embeddable":true,"href":"https:\/\/portalfloresnoar.com\/floresnoar\/wp-json\/wp\/v2\/users\/1"}],"replies":[{"embeddable":true,"href":"https:\/\/portalfloresnoar.com\/floresnoar\/wp-json\/wp\/v2\/comments?post=28883"}],"version-history":[{"count":0,"href":"https:\/\/portalfloresnoar.com\/floresnoar\/wp-json\/wp\/v2\/posts\/28883\/revisions"}],"wp:featuredmedia":[{"embeddable":true,"href":"https:\/\/portalfloresnoar.com\/floresnoar\/wp-json\/wp\/v2\/media\/28908"}],"wp:attachment":[{"href":"https:\/\/portalfloresnoar.com\/floresnoar\/wp-json\/wp\/v2\/media?parent=28883"}],"wp:term":[{"taxonomy":"category","embeddable":true,"href":"https:\/\/portalfloresnoar.com\/floresnoar\/wp-json\/wp\/v2\/categories?post=28883"},{"taxonomy":"post_tag","embeddable":true,"href":"https:\/\/portalfloresnoar.com\/floresnoar\/wp-json\/wp\/v2\/tags?post=28883"}],"curies":[{"name":"wp","href":"https:\/\/api.w.org\/{rel}","templated":true}]}}