

{"id":28865,"date":"2017-04-20T09:19:43","date_gmt":"2017-04-20T12:19:43","guid":{"rendered":"http:\/\/portalfloresnoar.com\/floresnoar\/?p=28865"},"modified":"2017-04-20T09:20:30","modified_gmt":"2017-04-20T12:20:30","slug":"campanha-voce-muda-o-mundo-muda-veja-como-colaborar","status":"publish","type":"post","link":"https:\/\/portalfloresnoar.com\/floresnoar\/campanha-voce-muda-o-mundo-muda-veja-como-colaborar\/","title":{"rendered":"Campanha &#8216;Voc\u00ea muda, o mundo muda&#8217;. Veja como colaborar!"},"content":{"rendered":"<figure id=\"attachment_28868\" aria-describedby=\"caption-attachment-28868\" style=\"width: 720px\" class=\"wp-caption aligncenter\"><img decoding=\"async\" loading=\"lazy\" class=\" wp-image-28868\" alt=\"projeto voce muda o mundo muda\" src=\"http:\/\/portalfloresnoar.com\/floresnoar\/wp-content\/uploads\/2017\/04\/projeto-voce-muda-o-mundo-muda.jpg\" width=\"720\" height=\"396\" srcset=\"https:\/\/portalfloresnoar.com\/floresnoar\/wp-content\/uploads\/2017\/04\/projeto-voce-muda-o-mundo-muda.jpg 800w, https:\/\/portalfloresnoar.com\/floresnoar\/wp-content\/uploads\/2017\/04\/projeto-voce-muda-o-mundo-muda-300x165.jpg 300w\" sizes=\"(max-width: 720px) 100vw, 720px\" \/><figcaption id=\"caption-attachment-28868\" class=\"wp-caption-text\">Foto: Divulga\u00e7\u00e3o<\/figcaption><\/figure>\n<p>Profissionais do campo social, que empreendem uma iniciativa inovadora na \u00e1rea de educa\u00e7\u00e3o, lan\u00e7aram uma campanha para mobilizar recursos que os ajudar\u00e3o a finalizar a p\u00f3s-gradua\u00e7\u00e3o Pr\u00e1tica Social Reflexiva. Trata-se da <a href=\"https:\/\/benfeitoria.com\/vocemudaomundomuda\" target=\"_blank\">campanha \u201cVoc\u00ea muda, o mundo muda\u201d<\/a>, vinculada ao site do Benfeitoria, uma plataforma de financiamento coletivo. A meta da campanha \u00e9 mobilizar R$ 15 mil at\u00e9 o dia 21 de maio.<\/p>\n<p>Por que apoiar este curso? Os aprendizes-empreendedores apresentam v\u00e1rios motivos. Um deles \u00e9 a pertin\u00eancia do m\u00e9todo estudado que aporta uma abordagem qualitativa para responder aos complexos desafios e crises constantes do campo social.<br \/>\nUma das grandes sacadas desta abordagem \u00e9 provocar uma ruptura com a forma de pensamento hegem\u00f4nico na sociedade atual que \u00e9 da domina\u00e7\u00e3o, controle e instrumentaliza\u00e7\u00e3o de qualquer forma de vida. E a pr\u00e1tica de outra forma de pensar o mundo a partir da capacidade de reconhecer e enxergar a intelig\u00eancia que cada organiza\u00e7\u00e3o e organismo vivo tem na busca de solu\u00e7\u00f5es para seus problemas.<\/p>\n<p>A abordagem da forma\u00e7\u00e3o \u00e9 diferenciada. Ela demanda n\u00e3o s\u00f3 a aquisi\u00e7\u00e3o de novos conhecimentos, mas o desenvolvimento de novas habilidades. \u00c0 medida que profissionais do desenvolvimento aperfei\u00e7oam capacidades de observa\u00e7\u00e3o e leitura das complexas situa\u00e7\u00f5es sociais se tornam capazes de promover interven\u00e7\u00f5es que sejam coerentes com a realidade e o contexto.\u00a0Com tal qualidade de observa\u00e7\u00e3o, o praticante do m\u00e9todo passa a vislumbrar rela\u00e7\u00f5es antes invis\u00edveis e que se tornam campo da atua\u00e7\u00e3o do profissional do desenvolvimento social. A interven\u00e7\u00e3o tende a ser mais precisa e capaz de responder \u00e0s complexas e din\u00e2micas sociais da atualidade.<\/p>\n<p>Outro motivo para voc\u00ea apoiar a p\u00f3s-gradua\u00e7\u00e3o Pr\u00e1tica Social Reflexiva \u00e9 que se trata de uma iniciativa de educa\u00e7\u00e3o inovadora e ousada, que rompe com os padr\u00f5es r\u00edgidos da educa\u00e7\u00e3o formal, muitas vezes, desconectada do mundo real e cada vez mais instrumental. A proposta metodol\u00f3gica, ao mesmo tempo vivencial e cient\u00edfica, oferece uma alternativa de estudo acad\u00eamica que aprofunda a rela\u00e7\u00e3o entre o m\u00e9todo e a pr\u00e1tica, diminuindo a dist\u00e2ncia entre essas duas realidades em que o aprendizado acontece.<\/p>\n<p>Mais uma raz\u00e3o para seu engajamento na campanha \u00e9 o fato desta iniciativa, pioneira no campo acad\u00eamico brasileiro, ter conectado organiza\u00e7\u00f5es em diversos pa\u00edses, configurando um novo fluxo de colabora\u00e7\u00e3o inovador entre pa\u00edses e continentes. A proposta nasceu no hemisf\u00e9rio Sul, no Brasil, em articula\u00e7\u00e3o com a \u00c1frica do Sul e depois alcan\u00e7ou parceiros no hemisf\u00e9rio Norte, na Inglaterra e Alemanha.<\/p>\n<p>No Brasil, a proposta foi gerada e concretizada pelo Grupo Recife de Aprendizagem (GRA) com o apoio do IMOCC &#8211; Instituto Maria Madalena Cavalcanti. O GRA \u00c9 um coletivo de profissionais da \u00e1rea do desenvolvimento, que um dia sonhou em realizar um programa de estudo sobre a fenomenologia e encontrou no IMMOC um parceiro para ir em frente. O sonho se tornou real atrav\u00e9s da parceria com o Instituto Proteus, situado na \u00c1frica do Sul, que realizou dois mestrados acad\u00eamicos deste m\u00e9todo com certifica\u00e7\u00e3o da London University. Para esta P\u00f3s, a Universidade Alanus \u00e9 quem reconhece o valor acad\u00eamico da iniciativa, gra\u00e7as a um trabalho cuidadoso do Instituto Crossfields, na Inglaterra, em articular a parceria mais adequada e oferecer o suporte necess\u00e1rio por meio da plataforma virtual \u00e0 aprendizagem.<\/p>\n<h4><a href=\"https:\/\/benfeitoria.com\/vocemudaomundomuda\" target=\"_blank\">Mais informa\u00e7\u00f5es aqui!<\/a><\/h4>\n","protected":false},"excerpt":{"rendered":"<p>Profissionais do campo social, que empreendem uma iniciativa inovadora na \u00e1rea de educa\u00e7\u00e3o, lan\u00e7aram uma campanha para mobilizar recursos que os ajudar\u00e3o a finalizar a p\u00f3s-gradua\u00e7\u00e3o Pr\u00e1tica Social Reflexiva. Trata-se da campanha \u201cVoc\u00ea muda, o mundo muda\u201d, vinculada ao site do Benfeitoria, uma plataforma de financiamento coletivo. A meta da campanha \u00e9 mobilizar R$ 15 [&hellip;]<\/p>\n","protected":false},"author":1,"featured_media":28869,"comment_status":"open","ping_status":"open","sticky":false,"template":"","format":"standard","meta":{"om_disable_all_campaigns":false,"_monsterinsights_skip_tracking":false,"_monsterinsights_sitenote_active":false,"_monsterinsights_sitenote_note":"","_monsterinsights_sitenote_category":0,"footnotes":""},"categories":[9],"tags":[509,508,507],"acf":[],"publishpress_future_action":{"enabled":false,"date":"1969-12-31 21:00:00","action":"","terms":[],"taxonomy":"","browser_timezone_offset":0},"_links":{"self":[{"href":"https:\/\/portalfloresnoar.com\/floresnoar\/wp-json\/wp\/v2\/posts\/28865"}],"collection":[{"href":"https:\/\/portalfloresnoar.com\/floresnoar\/wp-json\/wp\/v2\/posts"}],"about":[{"href":"https:\/\/portalfloresnoar.com\/floresnoar\/wp-json\/wp\/v2\/types\/post"}],"author":[{"embeddable":true,"href":"https:\/\/portalfloresnoar.com\/floresnoar\/wp-json\/wp\/v2\/users\/1"}],"replies":[{"embeddable":true,"href":"https:\/\/portalfloresnoar.com\/floresnoar\/wp-json\/wp\/v2\/comments?post=28865"}],"version-history":[{"count":0,"href":"https:\/\/portalfloresnoar.com\/floresnoar\/wp-json\/wp\/v2\/posts\/28865\/revisions"}],"wp:featuredmedia":[{"embeddable":true,"href":"https:\/\/portalfloresnoar.com\/floresnoar\/wp-json\/wp\/v2\/media\/28869"}],"wp:attachment":[{"href":"https:\/\/portalfloresnoar.com\/floresnoar\/wp-json\/wp\/v2\/media?parent=28865"}],"wp:term":[{"taxonomy":"category","embeddable":true,"href":"https:\/\/portalfloresnoar.com\/floresnoar\/wp-json\/wp\/v2\/categories?post=28865"},{"taxonomy":"post_tag","embeddable":true,"href":"https:\/\/portalfloresnoar.com\/floresnoar\/wp-json\/wp\/v2\/tags?post=28865"}],"curies":[{"name":"wp","href":"https:\/\/api.w.org\/{rel}","templated":true}]}}