

{"id":28859,"date":"2017-02-19T09:29:20","date_gmt":"2017-02-19T12:29:20","guid":{"rendered":"http:\/\/portalfloresnoar.com\/floresnoar\/?p=28859"},"modified":"2017-04-24T12:17:04","modified_gmt":"2017-04-24T15:17:04","slug":"agenda-pe-curso-introdutorio-sobre-terapia-chakratica-com-contos-de-fadas-de-21-a-23-de-abril-em-olinda","status":"publish","type":"post","link":"https:\/\/portalfloresnoar.com\/floresnoar\/agenda-pe-curso-introdutorio-sobre-terapia-chakratica-com-contos-de-fadas-de-21-a-23-de-abril-em-olinda\/","title":{"rendered":"[AGENDA PE] Curso Introdut\u00f3rio sobre Terapia Chakr\u00e1tica com Contos de Fadas de 21 a 23 de abril em Olinda"},"content":{"rendered":"<p><img decoding=\"async\" loading=\"lazy\" class=\"aligncenter size-full wp-image-28860\" alt=\"terapia chacratica com contos de fadas\" src=\"http:\/\/portalfloresnoar.com\/floresnoar\/wp-content\/uploads\/2017\/04\/terapia-chacratica-com-contos-de-fadas.jpg\" width=\"700\" height=\"503\" srcset=\"https:\/\/portalfloresnoar.com\/floresnoar\/wp-content\/uploads\/2017\/04\/terapia-chacratica-com-contos-de-fadas.jpg 700w, https:\/\/portalfloresnoar.com\/floresnoar\/wp-content\/uploads\/2017\/04\/terapia-chacratica-com-contos-de-fadas-300x215.jpg 300w\" sizes=\"(max-width: 700px) 100vw, 700px\" \/><\/p>\n<p>Nesta sexta, s\u00e1bado e domingo ser\u00e1 realizado em Olinda o Curso Introdut\u00f3rio sobre Terapia Chakr\u00e1tica com Contos de Fadas. O\u00a0curso ser\u00e1 ministrado por Karin Ulex, conhecida no Brasil pela edi\u00e7\u00e3o de 18 pequenas cole\u00e7\u00f5es de contos de tradi\u00e7\u00e3o oral, para diversas idades e temas, incluindo as festas do ano.<\/p>\n<p>O curso introdut\u00f3rio n\u00e3o exige conhecimento pr\u00e9vio e \u00e9 indicado a todos os interessados em conhecer e compreender um pouco mais sobre a potencialidade dos contos de fadas como recurso de autoconhecimento e auto-desenvolvimento.<\/p>\n<p>&#8220;Os contos de fadas t\u00eam uma energia curativa, pois vivem neles a sabedoria ancestral da humanidade. Gudrun B\u00f6tef\u00fchr, psicoterapeuta alem\u00e3, descobriu que eles cont\u00eam os sete chacras, energia espiritual que sustenta nossa sa\u00fade f\u00edsica e an\u00edmica&#8221;, declara Karin.<\/p>\n<p>Atualmente, h\u00e1 uma Forma\u00e7\u00e3o em Terapia Chacr\u00e1tica com Contos de Fadas, que tem a dura\u00e7\u00e3o de tr\u00eas anos, reconhecida pelo Estado Alem\u00e3o e indicada para profissionais das \u00e1reas de sa\u00fade, social e pedag\u00f3gica.<\/p>\n<p>Karin Ulex ministrou, por quase 20 anos, cursos para pais e professores em v\u00e1rias escolas sobre a import\u00e2ncia de contar hist\u00f3rias para as crian\u00e7as. Participou do curso &#8216;Paisagem Interior&#8217;, baseado na conto-terapia de Nancy-Mellon.\u00a0Mudou-se para Alemanha em 2009, onde fez a forma\u00e7\u00e3o de conto-terapia chacr\u00e1tica de Gudrun B\u00f6tef\u00fchr, e trabalha agora como contadora de hist\u00f3rias e terapeuta chacr\u00e1tica. \u00c9 co-organizadora dos festivais de contos de fadas na cidade de L\u00fcneburg.<\/p>\n<p>SERVI\u00c7O<br \/>\n<strong>Data\/Hora:<\/strong> 21, 22 e 23\/04\/2017 (sexta, 14h \u00e0s 18h; s\u00e1bado, 8h \u00e0s 18h; domingo, 8h \u00e0s 17h)<br \/>\n<strong>Local:<\/strong> Espa\u00e7o Oficina de Sonhos Educa\u00e7\u00e3o e Arte &#8211; Ladeira de S\u00e3o Francisco, 162, Olinda\/PE<br \/>\n<strong>Investimento:<\/strong> R$ 380,00<br \/>\n<strong>Inscri\u00e7\u00f5es:<\/strong> j.oficinadesonhos@gmail.com ou pelo WhatsApp 988781101 (Raiz do Amaral)<\/p>\n","protected":false},"excerpt":{"rendered":"<p>Nesta sexta, s\u00e1bado e domingo ser\u00e1 realizado em Olinda o Curso Introdut\u00f3rio sobre Terapia Chakr\u00e1tica com Contos de Fadas. O\u00a0curso ser\u00e1 ministrado por Karin Ulex, conhecida no Brasil pela edi\u00e7\u00e3o de 18 pequenas cole\u00e7\u00f5es de contos de tradi\u00e7\u00e3o oral, para diversas idades e temas, incluindo as festas do ano. O curso introdut\u00f3rio n\u00e3o exige conhecimento [&hellip;]<\/p>\n","protected":false},"author":1,"featured_media":28863,"comment_status":"open","ping_status":"open","sticky":false,"template":"","format":"standard","meta":{"om_disable_all_campaigns":false,"_monsterinsights_skip_tracking":false,"_monsterinsights_sitenote_active":false,"_monsterinsights_sitenote_note":"","_monsterinsights_sitenote_category":0,"footnotes":""},"categories":[8,214],"tags":[105,271,167],"acf":[],"publishpress_future_action":{"enabled":false,"date":"1969-12-31 21:00:00","action":"","terms":[],"taxonomy":"","browser_timezone_offset":0},"_links":{"self":[{"href":"https:\/\/portalfloresnoar.com\/floresnoar\/wp-json\/wp\/v2\/posts\/28859"}],"collection":[{"href":"https:\/\/portalfloresnoar.com\/floresnoar\/wp-json\/wp\/v2\/posts"}],"about":[{"href":"https:\/\/portalfloresnoar.com\/floresnoar\/wp-json\/wp\/v2\/types\/post"}],"author":[{"embeddable":true,"href":"https:\/\/portalfloresnoar.com\/floresnoar\/wp-json\/wp\/v2\/users\/1"}],"replies":[{"embeddable":true,"href":"https:\/\/portalfloresnoar.com\/floresnoar\/wp-json\/wp\/v2\/comments?post=28859"}],"version-history":[{"count":0,"href":"https:\/\/portalfloresnoar.com\/floresnoar\/wp-json\/wp\/v2\/posts\/28859\/revisions"}],"wp:featuredmedia":[{"embeddable":true,"href":"https:\/\/portalfloresnoar.com\/floresnoar\/wp-json\/wp\/v2\/media\/28863"}],"wp:attachment":[{"href":"https:\/\/portalfloresnoar.com\/floresnoar\/wp-json\/wp\/v2\/media?parent=28859"}],"wp:term":[{"taxonomy":"category","embeddable":true,"href":"https:\/\/portalfloresnoar.com\/floresnoar\/wp-json\/wp\/v2\/categories?post=28859"},{"taxonomy":"post_tag","embeddable":true,"href":"https:\/\/portalfloresnoar.com\/floresnoar\/wp-json\/wp\/v2\/tags?post=28859"}],"curies":[{"name":"wp","href":"https:\/\/api.w.org\/{rel}","templated":true}]}}