

{"id":28842,"date":"2017-02-18T11:59:50","date_gmt":"2017-02-18T14:59:50","guid":{"rendered":"http:\/\/portalfloresnoar.com\/floresnoar\/?p=28842"},"modified":"2017-04-29T10:57:56","modified_gmt":"2017-04-29T13:57:56","slug":"agenda-pe-grupo-de-constelacao-com-cavalos-dia-264-no-centro-elohim","status":"publish","type":"post","link":"https:\/\/portalfloresnoar.com\/floresnoar\/agenda-pe-grupo-de-constelacao-com-cavalos-dia-264-no-centro-elohim\/","title":{"rendered":"[AGENDA PE] Grupo de Constela\u00e7\u00e3o com Cavalos dia 26\/4 no Centro Elohim"},"content":{"rendered":"<p><img decoding=\"async\" loading=\"lazy\" class=\"aligncenter size-full wp-image-28854\" alt=\"contelacao com cavalos recife\" src=\"http:\/\/portalfloresnoar.com\/floresnoar\/wp-content\/uploads\/2017\/04\/contelacao-com-cavalos-recife.jpg\" width=\"700\" height=\"700\" srcset=\"https:\/\/portalfloresnoar.com\/floresnoar\/wp-content\/uploads\/2017\/04\/contelacao-com-cavalos-recife.jpg 700w, https:\/\/portalfloresnoar.com\/floresnoar\/wp-content\/uploads\/2017\/04\/contelacao-com-cavalos-recife-150x150.jpg 150w, https:\/\/portalfloresnoar.com\/floresnoar\/wp-content\/uploads\/2017\/04\/contelacao-com-cavalos-recife-300x300.jpg 300w, https:\/\/portalfloresnoar.com\/floresnoar\/wp-content\/uploads\/2017\/04\/contelacao-com-cavalos-recife-100x100.jpg 100w\" sizes=\"(max-width: 700px) 100vw, 700px\" \/><em><\/em><\/p>\n<p style=\"text-align: right;\"><em>\u201cCavalos revelam se estamos em resson\u00e2ncia com o que nos \u00e9 dado, com o que somos: nossa fam\u00edlia, nossas habilidades, nossas falhas e nossos desejos.\u201d (Ruud Knaapen)<\/em><\/p>\n<p>No pr\u00f3ximo dia 26 de abril, \u00e0s 19h, ser\u00e1 realizado encontro do Grupo de Constela\u00e7\u00e3o com Cavalos, no Centro Elohim de Equoterapia (CEEQ\/PE), no Recife.<\/p>\n<p>Baseado nas Constela\u00e7\u00f5es Sist\u00eamicas Familiares, o Grupo de Constela\u00e7\u00e3o com Cavalos tem como objetivo despertar a percep\u00e7\u00e3o de padr\u00f5es de comportamento que interferem no fluxo da vida, seja na sa\u00fade, no trabalho, nas rela\u00e7\u00f5es e nas aptid\u00f5es pessoais. \u201cEssa abordagem possibilita a tomada de consci\u00eancia, e, em consequ\u00eancia, a mudan\u00e7a necess\u00e1ria\u201d, declara a facilitadora do grupo, Ana Paula N\u00f3brega, consteladora Sist\u00eamica Familiar e diretora do CEEQ\/PE.<\/p>\n<p><strong>Dia:<\/strong> 26\/04\/2017 (quarta-feira)<br \/>\n<strong>Hora:<\/strong> 19h<br \/>\n<strong>Local:<\/strong> Centro Elohim &#8211; Parque de Exposi\u00e7\u00f5es do Cordeiro<\/p>\n<p><strong>Formul\u00e1rio de inscri\u00e7\u00e3o:\u00a0<\/strong><a href=\"https:\/\/goo.gl\/forms\/2vE5W1Lm2Ax1i8C43\" target=\"_blank\">https:\/\/goo.gl\/forms\/2vE5W1Lm2Ax1i8C43<\/a><\/p>\n<p><strong>Investimento:<\/strong> R$ 60,00 (pagamento no local) ou R$ 50,00 (pagamento antecipado com dep\u00f3sito*)<\/p>\n<p>*Dados banc\u00e1rios:<br \/>\nCentro Elohim de Equoterapia &#8211; CEEQ<br \/>\nCAIXA Econ\u00f4mica Federal<br \/>\nC\/C 1638-1 Ag:1028 Op: 003<br \/>\nCNPJ: 08.698.577\/0002-01 (DOC ou TEF)<\/p>\n<p><em>Obs.: Ap\u00f3s o dep\u00f3sito enviar mensagem informando para ceeqpe@hotmail.com |(81) 99830-7293, ou leve o comprovante no dia do encontro.<\/em><\/p>\n<p>MAIS INFORMA\u00c7\u00d5ES<br \/>\n(81) 3227-0056 ou 98429-3809 (Oi) ou 99683-9427 (whatsapp apenas).<\/p>\n<p><a href=\"http:\/\/www.ceeqpe.com\" target=\"_blank\">www.ceeqpe.com<\/a><\/p>\n","protected":false},"excerpt":{"rendered":"<p>\u201cCavalos revelam se estamos em resson\u00e2ncia com o que nos \u00e9 dado, com o que somos: nossa fam\u00edlia, nossas habilidades, nossas falhas e nossos desejos.\u201d (Ruud Knaapen) No pr\u00f3ximo dia 26 de abril, \u00e0s 19h, ser\u00e1 realizado encontro do Grupo de Constela\u00e7\u00e3o com Cavalos, no Centro Elohim de Equoterapia (CEEQ\/PE), no Recife. Baseado nas Constela\u00e7\u00f5es [&hellip;]<\/p>\n","protected":false},"author":301,"featured_media":28852,"comment_status":"open","ping_status":"open","sticky":false,"template":"","format":"standard","meta":{"om_disable_all_campaigns":false,"_monsterinsights_skip_tracking":false,"_monsterinsights_sitenote_active":false,"_monsterinsights_sitenote_note":"","_monsterinsights_sitenote_category":0,"footnotes":""},"categories":[8,214],"tags":[480,302,389],"acf":[],"publishpress_future_action":{"enabled":false,"date":"1969-12-31 21:00:00","action":"","terms":[],"taxonomy":"","browser_timezone_offset":0},"_links":{"self":[{"href":"https:\/\/portalfloresnoar.com\/floresnoar\/wp-json\/wp\/v2\/posts\/28842"}],"collection":[{"href":"https:\/\/portalfloresnoar.com\/floresnoar\/wp-json\/wp\/v2\/posts"}],"about":[{"href":"https:\/\/portalfloresnoar.com\/floresnoar\/wp-json\/wp\/v2\/types\/post"}],"author":[{"embeddable":true,"href":"https:\/\/portalfloresnoar.com\/floresnoar\/wp-json\/wp\/v2\/users\/301"}],"replies":[{"embeddable":true,"href":"https:\/\/portalfloresnoar.com\/floresnoar\/wp-json\/wp\/v2\/comments?post=28842"}],"version-history":[{"count":0,"href":"https:\/\/portalfloresnoar.com\/floresnoar\/wp-json\/wp\/v2\/posts\/28842\/revisions"}],"wp:featuredmedia":[{"embeddable":true,"href":"https:\/\/portalfloresnoar.com\/floresnoar\/wp-json\/wp\/v2\/media\/28852"}],"wp:attachment":[{"href":"https:\/\/portalfloresnoar.com\/floresnoar\/wp-json\/wp\/v2\/media?parent=28842"}],"wp:term":[{"taxonomy":"category","embeddable":true,"href":"https:\/\/portalfloresnoar.com\/floresnoar\/wp-json\/wp\/v2\/categories?post=28842"},{"taxonomy":"post_tag","embeddable":true,"href":"https:\/\/portalfloresnoar.com\/floresnoar\/wp-json\/wp\/v2\/tags?post=28842"}],"curies":[{"name":"wp","href":"https:\/\/api.w.org\/{rel}","templated":true}]}}