

{"id":28789,"date":"2017-02-12T11:01:10","date_gmt":"2017-02-12T14:01:10","guid":{"rendered":"http:\/\/portalfloresnoar.com\/floresnoar\/?p=28789"},"modified":"2017-04-20T15:57:09","modified_gmt":"2017-04-20T18:57:09","slug":"agenda-pe-dia-internacional-da-biodanca-sera-comemorado-com-encontro-gratuito-no-recife","status":"publish","type":"post","link":"https:\/\/portalfloresnoar.com\/floresnoar\/agenda-pe-dia-internacional-da-biodanca-sera-comemorado-com-encontro-gratuito-no-recife\/","title":{"rendered":"[AGENDA PE] Dia Internacional da Biodan\u00e7a (19\/4) ser\u00e1 comemorado com encontro gratuito no Recife"},"content":{"rendered":"<p><img decoding=\"async\" loading=\"lazy\" class=\"size-full wp-image-28790 alignleft\" alt=\"Biodan\u00e7a\" src=\"http:\/\/portalfloresnoar.com\/floresnoar\/wp-content\/uploads\/2017\/04\/Biodan\u00e7a.jpg\" width=\"400\" height=\"267\" srcset=\"https:\/\/portalfloresnoar.com\/floresnoar\/wp-content\/uploads\/2017\/04\/Biodan\u00e7a.jpg 400w, https:\/\/portalfloresnoar.com\/floresnoar\/wp-content\/uploads\/2017\/04\/Biodan\u00e7a-300x200.jpg 300w\" sizes=\"(max-width: 400px) 100vw, 400px\" \/>No dia 19 de abril \u00e9 celebrado o Dia Internacional da Biodan\u00e7a. Para comemorar a data ser\u00e1 realizada uma roda gratuita, \u00e0s 19h, no Museu de Artes Afro Brasil Rolando Toro.<\/p>\n<p>Dia 19 de abril, \u00e0s 19h<br \/>\nLocal: Museu de Artes Afro Brasil Rolando Toro &#8211; Rua Mariz e Barros, 328 &#8211; Bairro do Recife (Pr\u00f3ximo ao Banco do Brasil da Av. Rio Branco)<\/p>\n<p>MAIS INFORMA\u00c7\u00d5ES<br \/>\n999708970<br \/>\n30382994<br \/>\nmuseudeartesafrobrasil@hotmail.com<\/p>\n<p><em><strong>Realiza\u00e7\u00e3o:<\/strong><\/em><\/p>\n<p><a href=\"https:\/\/m.facebook.com\/museuafrobrasilrolandotoro\/\" target=\"_blank\">MUSEU DE ARTES AFRO BRASIL ROLANDO TORO<\/a><a href=\"https:\/\/m.facebook.com\/museuafrobrasilrolandotoro\/\" target=\"_blank\"><br \/>\n<\/a><\/p>\n<p><a href=\"https:\/\/m.facebook.com\/EscolaDeBiodancaRolandoToroDePe\/\" target=\"_blank\">ESCOLA DE BIODAN\u00c7A ROLANDO TORO DE PERNAMBUCO<\/a><\/p>\n<p><a href=\"https:\/\/m.facebook.com\/Biodanza-_-Coletivo-Autopoiesis-_-RecifeBrasil-798935840122023\/\" target=\"_blank\">COLETIVO AUTOPOIESIS (BIODAN\u00c7A\/ RECIFE)<\/a><\/p>\n","protected":false},"excerpt":{"rendered":"<p>No dia 19 de abril \u00e9 celebrado o Dia Internacional da Biodan\u00e7a. Para comemorar a data ser\u00e1 realizada uma roda gratuita, \u00e0s 19h, no Museu de Artes Afro Brasil Rolando Toro. Dia 19 de abril, \u00e0s 19h Local: Museu de Artes Afro Brasil Rolando Toro &#8211; Rua Mariz e Barros, 328 &#8211; Bairro do Recife [&hellip;]<\/p>\n","protected":false},"author":1,"featured_media":28790,"comment_status":"open","ping_status":"open","sticky":false,"template":"","format":"standard","meta":{"om_disable_all_campaigns":false,"_monsterinsights_skip_tracking":false,"_monsterinsights_sitenote_active":false,"_monsterinsights_sitenote_note":"","_monsterinsights_sitenote_category":0,"footnotes":""},"categories":[8,214],"tags":[66,383],"acf":[],"publishpress_future_action":{"enabled":false,"date":"1969-12-31 21:00:00","action":"","terms":[],"taxonomy":"","browser_timezone_offset":0},"_links":{"self":[{"href":"https:\/\/portalfloresnoar.com\/floresnoar\/wp-json\/wp\/v2\/posts\/28789"}],"collection":[{"href":"https:\/\/portalfloresnoar.com\/floresnoar\/wp-json\/wp\/v2\/posts"}],"about":[{"href":"https:\/\/portalfloresnoar.com\/floresnoar\/wp-json\/wp\/v2\/types\/post"}],"author":[{"embeddable":true,"href":"https:\/\/portalfloresnoar.com\/floresnoar\/wp-json\/wp\/v2\/users\/1"}],"replies":[{"embeddable":true,"href":"https:\/\/portalfloresnoar.com\/floresnoar\/wp-json\/wp\/v2\/comments?post=28789"}],"version-history":[{"count":0,"href":"https:\/\/portalfloresnoar.com\/floresnoar\/wp-json\/wp\/v2\/posts\/28789\/revisions"}],"wp:featuredmedia":[{"embeddable":true,"href":"https:\/\/portalfloresnoar.com\/floresnoar\/wp-json\/wp\/v2\/media\/28790"}],"wp:attachment":[{"href":"https:\/\/portalfloresnoar.com\/floresnoar\/wp-json\/wp\/v2\/media?parent=28789"}],"wp:term":[{"taxonomy":"category","embeddable":true,"href":"https:\/\/portalfloresnoar.com\/floresnoar\/wp-json\/wp\/v2\/categories?post=28789"},{"taxonomy":"post_tag","embeddable":true,"href":"https:\/\/portalfloresnoar.com\/floresnoar\/wp-json\/wp\/v2\/tags?post=28789"}],"curies":[{"name":"wp","href":"https:\/\/api.w.org\/{rel}","templated":true}]}}