

{"id":28785,"date":"2017-05-05T06:14:22","date_gmt":"2017-05-05T09:14:22","guid":{"rendered":"http:\/\/portalfloresnoar.com\/floresnoar\/?p=28785"},"modified":"2017-05-05T12:00:11","modified_gmt":"2017-05-05T15:00:11","slug":"agenda-pe-formacao-em-massoterapia-ayurvedica-a-partir-de-106-no-recife","status":"publish","type":"post","link":"https:\/\/portalfloresnoar.com\/floresnoar\/agenda-pe-formacao-em-massoterapia-ayurvedica-a-partir-de-106-no-recife\/","title":{"rendered":"[AGENDA PE] Forma\u00e7\u00e3o em Massoterapia Ayurv\u00e9dica, a partir de 10\/6, no Recife"},"content":{"rendered":"<p><img decoding=\"async\" loading=\"lazy\" class=\"aligncenter size-full wp-image-28786\" alt=\"formacao massoterapia ayurvedica\" src=\"http:\/\/portalfloresnoar.com\/floresnoar\/wp-content\/uploads\/2017\/04\/formacao-massoterapia-ayurvedica.jpg\" width=\"650\" height=\"929\" srcset=\"https:\/\/portalfloresnoar.com\/floresnoar\/wp-content\/uploads\/2017\/04\/formacao-massoterapia-ayurvedica.jpg 650w, https:\/\/portalfloresnoar.com\/floresnoar\/wp-content\/uploads\/2017\/04\/formacao-massoterapia-ayurvedica-209x300.jpg 209w\" sizes=\"(max-width: 650px) 100vw, 650px\" \/><\/p>\n<p>O Veda &#8211; Centro de Psicologia e Terapias Integradas oferece a partir do dia 10 de junho uma nova turma do curso de Forma\u00e7\u00e3o em Massoterapia Ayurv\u00e9dica no Recife. O curso \u00e9 registrado na ABRA &#8211; Associa\u00e7\u00e3o Brasileira de Ayurveda, e tem como objetivo formar especialistas em massagem terap\u00eautica, capazes de realizar um tratamento adequado e eficiente com a finalidade de promover a boa sa\u00fade e o bem-estar aos seus pacientes.<\/p>\n<p>Com dura\u00e7\u00e3o de 5 meses (5 m\u00f3dulos), as aulas acontecer\u00e3o sempre em um fim de semana por m\u00eas, aos s\u00e1bados e domingos, sendo s\u00e1bado em hor\u00e1rio integral e no domingo pela manh\u00e3. As aulas acontecer\u00e3o no Espa\u00e7o \u00c1gape, localizado na rua Desembargador Edmundo Jord\u00e3o, n\u00b0 245, Tamarineira (pr\u00f3ximo \u00e0 Ferreira Costa).<\/p>\n<p>O curso \u00e9 ministrado por Francisco Claudino, diretor e massoterapeuta do Centro Veda, com participa\u00e7\u00e3o da fisioterapeuta Erica Bastos e da aromaterapeuta L\u00facia Reichler.<\/p>\n<p>Os principais temas abordados no decorrer do curso s\u00e3o os fundamentos b\u00e1sicos da Medicina Ayurveda, aromaterapia, anatomia humana, precau\u00e7\u00f5es, indica\u00e7\u00f5es e contra-indica\u00e7\u00f5es da massagem, os principais tipos de \u00f3leos medicinais, \u00f3leos essenciais e p\u00f3s de ervas medicinais utilizados na massagem, compreens\u00e3o dos sistemas vibracionais, t\u00e9cnicas e manobras da Massagem Ayurv\u00e9dica e os benef\u00edcios da massagem. No final do curso, o formando ser\u00e1 capaz de realizar a correta aplica\u00e7\u00e3o de uma sequ\u00eancia de Massagem Ayurv\u00e9dica, assim como da aplica\u00e7\u00e3o de manobras, tra\u00e7\u00f5es e alongamentos, e desenvolver o toque a partir do sentir e n\u00e3o apenas da t\u00e9cnica.<\/p>\n<p>O curso \u00e9 voltado para profissionais da \u00e1rea da sa\u00fade em geral, terapeutas, cuidadores e aqueles que buscam o bem-estar e harmonia em suas vidas seja para seu crescimento pessoal, seja para buscar alguma qualifica\u00e7\u00e3o no campo profissional e avivar a melhoria da sua qualidade de vida e de outras pessoas.<\/p>\n<p><em>Outras informa\u00e7\u00f5es <strong><span style=\"text-decoration: underline;\"><a href=\"http:\/\/www.centroveda.com.br\/curso.massagem-ayurvedica\/83.curso-de-massoterapia-ayurvedica-recife-2017-inscricoes-abertas.html\" target=\"_blank\">aqui<\/a><\/span><\/strong>! \u00a0<\/em><\/p>\n<p><strong>Pr\u00e9 Requisitos:<\/strong><br \/>\nSer maior de 18 anos (caso o menor queira participar do curso, dever\u00e1 trazer os pais para participar de uma entrevista com os organizadores do curso e dever\u00e1 entregar uma autoriza\u00e7\u00e3o por escrito dos mesmos registrada em cart\u00f3rio). N\u00e3o h\u00e1 exig\u00eancia de nenhuma forma\u00e7\u00e3o para realiza\u00e7\u00e3o do curso.<\/p>\n<p><strong>Material Necess\u00e1rio:<\/strong><br \/>\n* Roupa confort\u00e1vel para aplica\u00e7\u00e3o de massagem.<br \/>\n* Homens trazer sunga e mulheres biquini para receber massagem.<br \/>\n* Trazer um len\u00e7ol e tr\u00eas toalhas para utilizar na aplica\u00e7\u00e3o de massagem (devido o uso de \u00f3leos e p\u00f3s durante as massagens sugerimos que utilizem len\u00e7\u00f3is e toalhas usadas).<br \/>\n* Caderno e caneta para anota\u00e7\u00f5es.<\/p>\n<p>VALOR DE INVESTIMENTO DO CURSO:<br \/>\n<strong>Pagamento \u00e0 vista:<\/strong>\u00a0no dia do m\u00f3dulo, em dinheiro: R$ 325 mensais.<\/p>\n<p><strong>Pagamento com cheque pr\u00e9-datado:<\/strong>\u00a0R$ 300 (pagamento antecipado com cheques pr\u00e9-datados com data para o dia anterior da realiza\u00e7\u00e3o de cada m\u00f3dulo).<\/p>\n<p><em>Vagas limitadas!<\/em><\/p>\n<p><strong>MAIS INFORMA\u00c7\u00d5ES<\/strong><br \/>\nSAULO: (83) 99107 8047 (WhatsApp) \u2013 99136 4090<br \/>\nFRANCISCO: (83) 99806 2122 (WhatsApp) \u2013 98803 2310<br \/>\nCENTRO VEDA: (83) 3566 8775 \u2013 98788 8775 (WhatsApp) \u2013 99998 0447<\/p>\n<p><em>O Centro Veda possui atendimentos nas \u00e1reas de Psicologia Cl\u00ednica, Neuropsicolog\u00eda, Massoterapia Ayurv\u00e9dica, Ayurveda, entre outros. Oferecendo cursos em diversas \u00e1reas como: Massoterapia Ayurv\u00e9dica, Terapeuta Ayurveda, Florais da Amaz\u00f4nia, Marmaterapia, Shantala e Cursos de Especializa\u00e7\u00e3o na \u00e1rea de Psicologia.<\/em><\/p>\n<p><a href=\"http:\/\/www.centroveda.com.br\/\" target=\"_blank\">www.centroveda.com.br<\/a><\/p>\n","protected":false},"excerpt":{"rendered":"<p>O Veda &#8211; Centro de Psicologia e Terapias Integradas oferece a partir do dia 10 de junho uma nova turma do curso de Forma\u00e7\u00e3o em Massoterapia Ayurv\u00e9dica no Recife. O curso \u00e9 registrado na ABRA &#8211; Associa\u00e7\u00e3o Brasileira de Ayurveda, e tem como objetivo formar especialistas em massagem terap\u00eautica, capazes de realizar um tratamento adequado [&hellip;]<\/p>\n","protected":false},"author":1,"featured_media":28787,"comment_status":"open","ping_status":"open","sticky":false,"template":"","format":"standard","meta":{"om_disable_all_campaigns":false,"_monsterinsights_skip_tracking":false,"_monsterinsights_sitenote_active":false,"_monsterinsights_sitenote_note":"","_monsterinsights_sitenote_category":0,"footnotes":""},"categories":[8,224,214],"tags":[114,167,360],"acf":[],"publishpress_future_action":{"enabled":false,"date":"1969-12-31 21:00:00","action":"","terms":[],"taxonomy":"","browser_timezone_offset":0},"_links":{"self":[{"href":"https:\/\/portalfloresnoar.com\/floresnoar\/wp-json\/wp\/v2\/posts\/28785"}],"collection":[{"href":"https:\/\/portalfloresnoar.com\/floresnoar\/wp-json\/wp\/v2\/posts"}],"about":[{"href":"https:\/\/portalfloresnoar.com\/floresnoar\/wp-json\/wp\/v2\/types\/post"}],"author":[{"embeddable":true,"href":"https:\/\/portalfloresnoar.com\/floresnoar\/wp-json\/wp\/v2\/users\/1"}],"replies":[{"embeddable":true,"href":"https:\/\/portalfloresnoar.com\/floresnoar\/wp-json\/wp\/v2\/comments?post=28785"}],"version-history":[{"count":0,"href":"https:\/\/portalfloresnoar.com\/floresnoar\/wp-json\/wp\/v2\/posts\/28785\/revisions"}],"wp:featuredmedia":[{"embeddable":true,"href":"https:\/\/portalfloresnoar.com\/floresnoar\/wp-json\/wp\/v2\/media\/28787"}],"wp:attachment":[{"href":"https:\/\/portalfloresnoar.com\/floresnoar\/wp-json\/wp\/v2\/media?parent=28785"}],"wp:term":[{"taxonomy":"category","embeddable":true,"href":"https:\/\/portalfloresnoar.com\/floresnoar\/wp-json\/wp\/v2\/categories?post=28785"},{"taxonomy":"post_tag","embeddable":true,"href":"https:\/\/portalfloresnoar.com\/floresnoar\/wp-json\/wp\/v2\/tags?post=28785"}],"curies":[{"name":"wp","href":"https:\/\/api.w.org\/{rel}","templated":true}]}}