

{"id":28781,"date":"2017-04-11T21:18:52","date_gmt":"2017-04-12T00:18:52","guid":{"rendered":"http:\/\/portalfloresnoar.com\/floresnoar\/?p=28781"},"modified":"2017-04-11T21:18:52","modified_gmt":"2017-04-12T00:18:52","slug":"agenda-pb-curso-de-formacao-em-massoterapia-ayurvedica-tem-inicio-no-dia-36-em-joao-pessoa","status":"publish","type":"post","link":"https:\/\/portalfloresnoar.com\/floresnoar\/agenda-pb-curso-de-formacao-em-massoterapia-ayurvedica-tem-inicio-no-dia-36-em-joao-pessoa\/","title":{"rendered":"[AGENDA PB] Curso de Forma\u00e7\u00e3o em Massoterapia Ayurv\u00e9dica tem in\u00edcio no dia 3\/6 em Jo\u00e3o Pessoa"},"content":{"rendered":"<p><img decoding=\"async\" loading=\"lazy\" class=\"aligncenter size-full wp-image-28783\" alt=\"Folders.cdr\" src=\"http:\/\/portalfloresnoar.com\/floresnoar\/wp-content\/uploads\/2017\/04\/Massoterapia-JPA.jpg\" width=\"650\" height=\"928\" srcset=\"https:\/\/portalfloresnoar.com\/floresnoar\/wp-content\/uploads\/2017\/04\/Massoterapia-JPA.jpg 650w, https:\/\/portalfloresnoar.com\/floresnoar\/wp-content\/uploads\/2017\/04\/Massoterapia-JPA-210x300.jpg 210w\" sizes=\"(max-width: 650px) 100vw, 650px\" \/><\/p>\n<p>O Veda &#8211; Centro de Psicologia e Terapias Integradas oferece a partir de junho\/2017 o curso de Massoterapia Ayurv\u00e9dica em Jo\u00e3o Pessoa. O curso \u00e9 registrado na ABRA &#8211; Associa\u00e7\u00e3o Brasileira de Ayurveda, e tem como objetivo formar especialistas em massagem terap\u00eautica capazes de realizar um tratamento adequado e eficiente com a finalidade de promover a boa sa\u00fade e o bem-estar aos seus pacientes.\u00a0O curso \u00e9 ministrado por Francisco Claudino, diretor e massoterapeuta do Centro Veda, com participa\u00e7\u00e3o da fisioterapeuta Lut\u00e9rcia Silva e da aromaterapeuta L\u00facia Reichler.<\/p>\n<p>A forma\u00e7\u00e3o \u00e9 voltada para profissionais da \u00e1rea da sa\u00fade em geral, terapeutas, cuidadores e aqueles que buscam o bem-estar e harmonia em suas vidas, seja para seu crescimento pessoal, seja para buscar alguma qualifica\u00e7\u00e3o no campo profissional e avivar a melhoria da sua qualidade de vida e de outras pessoas.<\/p>\n<p>Com dura\u00e7\u00e3o de 5 meses (5 m\u00f3dulos), as aulas acontecer\u00e3o, a partir do dia 3 de junho de 2017,\u00a0sempre em um fim de semana por m\u00eas, aos s\u00e1bados e domingos, sendo no s\u00e1bado em hor\u00e1rio integral e no domingo pela manh\u00e3. As aulas acontecer\u00e3o no Centro Veda, localizado na rua Joaquim Ferreira da Costa, n\u00b0 82 &#8211; Mana\u00edra, Jo\u00e3o Pessoa\/PB.<\/p>\n<p>Os principais temas abordados no decorrer do curso s\u00e3o os fundamentos b\u00e1sicos da Medicina Ayurveda, aromaterapia, anatomia humana, precau\u00e7\u00f5es, indica\u00e7\u00f5es e contra-indica\u00e7\u00f5es da massagem, os principais tipos de \u00f3leos medicinais, \u00f3leos essenciais e p\u00f3s de ervas medicinais utilizados na massagem, compreens\u00e3o dos sistemas vibracionais, t\u00e9cnicas e manobras da Massagem Ayurv\u00e9dica e os benef\u00edcios da massagem.<\/p>\n<p>No final do curso, o formando ser\u00e1 capaz de realizar a correta aplica\u00e7\u00e3o de uma sequ\u00eancia de Massagem Ayurv\u00e9dica, assim como aplica\u00e7\u00e3o de manobras, tra\u00e7\u00f5es e alongamentos, e desenvolver o toque a partir do sentir e n\u00e3o apenas da t\u00e9cnica.<\/p>\n<p>Outras informa\u00e7\u00f5es, <a href=\"http:\/\/www.centroveda.com.br\/curso.massagem-ayurvedica\/82.curso-de-massoterapia-ayurvedica-joao-pessoa-2017-inscricoes-abertas.html\" target=\"_blank\">clique aqui!<\/a><\/p>\n<p><strong>Pr\u00e9 Requisitos:<\/strong><br \/>\nSer maior de 18 anos (caso o menor queira participar do curso, dever\u00e1 trazer os pais para participar de uma entrevista com os organizadores do curso e dever\u00e1 entregar uma autoriza\u00e7\u00e3o por escrito dos mesmos registrada em cart\u00f3rio). N\u00e3o h\u00e1 exig\u00eancia de nenhuma forma\u00e7\u00e3o para realiza\u00e7\u00e3o do curso.<\/p>\n<p><strong>Material Necess\u00e1rio:<\/strong><br \/>\n* Roupa confort\u00e1vel para aplica\u00e7\u00e3o de massagem.<br \/>\n* Homens trazer sunga e mulheres biquini para receber massagem.<br \/>\n* Trazer um len\u00e7ol e tr\u00eas toalhas para utilizar na aplica\u00e7\u00e3o de massagem (devido o uso de \u00f3leos e p\u00f3s durante as massagens sugerimos que utilizem len\u00e7\u00f3is e toalhas usadas).<br \/>\n* Caderno e caneta para anota\u00e7\u00f5es.<\/p>\n<p>VALOR DE INVESTIMENTO DO CURSO:<br \/>\n<strong>Pagamento \u00e0 vista:<\/strong> no dia do m\u00f3dulo, em dinheiro: R$ 325 mensais.<\/p>\n<p><strong>Pagamento com cheque pr\u00e9-datado:<\/strong> R$ 300 (pagamento antecipado com cheques pr\u00e9-datados com data para o dia anterior da realiza\u00e7\u00e3o de cada m\u00f3dulo).<\/p>\n<p><em>Vagas limitadas!<\/em><\/p>\n<p><strong>MAIS INFORMA\u00c7\u00d5ES<\/strong><br \/>\nSAULO: (83) 99107 8047 (WhatsApp) &#8211; 99136 4090<br \/>\nFRANCISCO: (83) 99806 2122 (WhatsApp) &#8211; 98803 2310<br \/>\nCENTRO VEDA: (83) 3566 8775 &#8211; 98788 8775 (WhatsApp) &#8211; 99998 0447<\/p>\n<p><em>O Centro Veda possui atendimentos nas \u00e1reas de Psicologia Cl\u00ednica, Neuropsicolog\u00eda, Massoterapia Ayurv\u00e9dica, Ayurveda, entre outros. Oferecendo cursos em diversas \u00e1reas como: Massoterapia Ayurv\u00e9dica, Terapeuta Ayurveda, Florais da Amaz\u00f4nia, Marmaterapia, Shantala e Cursos de Especializa\u00e7\u00e3o na \u00e1rea de Psicologia.<\/em><\/p>\n<p><a href=\"http:\/\/www.centroveda.com.br\" target=\"_blank\">www.centroveda.com.br<\/a><\/p>\n","protected":false},"excerpt":{"rendered":"<p>O Veda &#8211; Centro de Psicologia e Terapias Integradas oferece a partir de junho\/2017 o curso de Massoterapia Ayurv\u00e9dica em Jo\u00e3o Pessoa. O curso \u00e9 registrado na ABRA &#8211; Associa\u00e7\u00e3o Brasileira de Ayurveda, e tem como objetivo formar especialistas em massagem terap\u00eautica capazes de realizar um tratamento adequado e eficiente com a finalidade de promover [&hellip;]<\/p>\n","protected":false},"author":1,"featured_media":28782,"comment_status":"open","ping_status":"open","sticky":false,"template":"","format":"standard","meta":{"om_disable_all_campaigns":false,"_monsterinsights_skip_tracking":false,"_monsterinsights_sitenote_active":false,"_monsterinsights_sitenote_note":"","_monsterinsights_sitenote_category":0,"footnotes":""},"categories":[8,224,216],"tags":[114,167,360],"acf":[],"publishpress_future_action":{"enabled":false,"date":"1969-12-31 21:00:00","action":"","terms":[],"taxonomy":"","browser_timezone_offset":0},"_links":{"self":[{"href":"https:\/\/portalfloresnoar.com\/floresnoar\/wp-json\/wp\/v2\/posts\/28781"}],"collection":[{"href":"https:\/\/portalfloresnoar.com\/floresnoar\/wp-json\/wp\/v2\/posts"}],"about":[{"href":"https:\/\/portalfloresnoar.com\/floresnoar\/wp-json\/wp\/v2\/types\/post"}],"author":[{"embeddable":true,"href":"https:\/\/portalfloresnoar.com\/floresnoar\/wp-json\/wp\/v2\/users\/1"}],"replies":[{"embeddable":true,"href":"https:\/\/portalfloresnoar.com\/floresnoar\/wp-json\/wp\/v2\/comments?post=28781"}],"version-history":[{"count":0,"href":"https:\/\/portalfloresnoar.com\/floresnoar\/wp-json\/wp\/v2\/posts\/28781\/revisions"}],"wp:featuredmedia":[{"embeddable":true,"href":"https:\/\/portalfloresnoar.com\/floresnoar\/wp-json\/wp\/v2\/media\/28782"}],"wp:attachment":[{"href":"https:\/\/portalfloresnoar.com\/floresnoar\/wp-json\/wp\/v2\/media?parent=28781"}],"wp:term":[{"taxonomy":"category","embeddable":true,"href":"https:\/\/portalfloresnoar.com\/floresnoar\/wp-json\/wp\/v2\/categories?post=28781"},{"taxonomy":"post_tag","embeddable":true,"href":"https:\/\/portalfloresnoar.com\/floresnoar\/wp-json\/wp\/v2\/tags?post=28781"}],"curies":[{"name":"wp","href":"https:\/\/api.w.org\/{rel}","templated":true}]}}