

{"id":2878,"date":"2012-09-26T14:38:34","date_gmt":"2012-09-26T17:38:34","guid":{"rendered":"http:\/\/portalfloresnoar.hospedagemdesites.ws\/floresnoar\/?p=2878"},"modified":"2012-09-26T14:38:34","modified_gmt":"2012-09-26T17:38:34","slug":"portal-flores-no-ar-lanca-o-catalogo-virtual-guia-flores-no-ar","status":"publish","type":"post","link":"https:\/\/portalfloresnoar.com\/floresnoar\/portal-flores-no-ar-lanca-o-catalogo-virtual-guia-flores-no-ar\/","title":{"rendered":"Portal Flores no Ar lan\u00e7a o cat\u00e1logo virtual GUIA FLORES NO AR!"},"content":{"rendered":"<p><a href=\"http:\/\/www.portalfloresnoar.com\/guiafloresnoar\/\"><img decoding=\"async\" loading=\"lazy\" class=\"alignleft size-full wp-image-2879\" title=\"Guia Flores no Ar\" src=\"http:\/\/portalfloresnoar.hospedagemdesites.ws\/floresnoar\/wp-content\/uploads\/2012\/09\/logo_guia_ok1.png\" alt=\"\" width=\"233\" height=\"106\" srcset=\"https:\/\/portalfloresnoar.com\/floresnoar\/wp-content\/uploads\/2012\/09\/logo_guia_ok1.png 233w, https:\/\/portalfloresnoar.com\/floresnoar\/wp-content\/uploads\/2012\/09\/logo_guia_ok1-150x68.png 150w\" sizes=\"(max-width: 233px) 100vw, 233px\" \/><\/a> Neste dia 26 de setembro de 2012 o Flores no Ar comemora tr\u00eas anos de exist\u00eancia! E \u00e9 com a energia da Primavera, do Sol em Libra e da Lua Crescente que este Portal oferece a partir de hoje o <a href=\"http:\/\/www.portalfloresnoar.com\/guiafloresnoar\/\" target=\"_blank\">GUIA FLORES NO AR<\/a>, um cat\u00e1logo virtual que tem como proposta facilitar o encontro entre pessoas e profissionais envolvidos no cuidado com a NATUREZA e com o SER HUMANO de forma INTEGRAL.<\/p>\n<p>O Flores no Ar \u00e9 uma iniciativa da<a href=\"http:\/\/www.midialunar.com\/\" target=\"_blank\"> M\u00eddia Lunar<\/a>, institui\u00e7\u00e3o pernambucana que tem como miss\u00e3o colaborar com uma viv\u00eancia mais pac\u00edfica e saud\u00e1vel, por meio de a\u00e7\u00f5es de comunica\u00e7\u00e3o. O Flores nasceu em 2009 &#8211; ainda como um blog &#8211; a partir da necessidade de cria\u00e7\u00e3o de espa\u00e7os para divulga\u00e7\u00e3o das terapias integrativas.\u00a0A vontade de comunicar ideias e a\u00e7\u00f5es de artes, cultura de paz, educa\u00e7\u00e3o, economia solid\u00e1ria, espiritualidade, respeito \u00e0 natureza&#8230;fez com que o blog fosse crescendo, amadurecendo, florescendo!<\/p>\n<p>No dia 27 de junho passado, o blog virou um Portal, ampliando os servi\u00e7os e passando a ser atualizado diariamente. Nestes tr\u00eas meses tivemos \u00a0mais de 35 mil p\u00e1ginas visitadas e, a cada dia, s\u00e3o registrados mais e mais acessos.<\/p>\n<p>Agora, com o GUIA, queremos colaborar ainda mais com essa teia de conex\u00f5es entre os seres. Muito ainda tem para ser aprimorado neste cat\u00e1logo virtual, mas n\u00e3o pod\u00edamos deixar de aproveitar esta data comemorativa para o lan\u00e7amento. Sugest\u00f5es ser\u00e3o muito bem-vindas! Lembramos que a participa\u00e7\u00e3o no Guia \u00e9 gratuita, bastando apenas o envio das informa\u00e7\u00f5es conforme o modelo dispon\u00edvel <strong><a href=\"http:\/\/portalfloresnoar.hospedagemdesites.ws\/guiafloresnoar\/?p=305\" target=\"_blank\">aqui<\/a><\/strong>!<\/p>\n<p>Aproveitamos tamb\u00e9m este momento de anivers\u00e1rio, renascimento, para afirmar o prop\u00f3sito do Flores no Ar de compartilhar sons, textos, imagens, ideias e a\u00e7\u00f5es que alimentem nossos CORPOS e ALMAS.<\/p>\n<p>Agradecemos aos parceiros que acreditam e partilham da miss\u00e3o do Flores no Ar e que tanto fortalecem este Portal!<\/p>\n<p>E, como disse h\u00e1 tr\u00eas anos, na <a href=\"http:\/\/floresnoar-artigos.blogspot.com.br\/2009\/09\/por-uma-existencia-florida.html\" target=\"_blank\">primeira postagem do Flores no Ar<\/a>, <span style=\"color: #ff0000;\"><strong><em>Sigamos junt@s por uma exist\u00eancia mais florida!!!!!<\/em><\/strong><\/span><\/p>\n<p><em>Luciana Rabelo \u2013 editora do Portal Flores no Ar\u00a0<\/em><\/p>\n<p>&nbsp;<\/p>\n<p><img decoding=\"async\" loading=\"lazy\" class=\"aligncenter size-full wp-image-2887\" title=\"flores_cleto_ok\" src=\"http:\/\/portalfloresnoar.hospedagemdesites.ws\/floresnoar\/wp-content\/uploads\/2012\/09\/flores_cleto_ok.jpg\" alt=\"\" width=\"653\" height=\"211\" srcset=\"https:\/\/portalfloresnoar.com\/floresnoar\/wp-content\/uploads\/2012\/09\/flores_cleto_ok.jpg 653w, https:\/\/portalfloresnoar.com\/floresnoar\/wp-content\/uploads\/2012\/09\/flores_cleto_ok-300x96.jpg 300w, https:\/\/portalfloresnoar.com\/floresnoar\/wp-content\/uploads\/2012\/09\/flores_cleto_ok-150x48.jpg 150w, https:\/\/portalfloresnoar.com\/floresnoar\/wp-content\/uploads\/2012\/09\/flores_cleto_ok-400x129.jpg 400w\" sizes=\"(max-width: 653px) 100vw, 653px\" \/><\/p>\n","protected":false},"excerpt":{"rendered":"<p>Neste dia 26 de setembro de 2012 o Flores no Ar comemora tr\u00eas anos de exist\u00eancia! E \u00e9 com a energia da Primavera, do Sol em Libra e da Lua Crescente que este Portal oferece a partir de hoje o GUIA FLORES NO AR, um cat\u00e1logo virtual que tem como proposta facilitar o encontro entre [&hellip;]<\/p>\n","protected":false},"author":1,"featured_media":2880,"comment_status":"open","ping_status":"open","sticky":false,"template":"","format":"standard","meta":{"om_disable_all_campaigns":false,"_monsterinsights_skip_tracking":false,"_monsterinsights_sitenote_active":false,"_monsterinsights_sitenote_note":"","_monsterinsights_sitenote_category":0,"footnotes":""},"categories":[9],"tags":[33],"acf":[],"publishpress_future_action":{"enabled":false,"date":"1969-12-31 21:00:00","action":"","terms":[],"taxonomy":"","browser_timezone_offset":0},"_links":{"self":[{"href":"https:\/\/portalfloresnoar.com\/floresnoar\/wp-json\/wp\/v2\/posts\/2878"}],"collection":[{"href":"https:\/\/portalfloresnoar.com\/floresnoar\/wp-json\/wp\/v2\/posts"}],"about":[{"href":"https:\/\/portalfloresnoar.com\/floresnoar\/wp-json\/wp\/v2\/types\/post"}],"author":[{"embeddable":true,"href":"https:\/\/portalfloresnoar.com\/floresnoar\/wp-json\/wp\/v2\/users\/1"}],"replies":[{"embeddable":true,"href":"https:\/\/portalfloresnoar.com\/floresnoar\/wp-json\/wp\/v2\/comments?post=2878"}],"version-history":[{"count":0,"href":"https:\/\/portalfloresnoar.com\/floresnoar\/wp-json\/wp\/v2\/posts\/2878\/revisions"}],"wp:featuredmedia":[{"embeddable":true,"href":"https:\/\/portalfloresnoar.com\/floresnoar\/wp-json\/wp\/v2\/media\/2880"}],"wp:attachment":[{"href":"https:\/\/portalfloresnoar.com\/floresnoar\/wp-json\/wp\/v2\/media?parent=2878"}],"wp:term":[{"taxonomy":"category","embeddable":true,"href":"https:\/\/portalfloresnoar.com\/floresnoar\/wp-json\/wp\/v2\/categories?post=2878"},{"taxonomy":"post_tag","embeddable":true,"href":"https:\/\/portalfloresnoar.com\/floresnoar\/wp-json\/wp\/v2\/tags?post=2878"}],"curies":[{"name":"wp","href":"https:\/\/api.w.org\/{rel}","templated":true}]}}