

{"id":28741,"date":"2017-06-01T17:06:16","date_gmt":"2017-06-01T20:06:16","guid":{"rendered":"http:\/\/portalfloresnoar.com\/floresnoar\/?p=28741"},"modified":"2017-06-15T12:10:56","modified_gmt":"2017-06-15T15:10:56","slug":"agenda-pe-silencio-e-som-vivencia-iniciacao-e-sensibilizacao-musical-atraves-da-percussao-com-negro-grilo","status":"publish","type":"post","link":"https:\/\/portalfloresnoar.com\/floresnoar\/agenda-pe-silencio-e-som-vivencia-iniciacao-e-sensibilizacao-musical-atraves-da-percussao-com-negro-grilo\/","title":{"rendered":"[AGENDA PE] Sil\u00eancio e Som &#8211; Viv\u00eancia, Inicia\u00e7\u00e3o e Sensibiliza\u00e7\u00e3o Musical atrav\u00e9s da Percuss\u00e3o, com Negro Grilo"},"content":{"rendered":"<p style=\"text-align: center;\"><img decoding=\"async\" loading=\"lazy\" class=\"aligncenter wp-image-28748\" src=\"http:\/\/portalfloresnoar.com\/floresnoar\/wp-content\/uploads\/2017\/04\/negrogrilo-percussa\u0303o.jpg\" alt=\"negrogrilo percussa\u0303o\" width=\"580\" height=\"579\" srcset=\"https:\/\/portalfloresnoar.com\/floresnoar\/wp-content\/uploads\/2017\/04\/negrogrilo-percussa\u0303o.jpg 805w, https:\/\/portalfloresnoar.com\/floresnoar\/wp-content\/uploads\/2017\/04\/negrogrilo-percussa\u0303o-150x150.jpg 150w, https:\/\/portalfloresnoar.com\/floresnoar\/wp-content\/uploads\/2017\/04\/negrogrilo-percussa\u0303o-300x300.jpg 300w, https:\/\/portalfloresnoar.com\/floresnoar\/wp-content\/uploads\/2017\/04\/negrogrilo-percussa\u0303o-100x100.jpg 100w\" sizes=\"(max-width: 580px) 100vw, 580px\" \/><\/p>\n<p>Toda quarta-feira, das 19h \u00e0s 20h, na Maumau, o m\u00fasico Negro Grilo facilita as aulas do projeto &#8216;Sil\u00eancio e Som &#8211; Inicia\u00e7\u00e3o e Sensibiliza\u00e7\u00e3o Musical atrav\u00e9s da Percuss\u00e3o&#8217;. O investimento mensal \u00e9 de R$ 100,00.<\/p>\n<p>Negro Grilo \u00e9 m\u00fasico percussionista, cantor, compositor e arte educador. Teve o primeiro contato com a arte e com a m\u00fasica dentro de um terreiro de descendentes africanos chamado s\u00edtio de Pai Ad\u00e3o, que fica no bairro de \u00c1gua Fria, zona norte do Recife. Aos dez anos de idade o m\u00fasico pernambucano j\u00e1 fazia parte da banda de percuss\u00e3o mirim do s\u00edtio de Pai Ad\u00e3o. L\u00e1 teve oportunidade de aprender a tocar v\u00e1rios instrumentos percussivos em diversos ritmos musicais introduzidos no Brasil pelos escravos trazidos durante o per\u00edodo colonial.<\/p>\n<p>O acesso a esse universo de culturas ajudou a formar a base da identidade musical de Negro Grilo. Foi integrante da Banda Seu Chico, projeto coletivo de artistas pernambucanos em homenagem a um dos mais renomados compositores do Brasil: Chico Buarque de Holanda. A Banda Seu Chico tem na forma\u00e7\u00e3o artistas de peso como o pianista Vitor Ara\u00fajo e o cantor e compositor Tib\u00e9rio Azul.<\/p>\n<p>Negro Grilo \u00e9 o criador do Sil\u00eancio e Som, um projeto de viv\u00eancia, inicia\u00e7\u00e3o e sensibiliza\u00e7\u00e3o musical atrav\u00e9s da percuss\u00e3o. Utiliza a vibra\u00e7\u00e3o do tambor para trabalhar a cogni\u00e7\u00e3o, a consci\u00eancia de tens\u00e3o e relaxamento e a sensibilidade dos participantes.<\/p>\n<p>SIL\u00caNCIO E SOM \u2013 VIV\u00caNCIA, INICIA\u00c7\u00c3O E SENSIBILIZA\u00c7\u00c3O MUSICAL ATRAV\u00c9S DA PERCUSS\u00c3O com Negro Grilo<br \/>\n<strong>Quando:<\/strong> Quartas-feiras, das 19h \u00e0s 20h<br \/>\n<strong>Local:<\/strong>\u00a0Maumau \u2013 Rua Nicar\u00e1gua, 173, Espinheiro, Recife\/PE<br \/>\n<strong>Investimento:<\/strong> R$ 100,00<\/p>\n<p><strong>Mais Informa\u00e7\u00f5es:<\/strong><br \/>\nNegro Grilo: \u00a0(81) 99601-8311 | grilo.negrogrilo@gmail.com<\/p>\n","protected":false},"excerpt":{"rendered":"<p>Toda quarta-feira, das 19h \u00e0s 20h, na Maumau, o m\u00fasico Negro Grilo facilita as aulas do projeto &#8216;Sil\u00eancio e Som &#8211; Inicia\u00e7\u00e3o e Sensibiliza\u00e7\u00e3o Musical atrav\u00e9s da Percuss\u00e3o&#8217;. O investimento mensal \u00e9 de R$ 100,00. Negro Grilo \u00e9 m\u00fasico percussionista, cantor, compositor e arte educador. Teve o primeiro contato com a arte e com a [&hellip;]<\/p>\n","protected":false},"author":1,"featured_media":28749,"comment_status":"open","ping_status":"open","sticky":false,"template":"","format":"standard","meta":{"om_disable_all_campaigns":false,"_monsterinsights_skip_tracking":false,"_monsterinsights_sitenote_active":false,"_monsterinsights_sitenote_note":"","_monsterinsights_sitenote_category":0,"footnotes":""},"categories":[8,224,214],"tags":[345,31,500,304],"acf":[],"publishpress_future_action":{"enabled":false,"date":"1969-12-31 21:00:00","action":"","terms":[],"taxonomy":"","browser_timezone_offset":0},"_links":{"self":[{"href":"https:\/\/portalfloresnoar.com\/floresnoar\/wp-json\/wp\/v2\/posts\/28741"}],"collection":[{"href":"https:\/\/portalfloresnoar.com\/floresnoar\/wp-json\/wp\/v2\/posts"}],"about":[{"href":"https:\/\/portalfloresnoar.com\/floresnoar\/wp-json\/wp\/v2\/types\/post"}],"author":[{"embeddable":true,"href":"https:\/\/portalfloresnoar.com\/floresnoar\/wp-json\/wp\/v2\/users\/1"}],"replies":[{"embeddable":true,"href":"https:\/\/portalfloresnoar.com\/floresnoar\/wp-json\/wp\/v2\/comments?post=28741"}],"version-history":[{"count":0,"href":"https:\/\/portalfloresnoar.com\/floresnoar\/wp-json\/wp\/v2\/posts\/28741\/revisions"}],"wp:featuredmedia":[{"embeddable":true,"href":"https:\/\/portalfloresnoar.com\/floresnoar\/wp-json\/wp\/v2\/media\/28749"}],"wp:attachment":[{"href":"https:\/\/portalfloresnoar.com\/floresnoar\/wp-json\/wp\/v2\/media?parent=28741"}],"wp:term":[{"taxonomy":"category","embeddable":true,"href":"https:\/\/portalfloresnoar.com\/floresnoar\/wp-json\/wp\/v2\/categories?post=28741"},{"taxonomy":"post_tag","embeddable":true,"href":"https:\/\/portalfloresnoar.com\/floresnoar\/wp-json\/wp\/v2\/tags?post=28741"}],"curies":[{"name":"wp","href":"https:\/\/api.w.org\/{rel}","templated":true}]}}